{"id":166978,"date":"2025-06-11T00:52:14","date_gmt":"2025-06-11T00:52:14","guid":{"rendered":"https:\/\/www.europesays.com\/fr\/166978\/"},"modified":"2025-06-11T00:52:14","modified_gmt":"2025-06-11T00:52:14","slug":"mercato-lucas-chevalier-pose-un-ultimatum-au-psg","status":"publish","type":"post","link":"https:\/\/www.europesays.com\/fr\/166978\/","title":{"rendered":"Mercato, Lucas Chevalier pose un ultimatum au PSG"},"content":{"rendered":"<p data-testid=\"article-teaser\">Lucas Chevalier a \u00e9mis une condition sine qua non \u00e0 sa signature au PSG.<\/p>\n<p>Le Paris Saint-Germain s&rsquo;appr\u00eate \u00e0 vivre un \u00e9t\u00e9 agit\u00e9 sur le front des transferts, et un poste en particulier concentre toutes les attentions : celui de gardien de but. Alors que l\u2019incertitude plane autour de l\u2019avenir de Gianluigi Donnarumma, Lucas Chevalier, le portier du LOSC, se retrouve propuls\u00e9 au c\u0153ur des discussions. Mais l\u2019international espoir fran\u00e7ais a d\u2019ores et d\u00e9j\u00e0 pos\u00e9 ses conditions pour un \u00e9ventuel transfert dans la capitale.<\/p>\n<p><a href=\"https:\/\/dazn.prf.hn\/click\/camref:1011lG4NZ\/destination:https:\/\/www.dazn.com\/competition\/Competition:dc4k1xh2984zbypbnunk7ncic\" target=\"_blank\" class=\"affiliate-button\" rel=\"nofollow noopener\"><img loading=\"lazy\" decoding=\"async\" src=\"https:\/\/www.europesays.com\/fr\/wp-content\/uploads\/2025\/04\/DAZN.png\" width=\"72\" height=\"40\" alt=\"logo\" class=\"affiliate-logo\"\/>Regarder la Coupe du Monde des Clubs 2025 sur DAZN<\/p>\n<p>Regardez maintenant<\/p>\n<p><\/a>L&rsquo;article continue ci-dessous<\/p>\n","protected":false},"excerpt":{"rendered":"Lucas Chevalier a \u00e9mis une condition sine qua non \u00e0 sa signature au PSG. Le Paris Saint-Germain s&rsquo;appr\u00eate&hellip;\n","protected":false},"author":2,"featured_media":166979,"comment_status":"","ping_status":"","sticky":false,"template":"","format":"standard","meta":{"footnotes":""},"categories":[9],"tags":[29295,18645,28918,1011,27,30055,28965,66,1434,91,29296,60,28401],"class_list":{"0":"post-166978","1":"post","2":"type-post","3":"status-publish","4":"format-standard","5":"has-post-thumbnail","7":"category-sports","8":"tag-atletico-madrid","9":"tag-coupe-du-monde-des-clubs-fifa","10":"tag-fifa-club-world-cup","11":"tag-fr","12":"tag-france","13":"tag-g-donnarumma","14":"tag-l-chevalier","15":"tag-ligue-1","16":"tag-mercato","17":"tag-paris-saint-germain","18":"tag-paris-saint-germain-vs-atletico-madrid","19":"tag-sports","20":"tag-transfers"},"share_on_mastodon":{"url":"https:\/\/pubeurope.com\/@fr\/114661998228302779","error":""},"_links":{"self":[{"href":"https:\/\/www.europesays.com\/fr\/wp-json\/wp\/v2\/posts\/166978","targetHints":{"allow":["GET"]}}],"collection":[{"href":"https:\/\/www.europesays.com\/fr\/wp-json\/wp\/v2\/posts"}],"about":[{"href":"https:\/\/www.europesays.com\/fr\/wp-json\/wp\/v2\/types\/post"}],"author":[{"embeddable":true,"href":"https:\/\/www.europesays.com\/fr\/wp-json\/wp\/v2\/users\/2"}],"replies":[{"embeddable":true,"href":"https:\/\/www.europesays.com\/fr\/wp-json\/wp\/v2\/comments?post=166978"}],"version-history":[{"count":0,"href":"https:\/\/www.europesays.com\/fr\/wp-json\/wp\/v2\/posts\/166978\/revisions"}],"wp:featuredmedia":[{"embeddable":true,"href":"https:\/\/www.europesays.com\/fr\/wp-json\/wp\/v2\/media\/166979"}],"wp:attachment":[{"href":"https:\/\/www.europesays.com\/fr\/wp-json\/wp\/v2\/media?parent=166978"}],"wp:term":[{"taxonomy":"category","embeddable":true,"href":"https:\/\/www.europesays.com\/fr\/wp-json\/wp\/v2\/categories?post=166978"},{"taxonomy":"post_tag","embeddable":true,"href":"https:\/\/www.europesays.com\/fr\/wp-json\/wp\/v2\/tags?post=166978"}],"curies":[{"name":"wp","href":"https:\/\/api.w.org\/{rel}","templated":true}]}}