{"id":166980,"date":"2025-06-11T00:53:13","date_gmt":"2025-06-11T00:53:13","guid":{"rendered":"https:\/\/www.europesays.com\/fr\/166980\/"},"modified":"2025-06-11T00:53:13","modified_gmt":"2025-06-11T00:53:13","slug":"a-tout-juste-20-ans-la-fille-de-brad-pitt-et-angelina-jolie-serait-elle-fiancee","status":"publish","type":"post","link":"https:\/\/www.europesays.com\/fr\/166980\/","title":{"rendered":"\u00e0 tout juste 20 ans, la fille de Brad Pitt et Angelina Jolie serait-elle fianc\u00e9e ?"},"content":{"rendered":"<p>\u00c2g\u00e9e de 20 ans, Zahara, la fille a\u00een\u00e9e de Brad Pitt et Angelina Jolie, a \u00e9t\u00e9 aper\u00e7ue avec un impressionnant diamant au doigt. Il n\u2019en fallait pas plus pour d\u00e9clencher des rumeurs de fian\u00e7ailles.<\/p>\n<p class=\"fig-paragraph\">Fianc\u00e9e \u00e0 tout juste 20 ans\u00a0? Ce lundi 9 juin, la fille a\u00een\u00e9e d\u2019<a href=\"https:\/\/madame.lefigaro.fr\/tag\/angelina-jolie\" target=\"_blank\" rel=\"noopener nofollow\" data-gtm-custom-categorie=\"navigation\" data-gtm-custom-action=\"crossclick\" data-gtm-custom-label=\"Contextuel\" data-gtm-event=\"customEventSPE\">Angelina Jolie<\/a>\u00a0et\u00a0<a href=\"https:\/\/madame.lefigaro.fr\/tag\/brad-pitt\" target=\"_blank\" rel=\"noopener nofollow\" data-gtm-custom-categorie=\"navigation\" data-gtm-custom-action=\"crossclick\" data-gtm-custom-label=\"Contextuel\" data-gtm-event=\"customEventSPE\">Brad Pitt<\/a>, Zahara, a d\u00e9clench\u00e9 les rumeurs de fian\u00e7ailles apr\u00e8s avoir \u00e9t\u00e9 aper\u00e7ue en compagnie d\u2019un jeune homme. Le d\u00e9tail qui a attir\u00e9 l\u2019\u0153il des internautes\u00a0? L\u2019\u00e9norme bague en diamant port\u00e9e \u00e0 son annulaire gauche.<\/p>\n<p class=\"fig-paragraph\">Sur les photos obtenues par le magazine\u00a0<a href=\"https:\/\/pagesix.com\/2025\/06\/10\/parents\/angelina-jolie-and-brad-pitts-daughter-zahara-sparks-engagement-rumors\/\" target=\"_blank\" rel=\"nofollow noopener\" data-gtm-custom-categorie=\"navigation\" data-gtm-custom-action=\"crossclick\" data-gtm-custom-label=\"Contextuel\" data-gtm-event=\"customEventSPE\">Page Six<\/a>, la jeune \u00e9tudiante, de retour en Californie pour les cong\u00e9s d\u2019\u00e9t\u00e9, sort de l\u2019\u00e9tablissement tr\u00e8s branch\u00e9 Craig\u2019s \u00e0 Hollywood et monte en voiture, en compagnie d\u2019un jeune homme d\u2019environ son \u00e2ge pr\u00e9nomm\u00e9 Elijah Cooper. Les deux jeunes adultes semblaient particuli\u00e8rement complices.<\/p>\n<p class=\"fig-body-link&#10;    \">\n            \u00c0 lire aussi<br \/>\n        <a class=\"fig-body-link__link\" href=\"http:\/\/madame.lefigaro.fr\/celebrites\/actu-people\/zahara-jolie-a-t-elle-supprime-pitt-de-son-nom-de-famille-20231117\" data-fig-type=\"Article\" data-gtm-custom-categorie=\"navigation\" data-gtm-custom-action=\"crossclick\" data-gtm-custom-label=\"Contextuel\" data-gtm-event=\"customEventSPE\" data-fig-domain=\"MADAME\" rel=\"nofollow noopener\" target=\"_blank\">Zahara Jolie a-t-elle supprim\u00e9 \u00abPitt\u00bb de son nom de famille\u00a0?<\/a>\n<\/p>\n<p class=\"fig-paragraph\">Alors qu\u2019on a l\u2019habitude de la voir sur les tapis rouges dans des robes de soir\u00e9e emprunt\u00e9es \u00e0 sa c\u00e9l\u00e8bre m\u00e8re, Zahara est apparue ce lundi soir dans une tenue d\u00e9contract\u00e9e, v\u00eatue d\u2019une combinaison d\u00e9bardeur noire recouverte d\u2019un cardigan en tricot blanc et de sandales assorties \u00e0 sa p\u00e9dicure. Son visage \u00e9tait cach\u00e9 derri\u00e8re une casquette noire marqu\u00e9e d\u2019un \u00abA\u00bb pour l\u2019\u00e9quipe des Braves d\u2019Atlanta, ville o\u00f9 elle \u00e9tudie.<\/p>\n<p class=\"fig-paragraph\">Contact\u00e9s par Page Six, les repr\u00e9sentants d\u2019Angelina Jolie et de Brad Pitt n\u2019ont fait aucun commentaire.<\/p>\n<p>\u00c9tudiante en G\u00e9orgie<\/p>\n<p class=\"fig-paragraph\">L\u2019a\u00een\u00e9e du clan Jolie-Pitt est relativement discr\u00e8te. Seules peu d\u2019informations circulent \u00e0 son sujet\u00a0: depuis l\u2019automne 2022, elle \u00e9tudie au Spelman College, un coll\u00e8ge d\u2019arts lib\u00e9raux historiquement noir pour femmes \u00e0 Atlanta, en G\u00e9orgie.<\/p>\n<p class=\"fig-paragraph\">Elle est \u00e9galement membre de l\u2019Alpha Kappa Alpha Sorority depuis novembre 2023. Date \u00e0 laquelle un d\u00e9tail avait d\u00e9j\u00e0 fait tiquer les plus fins observateurs\u00a0: alors qu\u2019elle effectuait un discours d\u2019intronisation, la jeune femme avait demand\u00e9 \u00e0 \u00eatre appel\u00e9e Zahara Marley Jolie, effa\u00e7ant le nom de famille de son p\u00e8re et prenant clairement celui de sa m\u00e8re. Comme plusieurs enfants de la fratrie, Zahara semblerait ne plus vouloir avoir de liens avec Brad Pitt depuis le divorce de ses parents en 2016. Sa s\u0153ur\u00a0<a href=\"http:\/\/madame.lefigaro.fr\/celebrites\/actu-people\/la-fille-d-angelina-jolie-et-de-brad-pitt-change-de-nom-apres-le-divorce-de-ses-parents-20250603\" data-fig-type=\"Article\" data-gtm-custom-categorie=\"navigation\" data-gtm-custom-action=\"crossclick\" data-gtm-custom-label=\"Contextuel\" data-gtm-event=\"customEventSPE\" data-fig-domain=\"MADAME\" rel=\"nofollow noopener\" target=\"_blank\">Shiloh<\/a>\u00a0lui avait alors embo\u00eet\u00e9 le pas, abandonnant officiellement le nom de famille de son p\u00e8re.<\/p>\n","protected":false},"excerpt":{"rendered":"\u00c2g\u00e9e de 20 ans, Zahara, la fille a\u00een\u00e9e de Brad Pitt et Angelina Jolie, a \u00e9t\u00e9 aper\u00e7ue avec&hellip;\n","protected":false},"author":2,"featured_media":166981,"comment_status":"","ping_status":"","sticky":false,"template":"","format":"standard","meta":{"footnotes":""},"categories":[8],"tags":[253,2594,15216,2593,2134,972,1696,650,58,59,849,30056,638,1011,27,2173,977,873,973,974],"class_list":{"0":"post-166980","1":"post","2":"type-post","3":"status-publish","4":"format-standard","5":"has-post-thumbnail","7":"category-divertissement","8":"tag-acteur","9":"tag-actrice","10":"tag-angelina-jolie","11":"tag-artiste","12":"tag-brad-pitt","13":"tag-celebrite","14":"tag-chanteur","15":"tag-cinema","16":"tag-divertissement","17":"tag-entertainment","18":"tag-festival","19":"tag-fiancailles","20":"tag-figaro","21":"tag-fr","22":"tag-france","23":"tag-interview","24":"tag-madame","25":"tag-musique","26":"tag-people","27":"tag-star"},"share_on_mastodon":{"url":"https:\/\/pubeurope.com\/@fr\/114662002140578788","error":""},"_links":{"self":[{"href":"https:\/\/www.europesays.com\/fr\/wp-json\/wp\/v2\/posts\/166980","targetHints":{"allow":["GET"]}}],"collection":[{"href":"https:\/\/www.europesays.com\/fr\/wp-json\/wp\/v2\/posts"}],"about":[{"href":"https:\/\/www.europesays.com\/fr\/wp-json\/wp\/v2\/types\/post"}],"author":[{"embeddable":true,"href":"https:\/\/www.europesays.com\/fr\/wp-json\/wp\/v2\/users\/2"}],"replies":[{"embeddable":true,"href":"https:\/\/www.europesays.com\/fr\/wp-json\/wp\/v2\/comments?post=166980"}],"version-history":[{"count":0,"href":"https:\/\/www.europesays.com\/fr\/wp-json\/wp\/v2\/posts\/166980\/revisions"}],"wp:featuredmedia":[{"embeddable":true,"href":"https:\/\/www.europesays.com\/fr\/wp-json\/wp\/v2\/media\/166981"}],"wp:attachment":[{"href":"https:\/\/www.europesays.com\/fr\/wp-json\/wp\/v2\/media?parent=166980"}],"wp:term":[{"taxonomy":"category","embeddable":true,"href":"https:\/\/www.europesays.com\/fr\/wp-json\/wp\/v2\/categories?post=166980"},{"taxonomy":"post_tag","embeddable":true,"href":"https:\/\/www.europesays.com\/fr\/wp-json\/wp\/v2\/tags?post=166980"}],"curies":[{"name":"wp","href":"https:\/\/api.w.org\/{rel}","templated":true}]}}