{"id":166982,"date":"2025-06-11T00:54:09","date_gmt":"2025-06-11T00:54:09","guid":{"rendered":"https:\/\/www.europesays.com\/fr\/166982\/"},"modified":"2025-06-11T00:54:09","modified_gmt":"2025-06-11T00:54:09","slug":"fable-grand-absent-du-xbox-games-showcase-interroge-un-enieme-report-a-prevoir-fable","status":"publish","type":"post","link":"https:\/\/www.europesays.com\/fr\/166982\/","title":{"rendered":"Fable, grand absent du Xbox Games Showcase, interroge : un \u00e9ni\u00e8me report \u00e0 pr\u00e9voir ? &#8211; Fable"},"content":{"rendered":"<p>                                                                                Annonc\u00e9 en 2020, <strong>le reboot de la saga\u00a0<a rel=\"noopener nofollow\" target=\"_blank\" href=\"https:\/\/gamewave.fr\/fable\/\">Fable<\/a> a mis du temps avant de refaire parler de lui<\/strong>. Il aura fallu attendre 2023 pour une nouvelle bande-annonce, et 2024 pour une fen\u00eatre de sortie, 2025, avant que celle-ci ne soit <a rel=\"noopener nofollow\" target=\"_blank\" href=\"https:\/\/gamewave.fr\/fable\/fable-est-encore-reporte\/\">discr\u00e8tement repouss\u00e9e \u00e0 2026 par Microsoft<\/a>. Mais en l&rsquo;absence de nouvelles informations \u00e0 l&rsquo;occasion de la conf\u00e9rence majeure de Xbox, <strong>un report est craint par une partie des joueurs<\/strong>.Une sortie plus tardive qu&rsquo;esp\u00e9r\u00e9e ?<br \/>\nPr\u00e9vu pour sortir sur PC et Xbox Series X en <strong>2026<\/strong>, le prochain \u00e9pisode de Fable semble prendre plus de temps que pr\u00e9vu. L&rsquo;absence du jeu lors du r\u00e9cent\u00a0<a rel=\"noopener nofollow\" target=\"_blank\" href=\"https:\/\/gamewave.fr\/actualites\/xbox-games-showcase-2025-toutes-les-annonces-majeures-a-retenir\/\">Xbox Games Showcase<\/a> laisse en effet pr\u00e9sager une sortie plut\u00f4t dans la seconde moiti\u00e9 de l&rsquo;ann\u00e9e, voire en toute fin d&rsquo;ann\u00e9e, plut\u00f4t que dans les premiers mois de 2026 comme certains l&rsquo;esp\u00e9raient. <\/p>\n<p><img decoding=\"async\" data-action=\"zoom\" class=\"lazy\" src=\"\/static\/images\/medias\/upload\/Corentin\/Fable\/fable1.jpg\" alt=\"fable1\"\/><br \/>Cette d\u00e9duction est simple : si Microsoft avait pr\u00e9vu de lancer Fable au premier semestre, l&rsquo;\u00e9v\u00e9nement aurait constitu\u00e9 l&rsquo;occasion parfaite pour en d\u00e9voiler davantage. Sans forc\u00e9ment avec une date de sortie, mais une nouvelle bande-annonce, pour rappel que le titre arrive.<\/p>\n<p>Une pr\u00e9sentation pr\u00e9vue pour 2026 ?<br \/>\nCompte tenu de l&rsquo;importance strat\u00e9gique que repr\u00e9sente Fable, <strong>Microsoft r\u00e9servera certainement une pr\u00e9sentation spectaculaire lors du prochain Xbox Games Showcase<\/strong>, qui aura lieu en juin 2026. Il est peu probable que la firme am\u00e9ricaine choisisse un autre moment que cet \u00e9v\u00e9nement annuel majeur pour lancer sa campagne marketing, \u00e0 moins qu&rsquo;une conf\u00e9rence d\u00e9di\u00e9e soit programm\u00e9e. <\/p>\n<p>D\u00e8s lors, la fen\u00eatre r\u00e9aliste la plus probable pour la sortie du jeu se situe entre fin du troisi\u00e8me trimestre et, plus vraisemblablement, au cours du quatri\u00e8me trimestre. Le fait que GTA 6 sorte en mai 2026 pourrait aussi faire r\u00e9fl\u00e9chir les \u00e9quipes, pour mettre toutes les chances de son c\u00f4t\u00e9.<\/p>\n<p><img decoding=\"async\" data-action=\"zoom\" class=\"lazy\" src=\"\/static\/images\/medias\/upload\/Corentin\/Fable\/fable2.jpg\" alt=\"fable2\"\/><br \/>&#13;\n<\/p>\n<p>Des inqui\u00e9tudes sur un potentiel retard<br \/>\nCette absence suscite \u00e9galement des sp\u00e9culations <strong>quant \u00e0 un \u00e9ventuel report jusqu&rsquo;en 2027<\/strong>, une crainte renforc\u00e9e par le pass\u00e9 mouvement\u00e9 du d\u00e9veloppement du jeu. Initialement pr\u00e9vu pour 2025 et en d\u00e9veloppement depuis au moins 2018, <strong>Fable a d\u00e9j\u00e0 subi un report significatif<\/strong>. <\/p>\n<p>Toutefois, repousser le jeu jusqu&rsquo;\u00e0 2027 semble peu probable \u00e0 ce stade, m\u00eame si cette \u00e9ventualit\u00e9 ne peut \u00eatre totalement exclue. Le jeu b\u00e9n\u00e9ficie donc toujours d&rsquo;une marge confortable pour sortir \u00e0 temps, malgr\u00e9 les inqui\u00e9tudes grandissantes des joueurs.<\/p>\n<p>Les fans de Fable devront donc s&rsquo;armer de patience avant d&rsquo;obtenir de nouvelles informations officielles. L&rsquo;absence remarqu\u00e9e lors du dernier \u00e9v\u00e9nement majeur de Xbox constitue une d\u00e9ception pour beaucoup. Reste d\u00e9sormais \u00e0 surveiller de pr\u00e8s les prochaines annonces de Microsoft, qui devrait lever le voile sur le destin pr\u00e9cis de cette aventure embl\u00e9matique.\n                                                                                                                    <\/p>\n","protected":false},"excerpt":{"rendered":"Annonc\u00e9 en 2020, le reboot de la saga\u00a0Fable a mis du temps avant de refaire parler de lui.&hellip;\n","protected":false},"author":2,"featured_media":166983,"comment_status":"","ping_status":"","sticky":false,"template":"","format":"standard","meta":{"footnotes":""},"categories":[7],"tags":[1011,27,43,40,41,39,42,44],"class_list":{"0":"post-166982","1":"post","2":"type-post","3":"status-publish","4":"format-standard","5":"has-post-thumbnail","7":"category-sciences-et-technologies","8":"tag-fr","9":"tag-france","10":"tag-science","11":"tag-science-and-technology","12":"tag-sciences","13":"tag-sciences-et-technologies","14":"tag-technologies","15":"tag-technology"},"share_on_mastodon":{"url":"https:\/\/pubeurope.com\/@fr\/114662006146963892","error":""},"_links":{"self":[{"href":"https:\/\/www.europesays.com\/fr\/wp-json\/wp\/v2\/posts\/166982","targetHints":{"allow":["GET"]}}],"collection":[{"href":"https:\/\/www.europesays.com\/fr\/wp-json\/wp\/v2\/posts"}],"about":[{"href":"https:\/\/www.europesays.com\/fr\/wp-json\/wp\/v2\/types\/post"}],"author":[{"embeddable":true,"href":"https:\/\/www.europesays.com\/fr\/wp-json\/wp\/v2\/users\/2"}],"replies":[{"embeddable":true,"href":"https:\/\/www.europesays.com\/fr\/wp-json\/wp\/v2\/comments?post=166982"}],"version-history":[{"count":0,"href":"https:\/\/www.europesays.com\/fr\/wp-json\/wp\/v2\/posts\/166982\/revisions"}],"wp:featuredmedia":[{"embeddable":true,"href":"https:\/\/www.europesays.com\/fr\/wp-json\/wp\/v2\/media\/166983"}],"wp:attachment":[{"href":"https:\/\/www.europesays.com\/fr\/wp-json\/wp\/v2\/media?parent=166982"}],"wp:term":[{"taxonomy":"category","embeddable":true,"href":"https:\/\/www.europesays.com\/fr\/wp-json\/wp\/v2\/categories?post=166982"},{"taxonomy":"post_tag","embeddable":true,"href":"https:\/\/www.europesays.com\/fr\/wp-json\/wp\/v2\/tags?post=166982"}],"curies":[{"name":"wp","href":"https:\/\/api.w.org\/{rel}","templated":true}]}}