{"id":166988,"date":"2025-06-11T00:58:10","date_gmt":"2025-06-11T00:58:10","guid":{"rendered":"https:\/\/www.europesays.com\/fr\/166988\/"},"modified":"2025-06-11T00:58:10","modified_gmt":"2025-06-11T00:58:10","slug":"un-eleve-francais-de-17-ans-parmi-les-victimes-de-la-tuerie-dans-un-lycee","status":"publish","type":"post","link":"https:\/\/www.europesays.com\/fr\/166988\/","title":{"rendered":"un \u00e9l\u00e8ve fran\u00e7ais de 17 ans parmi les victimes de la tuerie dans un lyc\u00e9e"},"content":{"rendered":"<p class=\"article-p mdl\">Un Fran\u00e7ais de 17 ans a \u00e9t\u00e9 tu\u00e9 mardi lors de l&rsquo;attaque par armes \u00e0 feu perp\u00e9tr\u00e9e par un ancien \u00e9l\u00e8ve dans un \u00e9tablissement scolaire de la ville de Graz en Autriche. \u00ab\u00a0<strong>Mon fils fait partie des victimes.<\/strong> La police est venue pour nous en informer\u00a0\u00bb, a-t-il d\u00e9clar\u00e9 \u00e0 l&rsquo;AFP, souhaitant rester anonyme.<\/p>\n<p class=\"article-p mdl\">L&rsquo;assaillant de 21 ans\u00a0<a class=\"link\" href=\"https:\/\/www.rtl.fr\/actu\/international\/autriche-une-attaque-dans-une-ecole-fait-plusieurs-morts-7900513873\" title=\"Autriche : au moins 10 morts dans l&#039;attaque d&#039;une \u00e9cole\" target=\"_blank\" rel=\"noopener\">a tu\u00e9 dix personnes avant de se suicider<\/a>, un drame sans pr\u00e9c\u00e9dent dans le pays qui a d\u00e9cr\u00e9t\u00e9 t<strong>rois jours de deuil national<\/strong>. Les autorit\u00e9s ont fait \u00e9tat dans un premier temps d&rsquo;un bilan de neuf morts et de douze bless\u00e9s, dont certains gri\u00e8vement. Puis le d\u00e9c\u00e8s d&rsquo;une femme \u00e0 l&rsquo;h\u00f4pital des suites de ses blessures a \u00e9t\u00e9 annonc\u00e9 en fin d&rsquo;apr\u00e8s-midi.<\/p>\n<p class=\"article-p mdl\">Parmi les victimes figurent sept personnes de sexe f\u00e9minin et trois de sexe masculin. Leur \u00e2ge n&rsquo;a pas \u00e9t\u00e9 pr\u00e9cis\u00e9. L&rsquo;auteur pr\u00e9sum\u00e9 a agi seul <strong>et s&rsquo;est donn\u00e9 la mort dans les toilettes<\/strong>, selon la police, qui s&rsquo;est refus\u00e9e \u00e0 toute sp\u00e9culation sur son mobile \u00e0 ce stade ou sur le d\u00e9roul\u00e9 des \u00e9v\u00e9nements.\u00a0<\/p>\n<p class=\"article-p mdl\">Le jeune homme, un Autrichien de 21 ans originaire de la r\u00e9gion, a utilis\u00e9 pour commettre l&rsquo;attaque <strong>un fusil et une arme de poing qu&rsquo;il d\u00e9tenait l\u00e9galement<\/strong>. Il avait \u00e9t\u00e9 scolaris\u00e9 dans cet \u00e9tablissement secondaire accueillant environ 400 jeunes de 14 \u00e0 18 ans, mais n&rsquo;avait pas termin\u00e9 son cursus.\u00a0<\/p>\n<p class=\"article-p mdl\">Le chancelier Christian Stocker, arriv\u00e9 sur place, a d\u00e9plor\u00e9 <strong>\u00ab\u00a0une trag\u00e9die nationale\u00a0\u00bb<\/strong>. \u00ab\u00a0C&rsquo;est un jour sombre\u00a0\u00bb, a-t-il dit devant la presse en annon\u00e7ant un deuil national de trois jours. Une minute de silence doit \u00eatre observ\u00e9e dans tout le pays mercredi 11 juin.<\/p>\n<p>    La r\u00e9daction vous recommande<\/p>\n<p class=\"s-newsletter__title\">\n                L\u2019actualit\u00e9 par la r\u00e9daction de RTL dans votre bo\u00eete mail.\n            <\/p>\n<p class=\"s-newsletter__subtitle\">\n                Gr\u00e2ce \u00e0 votre compte RTL abonnez-vous \u00e0 la newsletter RTL info pour suivre toute l&rsquo;actualit\u00e9 au quotidien\n            <\/p>\n<p>\n                                    Lire la suite\n                                <\/p>\n","protected":false},"excerpt":{"rendered":"Un Fran\u00e7ais de 17 ans a \u00e9t\u00e9 tu\u00e9 mardi lors de l&rsquo;attaque par armes \u00e0 feu perp\u00e9tr\u00e9e par&hellip;\n","protected":false},"author":2,"featured_media":166989,"comment_status":"","ping_status":"","sticky":false,"template":"","format":"standard","meta":{"footnotes":""},"categories":[2],"tags":[11,898,13989,107,1011,27,28152,12,1072],"class_list":{"0":"post-166988","1":"post","2":"type-post","3":"status-publish","4":"format-standard","5":"has-post-thumbnail","7":"category-actualites","8":"tag-actualites","9":"tag-alerte","10":"tag-autriche","11":"tag-fil-info","12":"tag-fr","13":"tag-france","14":"tag-meurtres","15":"tag-news","16":"tag-police"},"share_on_mastodon":{"url":"https:\/\/pubeurope.com\/@fr\/114662021738450194","error":""},"_links":{"self":[{"href":"https:\/\/www.europesays.com\/fr\/wp-json\/wp\/v2\/posts\/166988","targetHints":{"allow":["GET"]}}],"collection":[{"href":"https:\/\/www.europesays.com\/fr\/wp-json\/wp\/v2\/posts"}],"about":[{"href":"https:\/\/www.europesays.com\/fr\/wp-json\/wp\/v2\/types\/post"}],"author":[{"embeddable":true,"href":"https:\/\/www.europesays.com\/fr\/wp-json\/wp\/v2\/users\/2"}],"replies":[{"embeddable":true,"href":"https:\/\/www.europesays.com\/fr\/wp-json\/wp\/v2\/comments?post=166988"}],"version-history":[{"count":0,"href":"https:\/\/www.europesays.com\/fr\/wp-json\/wp\/v2\/posts\/166988\/revisions"}],"wp:featuredmedia":[{"embeddable":true,"href":"https:\/\/www.europesays.com\/fr\/wp-json\/wp\/v2\/media\/166989"}],"wp:attachment":[{"href":"https:\/\/www.europesays.com\/fr\/wp-json\/wp\/v2\/media?parent=166988"}],"wp:term":[{"taxonomy":"category","embeddable":true,"href":"https:\/\/www.europesays.com\/fr\/wp-json\/wp\/v2\/categories?post=166988"},{"taxonomy":"post_tag","embeddable":true,"href":"https:\/\/www.europesays.com\/fr\/wp-json\/wp\/v2\/tags?post=166988"}],"curies":[{"name":"wp","href":"https:\/\/api.w.org\/{rel}","templated":true}]}}