{"id":167008,"date":"2025-06-11T01:15:18","date_gmt":"2025-06-11T01:15:18","guid":{"rendered":"https:\/\/www.europesays.com\/fr\/167008\/"},"modified":"2025-06-11T01:15:18","modified_gmt":"2025-06-11T01:15:18","slug":"dimanche-un-festival-donne-la-parole-aux-strasbourgeoises","status":"publish","type":"post","link":"https:\/\/www.europesays.com\/fr\/167008\/","title":{"rendered":"dimanche, un festival donne la parole aux Strasbourgeois(es) !"},"content":{"rendered":"<p><b>\u00ab Impossible n\u2019est pas fran\u00e7ais \u00bb, aurait dit Napol\u00e9on Ier. Dimanche, l\u2019impossible ne sera pas non plus \u00ab strasbourgeois \u00bb ou m\u00eame \u00ab citoyen \u00bb, avec le retour du Festival des Possibles, une <strong>f\u00eate de la participation citoyenne strasbourgeoise. <\/strong>Animations pour tous les \u00e2ges, ateliers, spectacles, concerts, d\u00e9bats et rencontres\u00a0: le 15 juin, \u00e0 Cronenbourg, tout sera aussi gratuit que possible.<\/b><\/p>\n<p>Apr\u00e8s avoir r\u00e9uni<b> 1 800 personnes \u00e0 la Montagne Verte en 2023<\/b>, et un millier d\u2019autres (malgr\u00e9 la pluie) <b>au Port du Rhin l\u2019an pass\u00e9<\/b>, cette ann\u00e9e, le Festival des Possibles s\u2019installera dans un autre quartier strasbourgeois le temps d\u2019une journ\u00e9e : <b>Cronenbourg<\/b>.<\/p>\n<p>    <img width=\"800\" height=\"532\" src=\"https:\/\/www.europesays.com\/fr\/wp-content\/uploads\/2025\/06\/alban-hefti-strasbourg-eurometropole-capture-decran-800x532.jpg\" class=\"attachment-image-size-L size-image-size-L\" alt=\"Festival des Possibles\" decoding=\"async\" loading=\"lazy\"  \/>         Festival des Possibles (2024). \u00a9 Alban Hefti &#8211; Strasbourg Eurom\u00e9tropole \/ Capture d\u2019\u00e9cran <\/p>\n<p><b>Ce dimanche 15 juin<\/b>, c\u2019est un univers des possibles qui s\u2019y ouvrira. Sur la place de Haldenbourg (face au CNRS) s\u2019y tiendra la nouvelle \u00e9dition du<b> Festival des Possibles<\/b>, un \u00e9v\u00e9nement <b>festif et participatif<\/b> consacr\u00e9 \u00ab\u00a0au <b>d\u00e9veloppement de la participation citoyenne<\/b>, et \u00e0 la <b>mise en valeur des initiatives des habitant(e)s<\/b>\u00a0\u00bb.<\/p>\n<p>L\u2019objectif : permettre un temps de rencontre entre les porteurs\/ses de projets participatifs issu(e)s de tous les quartiers, et les curieux\/ses de tout \u00e2ge, <strong>en donnant<\/strong><b> la parole aux Strasbourgeois(es). Et donc \u00e0 toi aussi !<\/b><\/p>\n<p>Un programme pour tous les \u00e2ges<\/p>\n<p><b>Toute la journ\u00e9e, de 11h \u00e0 20h<\/b>, le Festival des Possibles nous d\u00e9roulera un programme riche, avec de<b> nombreuses animations pour tous les \u00e2ges<\/b>.<\/p>\n<p>On y retrouvera des<b> spectacles de danse<\/b> (Mistral Est, danses traditionnelles d\u2019Afrique de l\u2019Ouest, etc.), un <b>bal folk<\/b>, <b>des concerts <\/b>(la fanfare FEIS, par exemple)<b>, des jeux en bois g\u00e9ants<\/b>\u2026 Et m\u00eame un <b>karaok\u00e9 dans\u00e9<\/b>.<\/p>\n<p>                <img width=\"752\" height=\"500\" src=\"https:\/\/www.europesays.com\/fr\/wp-content\/uploads\/2025\/06\/festival-des-possibles-3-752x500.jpg\" class=\"attachment-gallery size-gallery\" alt=\"Festival des possibles\" data-full-url=\"https:\/\/pokaa.fr\/wp-content\/uploads\/2024\/05\/28\/festival-des-possibles-3.jpg\" decoding=\"async\" loading=\"lazy\"  \/>            <\/p>\n<p>                <img width=\"752\" height=\"500\" src=\"https:\/\/www.europesays.com\/fr\/wp-content\/uploads\/2025\/06\/festival-des-possibles-2-752x500.jpg\" class=\"attachment-gallery size-gallery\" alt=\"Festival des possibles\" data-full-url=\"https:\/\/pokaa.fr\/wp-content\/uploads\/2024\/05\/28\/festival-des-possibles-2.jpg\" decoding=\"async\" loading=\"lazy\"  \/>            <\/p>\n<p>                <img width=\"752\" height=\"500\" src=\"https:\/\/www.europesays.com\/fr\/wp-content\/uploads\/2025\/06\/alban-hefti-strasbourg-eurometropole-capture-decran-2024-752x500.jpg\" class=\"attachment-gallery size-gallery\" alt=\"Festival des Possibles\" data-full-url=\"https:\/\/pokaa.fr\/wp-content\/uploads\/2025\/06\/09\/alban-hefti-strasbourg-eurometropole-capture-decran-2024.jpg\" decoding=\"async\" loading=\"lazy\"  \/>            <\/p>\n<p>                    Le Festival des Possibles. \u00a9 Alban Hefti &#8211; Strasbourg Eurom\u00e9tropole \/ Captures d\u2019\u00e9cran<\/p>\n<p><strong>Petit(e)s et grand(e)s pourront aussi s\u2019arr\u00eater aupr\u00e8s de<\/strong><strong> stands<\/strong> <b>interactifs <\/b>ou s\u2019inscrire \u00e0 <b>des ateliers cr\u00e9atifs <\/b>(d\u2019auto-r\u00e9paration de v\u00e9lo, d\u2019\u00e9criture, d\u2019origami, des fresques participatives, etc.). Ou partir suivre <b>des visites guid\u00e9es dans Cronenbourg<\/b>.<\/p>\n<p><b>Des expos en plein air retraceront les initiatives citoyennes<\/b> qui font vivre notre ville (projets d\u2019habitant(e)s, associations ou services de la Ville)\u00a0; et une <strong>restauration associative<\/strong> permettra de se retrouver autour d\u2019un bon repas, tout en soutenant nos assos locales.<\/p>\n<p>    <img width=\"800\" height=\"532\" src=\"https:\/\/www.europesays.com\/fr\/wp-content\/uploads\/2025\/06\/2023-alban-hefti-strasbourg-eurometropole-capture-decran-800x532.jpg\" class=\"attachment-image-size-L size-image-size-L\" alt=\"Festival des Possibles\" decoding=\"async\" loading=\"lazy\"  \/>         Festival des Possibles (2023). \u00a9 Alban Hefti &#8211; Strasbourg Eurom\u00e9tropole \/ Document remis <\/p>\n<p><b>Un programme<\/b> con\u00e7u avec les <b>\u00ab\u00a0les forces vives locales et associatives de la Ville\u00a0\u00bb<\/b>. D\u2019ailleurs, des acteurs\/rices d\u2019ici (assos, conseil citoyen, Centre socio-culturel, assembl\u00e9e de quartier, riverain(e)s, tiers-lieux, etc.) sont impliqu\u00e9(e)s dans l\u2019organisation de l\u2019\u00e9v\u00e9nement en lui-m\u00eame et dans les animations.<\/p>\n<p>Parmi les nombreux th\u00e8mes abord\u00e9s, le Festival des Possibles parlera d\u2019\u00e9cologie, de biodiversit\u00e9 en ville, de sant\u00e9, d\u2019inclusivit\u00e9 et d\u2019interculturalit\u00e9.<\/p>\n<p>    <img width=\"800\" height=\"532\" src=\"https:\/\/www.europesays.com\/fr\/wp-content\/uploads\/2025\/06\/festival-des-possibles-1-800x532.jpg\" class=\"attachment-image-size-L size-image-size-L\" alt=\"Festival des possibles\" decoding=\"async\" loading=\"lazy\"  \/>         \u00a9 Alban Hefti &#8211; Strasbourg Eurom\u00e9tropole \/ Document remis <\/p>\n<p>\u00ab La parole aux Strasbourgeois(es) \u00bb\u00a0: rendez-vous \u00e0 l&rsquo;agora<\/p>\n<p>Pour donner \u00ab la parole aux Strasbourgeois(es) \u00bb, le Festival des Possibles mettra en place<b> des temps d\u2019\u00e9changes<\/b> et am\u00e9nagera <b>une agora<\/b>.<\/p>\n<p>Celle-ci accueillera aussi bien des<b> retours d\u2019exp\u00e9rience<\/b>, des<b> d\u00e9bats mouvants<\/b>, que de l\u2019<b>improvisation th\u00e9\u00e2trale <\/b>(avec la Lolita) ou <b>une cri\u00e9e publique<\/b>.<\/p>\n<p>    <img width=\"800\" height=\"532\" src=\"https:\/\/www.europesays.com\/fr\/wp-content\/uploads\/2025\/06\/lolita-alban-hefti-strasbourg-eurometropole-capture-decran-800x532.jpg\" class=\"attachment-image-size-L size-image-size-L\" alt=\"festival des possibles\" decoding=\"async\" loading=\"lazy\"  \/>         La Lolita au Festival des Possibles (2024). \u00a9 Alban Hefti &#8211; Strasbourg Eurom\u00e9tropole \/ Capture d\u2019\u00e9cran <\/p>\n<p>Parmi les rendez-vous attendus\u00a0: <b>la conf\u00e9rence-d\u00e9bat \u00ab\u00a0Libert\u00e9 \u00c9galit\u00e9 Actualit\u00e9\u00a0: quel r\u00f4le des m\u00e9dias dans la d\u00e9mocratie en 2025\u00a0?\u00a0\u00bb<\/b> (\u00e0 17h).<\/p>\n<p>Celle-ci sera <b>anim\u00e9e par la journaliste Marine Dumeny et Carole Zielinsky, adjointe \u00e0 la maire<\/b>. Elles s\u2019entoureront pour cette rencontre de <b>Jacques Trentesaux <\/b>(cofondateur de M\u00e9diaCit\u00e9s), des journalistes locaux <b>Nicolas Kaspar<\/b> (Pokaa) et<b> Guillaume Krempp <\/b>(Rue89), ainsi que d\u2019<b>Aude Favre<\/b> (cofondatrice Citizen Facts et What the Fake).<\/p>\n<p>Pour partager ta propre opinion, entendre celles des autres et imaginer tous les possibles \u00e0 plusieurs, rendez-vous ce dimanche de 11h \u00e0 20h, sur la place de Haldenbourg, quartier Cronenbourg\u00a0!<\/p>\n<p>    <img width=\"800\" height=\"532\" src=\"https:\/\/www.europesays.com\/fr\/wp-content\/uploads\/2025\/06\/festival-des-possibles-5-800x532.jpg\" class=\"attachment-image-size-L size-image-size-L\" alt=\"Festival des possibles\" decoding=\"async\" loading=\"lazy\"  \/>         \u00a9 Alban Hefti &#8211; Strasbourg Eurom\u00e9tropole \/ Capture d\u2019\u00e9cran <\/p>\n<p>            Le Festival des Possibles<\/p>\n<p>            Quoi ? <\/p>\n<p>F\u00eate de la participation citoyenne strasbourgeoise : animations (spectacles de danse, concerts, ateliers cr\u00e9atifs, jeux en bois g\u00e9ants, ateliers pour les enfants), stands interactifs, expositions, agora, restauration associative.<\/p>\n<p>                Quand ?<\/p>\n<p>Dimanche 15 juin, de 11h \u00e0 20h<\/p>\n<p>            o\u00f9 ?<\/p>\n<p>Sur la place de Haldenbourg, quartier Cronenbourg \u00e0 Strasbourg<\/p>\n<p>                Plus d&rsquo;infos ?<\/p>\n<p><a href=\"https:\/\/participer.strasbourg.eu\/festival-des-possibles\" target=\"_blank\" rel=\"noopener\">Infos et programme<\/a><br \/>Gratuit<br \/>Accueil d\u2019enfants (d\u00e8s 3 ans) gratuit pr\u00e9vu toute la journ\u00e9e<\/p>\n","protected":false},"excerpt":{"rendered":"\u00ab Impossible n\u2019est pas fran\u00e7ais \u00bb, aurait dit Napol\u00e9on Ier. Dimanche, l\u2019impossible ne sera pas non plus \u00ab&hellip;\n","protected":false},"author":2,"featured_media":167009,"comment_status":"","ping_status":"","sticky":false,"template":"","format":"standard","meta":{"footnotes":""},"categories":[2820],"tags":[1111,11,4763,12365,15964,30061,1777,674,652,30062,1011,27,775,326,12,3907,25,640,4064],"class_list":{"0":"post-167008","1":"post","2":"type-post","3":"status-publish","4":"format-standard","5":"has-post-thumbnail","7":"category-strasbourg","8":"tag-actu","9":"tag-actualites","10":"tag-agenda","11":"tag-associatif","12":"tag-citoyennete","13":"tag-cronenbourg","14":"tag-eu","15":"tag-europe","16":"tag-famille","17":"tag-festival-des-possibles","18":"tag-fr","19":"tag-france","20":"tag-grand-est","21":"tag-gratuit","22":"tag-news","23":"tag-que-faire","24":"tag-republique-francaise","25":"tag-strasbourg","26":"tag-week-end"},"share_on_mastodon":{"url":"https:\/\/pubeurope.com\/@fr\/114662088971255982","error":""},"_links":{"self":[{"href":"https:\/\/www.europesays.com\/fr\/wp-json\/wp\/v2\/posts\/167008","targetHints":{"allow":["GET"]}}],"collection":[{"href":"https:\/\/www.europesays.com\/fr\/wp-json\/wp\/v2\/posts"}],"about":[{"href":"https:\/\/www.europesays.com\/fr\/wp-json\/wp\/v2\/types\/post"}],"author":[{"embeddable":true,"href":"https:\/\/www.europesays.com\/fr\/wp-json\/wp\/v2\/users\/2"}],"replies":[{"embeddable":true,"href":"https:\/\/www.europesays.com\/fr\/wp-json\/wp\/v2\/comments?post=167008"}],"version-history":[{"count":0,"href":"https:\/\/www.europesays.com\/fr\/wp-json\/wp\/v2\/posts\/167008\/revisions"}],"wp:featuredmedia":[{"embeddable":true,"href":"https:\/\/www.europesays.com\/fr\/wp-json\/wp\/v2\/media\/167009"}],"wp:attachment":[{"href":"https:\/\/www.europesays.com\/fr\/wp-json\/wp\/v2\/media?parent=167008"}],"wp:term":[{"taxonomy":"category","embeddable":true,"href":"https:\/\/www.europesays.com\/fr\/wp-json\/wp\/v2\/categories?post=167008"},{"taxonomy":"post_tag","embeddable":true,"href":"https:\/\/www.europesays.com\/fr\/wp-json\/wp\/v2\/tags?post=167008"}],"curies":[{"name":"wp","href":"https:\/\/api.w.org\/{rel}","templated":true}]}}