{"id":167020,"date":"2025-06-11T01:21:11","date_gmt":"2025-06-11T01:21:11","guid":{"rendered":"https:\/\/www.europesays.com\/fr\/167020\/"},"modified":"2025-06-11T01:21:11","modified_gmt":"2025-06-11T01:21:11","slug":"la-circulation-sur-la-rocade-de-bordeaux-perturbee-pendant-trois-nuits-ces-cinq-portions-concernees","status":"publish","type":"post","link":"https:\/\/www.europesays.com\/fr\/167020\/","title":{"rendered":"La circulation sur la rocade de Bordeaux perturb\u00e9e pendant trois nuits : ces cinq portions concern\u00e9es"},"content":{"rendered":"<p>            Par<br \/>\n        <strong><br \/>\n            <a href=\"https:\/\/actu.fr\/auteur\/juliette-cardinale\" title=\"Consulter tous les articles de Juliette Cardinale\" target=\"_blank\" rel=\"noopener\">Juliette Cardinale<\/a><br \/>\n        <\/strong><\/p>\n<p>        Publi\u00e9 le<\/p>\n<p>            10 juin 2025 \u00e0 15h58        <\/p>\n<p>Attention si vous circulez de nuit <a href=\"https:\/\/actu.fr\/bordeaux\/\" target=\"_blank\" rel=\"noopener\">\u00e0 Bordeaux.<\/a>\u00a0Des <strong>travaux<\/strong> vont perturber et interrompre la circulation sur la <a href=\"https:\/\/actu.fr\/tag\/rocade-de-bordeaux\" target=\"_blank\" rel=\"noopener\">rocade int\u00e9rieure,<\/a> du mardi\u00a010 au jeudi 12\u00a0juin 2025. Attention, les <strong>portions concern\u00e9es changent chaque soir.<\/strong> On fait le point pour \u00e9viter les mauvaises surprises.<\/p>\n<p>Les fermetures de la rocade<\/p>\n<p class=\" wall-content\">Toutes ces fermetures ont lieu <strong>sur la rocade int\u00e9rieure de Bordeaux,<\/strong> la nuit \u00e0 partir de <strong>21h et jusqu\u2019\u00e0 6h <\/strong>du matin (sauf intemp\u00e9ries).<\/p>\n<ul class=\" wall-content\">\n<li>Mardi 10\u00a0juin\u2009: entre les \u00e9changeurs <strong>17 (Talence -Thouars) et 15 (Noeud A630\/A63),<\/strong> et entre les \u00e9changeurs<strong> 7 (Eysines \u2013 Le Vigean) et 5 (ZI Bruges),<\/strong><\/li>\n<li>Mercredi 11\u00a0juin\u2009: entre les \u00e9changeurs <strong>15 (A630\/A63) et 13 (Pessac \u2013 Alouette)<\/strong> et les \u00e9changeurs <strong>5 (ZI Bruges) et 4 (PS Labarde),<\/strong><\/li>\n<li>Jeudi 12\u00a0juin\u2009: entre les \u00e9changeurs <strong>13 (Pessac \u2013 Alouette) et 11 (M\u00e9rignac \u2013 A\u00e9roport).<\/strong><\/li>\n<\/ul>\n<p class=\" wall-content\">Les usagers sont <strong>d\u00e9vi\u00e9s par la rocade ext\u00e9rieure<\/strong> via le pont Fran\u00e7ois Mitterrand et le pont d\u2019Aquitaine.<\/p>\n<p class=\" wall-content\">Suivez toute l\u2019actualit\u00e9 de vos villes et m\u00e9dias favoris en vous inscrivant \u00e0 <a href=\"https:\/\/moncompte.actu.fr\" title=\"D\u00e9couvez Mon Actu\" rel=\"nofollow noopener\" data-trk=\"{&quot;cta&quot;:{&quot;action&quot;:&quot;https:\\\/\\\/moncompte.actu.fr&quot;,&quot;category&quot;:&quot;mon compte&quot;,&quot;from&quot;:&quot;article footer&quot;,&quot;name&quot;:&quot;Mon actu&quot;,&quot;type&quot;:&quot;cta&quot;}}\" target=\"_blank\">Mon Actu<\/a>.<\/p>\n","protected":false},"excerpt":{"rendered":"Par Juliette Cardinale Publi\u00e9 le 10 juin 2025 \u00e0 15h58 Attention si vous circulez de nuit \u00e0 Bordeaux.\u00a0Des&hellip;\n","protected":false},"author":2,"featured_media":167021,"comment_status":"","ping_status":"","sticky":false,"template":"","format":"standard","meta":{"footnotes":""},"categories":[2817],"tags":[1111,11,1997,1777,674,1011,27,12,2219,25,13229,104,2803,2086],"class_list":{"0":"post-167020","1":"post","2":"type-post","3":"status-publish","4":"format-standard","5":"has-post-thumbnail","7":"category-bordeaux","8":"tag-actu","9":"tag-actualites","10":"tag-bordeaux","11":"tag-eu","12":"tag-europe","13":"tag-fr","14":"tag-france","15":"tag-news","16":"tag-nouvelle-aquitaine","17":"tag-republique-francaise","18":"tag-rocade-de-bordeaux","19":"tag-societe","20":"tag-transport","21":"tag-travaux"},"share_on_mastodon":{"url":"https:\/\/pubeurope.com\/@fr\/114662112212346303","error":""},"_links":{"self":[{"href":"https:\/\/www.europesays.com\/fr\/wp-json\/wp\/v2\/posts\/167020","targetHints":{"allow":["GET"]}}],"collection":[{"href":"https:\/\/www.europesays.com\/fr\/wp-json\/wp\/v2\/posts"}],"about":[{"href":"https:\/\/www.europesays.com\/fr\/wp-json\/wp\/v2\/types\/post"}],"author":[{"embeddable":true,"href":"https:\/\/www.europesays.com\/fr\/wp-json\/wp\/v2\/users\/2"}],"replies":[{"embeddable":true,"href":"https:\/\/www.europesays.com\/fr\/wp-json\/wp\/v2\/comments?post=167020"}],"version-history":[{"count":0,"href":"https:\/\/www.europesays.com\/fr\/wp-json\/wp\/v2\/posts\/167020\/revisions"}],"wp:featuredmedia":[{"embeddable":true,"href":"https:\/\/www.europesays.com\/fr\/wp-json\/wp\/v2\/media\/167021"}],"wp:attachment":[{"href":"https:\/\/www.europesays.com\/fr\/wp-json\/wp\/v2\/media?parent=167020"}],"wp:term":[{"taxonomy":"category","embeddable":true,"href":"https:\/\/www.europesays.com\/fr\/wp-json\/wp\/v2\/categories?post=167020"},{"taxonomy":"post_tag","embeddable":true,"href":"https:\/\/www.europesays.com\/fr\/wp-json\/wp\/v2\/tags?post=167020"}],"curies":[{"name":"wp","href":"https:\/\/api.w.org\/{rel}","templated":true}]}}