{"id":167024,"date":"2025-06-11T01:23:18","date_gmt":"2025-06-11T01:23:18","guid":{"rendered":"https:\/\/www.europesays.com\/fr\/167024\/"},"modified":"2025-06-11T01:23:18","modified_gmt":"2025-06-11T01:23:18","slug":"venez-vivre-une-experience-unique-au-coeur-du-marche-artisanal-local-haute-garonne-toulouse","status":"publish","type":"post","link":"https:\/\/www.europesays.com\/fr\/167024\/","title":{"rendered":"Venez vivre une exp\u00e9rience unique au c\u0153ur du march\u00e9 artisanal local &#8211; Haute Garonne &#8211; Toulouse"},"content":{"rendered":"<p><strong>Venez d\u00e9couvrir les cr\u00e9ateurs locaux et l\u2019\u00e9conomie sociale et solidaire (ESS) \u00e0 la Kermesse des Imbriqu\u00e9s, dans un cadre convivial et chaleureux ce samedi 14 juin de 10h \u00e0 20h au 64 rue de Fenouillet \u00e0 Toulouse.\u00a0<\/strong><\/p>\n<p>Cet \u00e9v\u00e9nement est l\u2019occasion id\u00e9ale pour soutenir l\u2019artisanat local tout en profitant d\u2019une journ\u00e9e festive pour toute la famille. Le march\u00e9 artisanal met en avant des produits faits main et authentiques. Vous y trouverez des articles uniques, allant de la c\u00e9ramique aux illustrations en passant par un camion \u00e0 fleurs. Pour rendre cette journ\u00e9e encore plus agr\u00e9able, des animations sont propos\u00e9es. La Kermesse vous permettra de participer \u00e0 des jeux pour petits et grands. Venez tester votre chance \u00e0 la tombola. Ces activit\u00e9s sont l\u2019occasion de se divertir en famille ou entre amis tout en soutenant les initiatives locales. Pour vous rafra\u00eechir et vous r\u00e9galer, le bar de l\u2019\u00e9t\u00e9 proposera une s\u00e9lection de boissons fra\u00eeches. C\u00f4t\u00e9 restauration, un \u00e9ventail de douceurs vous attend : popcorn, cookies maison, brownies fondants et bonbons color\u00e9s. Ces d\u00e9lices sucr\u00e9s seront parfaits pour accompagner votre moment de d\u00e9tente et de convivialit\u00e9. Au-del\u00e0 du march\u00e9 et des animations, l\u2019\u00e9v\u00e9nement propose \u00e9galement de visiter les ateliers. Cet \u00e9v\u00e9nement est \u00e9galement soutenu par Toulouse M\u00e9tropole Impact, qui accompagne les initiatives locales. Participer \u00e0 cet \u00e9v\u00e9nement, c\u2019est soutenir des projets qui favorisent une \u00e9conomie plus solidaire et responsable. En soutenant cet \u00e9v\u00e9nement, vous contribuez \u00e0 renforcer l\u2019impact social de ces projets dans la r\u00e9gion. Que vous soyez curieux de d\u00e9couvrir des cr\u00e9ations originales, en qu\u00eate d\u2019un cadeau sp\u00e9cial, ou simplement \u00e0 la recherche d\u2019une sortie conviviale, cet \u00e9v\u00e9nement saura r\u00e9pondre \u00e0 vos attentes.<\/p>\n<p class=\"signature\" itemscope=\"\" itemprop=\"Author\" itemtype=\"http:\/\/schema.org\/Person\">\n                VLoz\n            <\/p>\n","protected":false},"excerpt":{"rendered":"Venez d\u00e9couvrir les cr\u00e9ateurs locaux et l\u2019\u00e9conomie sociale et solidaire (ESS) \u00e0 la Kermesse des Imbriqu\u00e9s, dans un&hellip;\n","protected":false},"author":2,"featured_media":23669,"comment_status":"","ping_status":"","sticky":false,"template":"","format":"standard","meta":{"footnotes":""},"categories":[2816],"tags":[1111,11,1777,674,1011,27,23720,12,2680,25,2312],"class_list":{"0":"post-167024","1":"post","2":"type-post","3":"status-publish","4":"format-standard","5":"has-post-thumbnail","7":"category-toulouse","8":"tag-actu","9":"tag-actualites","10":"tag-eu","11":"tag-europe","12":"tag-fr","13":"tag-france","14":"tag-internet-seulement","15":"tag-news","16":"tag-occitanie","17":"tag-republique-francaise","18":"tag-toulouse"},"share_on_mastodon":{"url":"https:\/\/pubeurope.com\/@fr\/114662120073034625","error":""},"_links":{"self":[{"href":"https:\/\/www.europesays.com\/fr\/wp-json\/wp\/v2\/posts\/167024","targetHints":{"allow":["GET"]}}],"collection":[{"href":"https:\/\/www.europesays.com\/fr\/wp-json\/wp\/v2\/posts"}],"about":[{"href":"https:\/\/www.europesays.com\/fr\/wp-json\/wp\/v2\/types\/post"}],"author":[{"embeddable":true,"href":"https:\/\/www.europesays.com\/fr\/wp-json\/wp\/v2\/users\/2"}],"replies":[{"embeddable":true,"href":"https:\/\/www.europesays.com\/fr\/wp-json\/wp\/v2\/comments?post=167024"}],"version-history":[{"count":0,"href":"https:\/\/www.europesays.com\/fr\/wp-json\/wp\/v2\/posts\/167024\/revisions"}],"wp:featuredmedia":[{"embeddable":true,"href":"https:\/\/www.europesays.com\/fr\/wp-json\/wp\/v2\/media\/23669"}],"wp:attachment":[{"href":"https:\/\/www.europesays.com\/fr\/wp-json\/wp\/v2\/media?parent=167024"}],"wp:term":[{"taxonomy":"category","embeddable":true,"href":"https:\/\/www.europesays.com\/fr\/wp-json\/wp\/v2\/categories?post=167024"},{"taxonomy":"post_tag","embeddable":true,"href":"https:\/\/www.europesays.com\/fr\/wp-json\/wp\/v2\/tags?post=167024"}],"curies":[{"name":"wp","href":"https:\/\/api.w.org\/{rel}","templated":true}]}}