{"id":167035,"date":"2025-06-11T01:29:16","date_gmt":"2025-06-11T01:29:16","guid":{"rendered":"https:\/\/www.europesays.com\/fr\/167035\/"},"modified":"2025-06-11T01:29:16","modified_gmt":"2025-06-11T01:29:16","slug":"un-avion-easyjet-deroute-en-urgence","status":"publish","type":"post","link":"https:\/\/www.europesays.com\/fr\/167035\/","title":{"rendered":"un avion EasyJet d\u00e9rout\u00e9 en urgence"},"content":{"rendered":"<p itemprop=\"description\"><strong>Grosse frayeur ce lundi 9 juin pour les 143 passagers d&rsquo;un vol\u00a0EasyJet reliant Budapest \u00e0 Lyon.<\/strong><\/p>\n<p>De la fum\u00e9e ayant \u00e9t\u00e9 d\u00e9tect\u00e9e dans le cockpit de l&rsquo;Airbus 319, l&rsquo;appareil a \u00e9t\u00e9 contraint de se poser en urgence \u00e0 Graz, en Autriche, aux alentours de 15h25.<\/p>\n<p>L&rsquo;incident, qui n&rsquo;a fait aucun bless\u00e9 selon la police locale, a sem\u00e9 l&rsquo;inqui\u00e9tude \u00e0 bord, mais la situation a \u00e9t\u00e9 rapidement ma\u00eetris\u00e9e. Si la cause exacte de la fum\u00e9e reste \u00e0 d\u00e9terminer, le vol 4400, seule liaison d&rsquo;EasyJet entre Budapest et Lyon ce jour-l\u00e0, a bien \u00e9t\u00e9 d\u00e9rout\u00e9.\u00a0<\/p>\n<p>Selon la police du Land de Styrie : \u00ab\u00a0personne n\u2019a \u00e9t\u00e9 bless\u00e9 dans l\u2019incident. La cause de la fum\u00e9e n\u2019est pas connue avec exactitude\u00a0\u00bb, rapporte\u00a0<a href=\"https:\/\/www.reuters.com\/business\/aerospace-defense\/smoke-cockpit-forces-budapest-lyon-flights-emergency-landing-austria-2025-06-09\/?taid=68476079d752a1000194c598&amp;utm_campaign=trueAnthem:+Trending+Content&amp;utm_medium=trueAnthem&amp;utm_source=twitter\" target=\"_blank\" rel=\"noopener\">Reuters<\/a>.<\/p>\n<p>Apr\u00e8s plusieurs heures d&rsquo;attente, les passagers ont pu reprendre leur route vers la capitale des Gaules, un nouvel avion d\u00e9collant de Graz \u00e0 21h45. Un soulagement pour tous les voyageurs \u00e0 destination de l&rsquo;a\u00e9roport Lyon Saint-Exup\u00e9ry.<\/p>\n<p>La compagnie nous pr\u00e9cise\u00a0que : \u00ab\u00a0le vol EJU4400 reliant Budapest \u00e0 Lyon a \u00e9t\u00e9 d\u00e9rout\u00e9 vers l&rsquo;a\u00e9roport de Graz en raison d&rsquo;un probl\u00e8me technique qui a provoqu\u00e9 une odeur de fum\u00e9e \u00e0 bord.<\/p>\n<p dir=\"ltr\">L&rsquo;avion a atterri en toute s\u00e9curit\u00e9 \u00e0 Graz et a \u00e9t\u00e9 accueilli par les services d&rsquo;urgence, uniquement \u00e0 titre de mesure de routine et de pr\u00e9caution. Tous les passagers ont d\u00e9barqu\u00e9 normalement dans le terminal et ont poursuivi leur voyage vers Lyon \u00e0 bord d&rsquo;un avion de remplacement.\u00a0<\/p>\n<p dir=\"ltr\">La s\u00e9curit\u00e9 de nos passagers et de nos \u00e9quipages est la priorit\u00e9 absolue d&rsquo;easyJet, qui exploite sa flotte d&rsquo;avions dans le strict respect de toutes les directives des constructeurs.Nous tenons \u00e0 pr\u00e9senter nos excuses \u00e0 nos passagers pour la g\u00eane occasionn\u00e9e.\u00a0\u00bb<\/p>\n","protected":false},"excerpt":{"rendered":"Grosse frayeur ce lundi 9 juin pour les 143 passagers d&rsquo;un vol\u00a0EasyJet reliant Budapest \u00e0 Lyon. De la&hellip;\n","protected":false},"author":2,"featured_media":167036,"comment_status":"","ping_status":"","sticky":false,"template":"","format":"standard","meta":{"footnotes":""},"categories":[1889],"tags":[1111,11,2813,2190,2430,1109,251,1112,2811,1777,674,118,1011,27,1922,1110,1114,2428,2810,12,241,316,25,2812,517,800],"class_list":{"0":"post-167035","1":"post","2":"type-post","3":"status-publish","4":"format-standard","5":"has-post-thumbnail","7":"category-lyon","8":"tag-actu","9":"tag-actualites","10":"tag-article","11":"tag-asvel","12":"tag-auvergne-rhone-alpes","13":"tag-breves","14":"tag-culture","15":"tag-depeches","16":"tag-economique","17":"tag-eu","18":"tag-europe","19":"tag-faits-divers","20":"tag-fr","21":"tag-france","22":"tag-info","23":"tag-informations","24":"tag-infos","25":"tag-lyon","26":"tag-lyonmag","27":"tag-news","28":"tag-ol","29":"tag-politique","30":"tag-republique-francaise","31":"tag-sociale","32":"tag-sport","33":"tag-transports"},"share_on_mastodon":{"url":"https:\/\/pubeurope.com\/@fr\/114662143673383570","error":""},"_links":{"self":[{"href":"https:\/\/www.europesays.com\/fr\/wp-json\/wp\/v2\/posts\/167035","targetHints":{"allow":["GET"]}}],"collection":[{"href":"https:\/\/www.europesays.com\/fr\/wp-json\/wp\/v2\/posts"}],"about":[{"href":"https:\/\/www.europesays.com\/fr\/wp-json\/wp\/v2\/types\/post"}],"author":[{"embeddable":true,"href":"https:\/\/www.europesays.com\/fr\/wp-json\/wp\/v2\/users\/2"}],"replies":[{"embeddable":true,"href":"https:\/\/www.europesays.com\/fr\/wp-json\/wp\/v2\/comments?post=167035"}],"version-history":[{"count":0,"href":"https:\/\/www.europesays.com\/fr\/wp-json\/wp\/v2\/posts\/167035\/revisions"}],"wp:featuredmedia":[{"embeddable":true,"href":"https:\/\/www.europesays.com\/fr\/wp-json\/wp\/v2\/media\/167036"}],"wp:attachment":[{"href":"https:\/\/www.europesays.com\/fr\/wp-json\/wp\/v2\/media?parent=167035"}],"wp:term":[{"taxonomy":"category","embeddable":true,"href":"https:\/\/www.europesays.com\/fr\/wp-json\/wp\/v2\/categories?post=167035"},{"taxonomy":"post_tag","embeddable":true,"href":"https:\/\/www.europesays.com\/fr\/wp-json\/wp\/v2\/tags?post=167035"}],"curies":[{"name":"wp","href":"https:\/\/api.w.org\/{rel}","templated":true}]}}