{"id":167052,"date":"2025-06-11T01:40:11","date_gmt":"2025-06-11T01:40:11","guid":{"rendered":"https:\/\/www.europesays.com\/fr\/167052\/"},"modified":"2025-06-11T01:40:11","modified_gmt":"2025-06-11T01:40:11","slug":"rencontres-professionnelles-france-royaume-uni-cnc","status":"publish","type":"post","link":"https:\/\/www.europesays.com\/fr\/167052\/","title":{"rendered":"Rencontres professionnelles France-Royaume-Uni | CNC"},"content":{"rendered":"<p>                                        <img decoding=\"async\" data-fileentryid=\"1926369\" alt=\"Visuel France UK\" src=\"https:\/\/www.europesays.com\/fr\/wp-content\/uploads\/2025\/06\/fdaee213-b31a-c93e-a47d-13184b23119d\"\/><\/p>\n<p>Le Centre national du cin\u00e9ma et de l\u2019image anim\u00e9e (CNC) et le British Film Institute (BFI) organisent conjointement la 2\u00e8me \u00e9dition des <strong>Rencontres professionnelles France \u2013 Royaume-Uni, les 30 juin et 1er juillet 2025 \u00e0 Paris<\/strong>. Cet \u00e9v\u00e9nement vise \u00e0 renforcer les liens entre les professionnels du cin\u00e9ma et de l\u2019audiovisuel des deux pays, \u00e0 favoriser une meilleure connaissance mutuelle et \u00e0 encourager de nouvelles collaborations.<\/p>\n","protected":false},"excerpt":{"rendered":"Le Centre national du cin\u00e9ma et de l\u2019image anim\u00e9e (CNC) et le British Film Institute (BFI) organisent conjointement&hellip;\n","protected":false},"author":2,"featured_media":167053,"comment_status":"","ping_status":"","sticky":false,"template":"","format":"standard","meta":{"footnotes":""},"categories":[1588],"tags":[11,650,30063,1777,674,14,12,2427,5486,473,1853,1851,1850,1852],"class_list":{"0":"post-167052","1":"post","2":"type-post","3":"status-publish","4":"format-standard","5":"has-post-thumbnail","7":"category-royaume-uni","8":"tag-actualites","9":"tag-cinema","10":"tag-et-aussi","11":"tag-eu","12":"tag-europe","13":"tag-international","14":"tag-news","15":"tag-professionnels","16":"tag-rencontre","17":"tag-royaume-uni","18":"tag-royaume-uni-de-grande-bretagne-et-dirlande-du-nord","19":"tag-uk","20":"tag-united-kingdom","21":"tag-united-kingdom-of-great-britain-and-northern-ireland"},"share_on_mastodon":{"url":"https:\/\/pubeurope.com\/@fr\/114662187008507022","error":""},"_links":{"self":[{"href":"https:\/\/www.europesays.com\/fr\/wp-json\/wp\/v2\/posts\/167052","targetHints":{"allow":["GET"]}}],"collection":[{"href":"https:\/\/www.europesays.com\/fr\/wp-json\/wp\/v2\/posts"}],"about":[{"href":"https:\/\/www.europesays.com\/fr\/wp-json\/wp\/v2\/types\/post"}],"author":[{"embeddable":true,"href":"https:\/\/www.europesays.com\/fr\/wp-json\/wp\/v2\/users\/2"}],"replies":[{"embeddable":true,"href":"https:\/\/www.europesays.com\/fr\/wp-json\/wp\/v2\/comments?post=167052"}],"version-history":[{"count":0,"href":"https:\/\/www.europesays.com\/fr\/wp-json\/wp\/v2\/posts\/167052\/revisions"}],"wp:featuredmedia":[{"embeddable":true,"href":"https:\/\/www.europesays.com\/fr\/wp-json\/wp\/v2\/media\/167053"}],"wp:attachment":[{"href":"https:\/\/www.europesays.com\/fr\/wp-json\/wp\/v2\/media?parent=167052"}],"wp:term":[{"taxonomy":"category","embeddable":true,"href":"https:\/\/www.europesays.com\/fr\/wp-json\/wp\/v2\/categories?post=167052"},{"taxonomy":"post_tag","embeddable":true,"href":"https:\/\/www.europesays.com\/fr\/wp-json\/wp\/v2\/tags?post=167052"}],"curies":[{"name":"wp","href":"https:\/\/api.w.org\/{rel}","templated":true}]}}