{"id":167062,"date":"2025-06-11T01:45:12","date_gmt":"2025-06-11T01:45:12","guid":{"rendered":"https:\/\/www.europesays.com\/fr\/167062\/"},"modified":"2025-06-11T01:45:12","modified_gmt":"2025-06-11T01:45:12","slug":"laffrontement-avec-trump-se-durcit-a-los-angeles-et-gagne-dautres-villes-democrates","status":"publish","type":"post","link":"https:\/\/www.europesays.com\/fr\/167062\/","title":{"rendered":"l\u2019affrontement avec Trump se durcit \u00e0 Los Angeles et gagne d\u2019autres villes d\u00e9mocrates"},"content":{"rendered":"<p><strong>R\u00c9CIT <\/strong>&#8211; Les manifestations contre l\u2019agence f\u00e9d\u00e9rale charg\u00e9e d\u2019arr\u00eater les immigr\u00e9s irr\u00e9guliers s\u2019\u00e9tendent \u00e0 d\u2019autres cit\u00e9s de Californie et du Texas, le pr\u00e9sident mena\u00e7ant de reprendre du pouvoir aux \u00c9tats concern\u00e9s.<\/p>\n<p class=\"fig-paragraph\">Les manifestations continuent\u00a0<a href=\"https:\/\/photo.lefigaro.fr\/international\/les-images-impressionnantes-des-manifestations-a-los-angeles-20250609\" data-fig-type=\"SlideShowResource\" data-gtm-custom-categorie=\"navigation\" data-gtm-custom-action=\"crossclick\" data-gtm-custom-label=\"Contextuel\" data-gtm-event=\"customEventSPE\" data-fig-domain=\"LEFIGARO\" rel=\"nofollow noopener\" target=\"_blank\">\u00e0 Los\u00a0Angeles contre les politiques anti-immigration de Donald Trump<\/a>. Elles se sont aussi \u00e9tendues \u00e0 d\u2019autres villes de Californie ainsi qu\u2019au Texas. \u00c0 Los\u00a0Angeles, l\u2019immeuble f\u00e9d\u00e9ral Robert Young, au centre-ville, couvert de graffitis par les manifestants dimanche, est \u00e0 pr\u00e9sent prot\u00e9g\u00e9 par la Garde nationale de Californie. Mobilis\u00e9s sur ordre de Donald Trump contre\u00a0<a href=\"http:\/\/www.lefigaro.fr\/le-fantasme-fou-d-un-president-dictatorial-gavin-newsom-le-gouverneur-californien-qui-bataille-contre-donald-trump-20250610\" data-fig-type=\"Article\" data-gtm-custom-categorie=\"navigation\" data-gtm-custom-action=\"crossclick\" data-gtm-custom-label=\"Contextuel\" data-gtm-event=\"customEventSPE\" data-fig-domain=\"LEFIGARO\" rel=\"nofollow noopener\" target=\"_blank\">l\u2019avis du gouverneur d\u00e9mocrate Gavin Newsom<\/a>, les soldats ont commenc\u00e9 \u00e0 se d\u00e9ployer en soutien de la police de Los\u00a0Angeles, le LAPD. Les r\u00e9servistes sont \u00e9quip\u00e9s pour le maintien de l\u2019ordre avec casques \u00e0 visi\u00e8re et boucliers anti-\u00e9meutes transparents. Ils ont form\u00e9 des cordons autour de plusieurs \u00e9difices publics dans le centre historique de la ville, surplomb\u00e9 par la tour Art D\u00e9co de la mairie. Des camions militaires sont aussi gar\u00e9s devant le Centre de d\u00e9tention de l\u2019ICE (Immigration and Customs Enforcement), l\u2019Agence f\u00e9d\u00e9rale charg\u00e9e de l\u2019Immigration et des douanes<\/p>\n<p class=\"fig-paragraph\">Les affrontements ont lieu\u2026<\/p>\n<p class=\"fig-premium-paywall__infos\">\n        Cet article est r\u00e9serv\u00e9 aux abonn\u00e9s.        Il vous reste 91% \u00e0 d\u00e9couvrir.\n    <\/p>\n<p>                <img  data- alt=\"Le Figaro\" class=\"fig-img--complete fig-img\"\/><\/p>\n<p class=\"fig-premium-paywall__title\">Vente Flash<\/p>\n<p class=\"fig-premium-paywall__subtitle\">3,99\u20ac par mois pendant 12 mois. Sans engagement.<\/p>\n<p class=\"fig-premium-paywall__connect\">\n                D\u00e9j\u00e0 abonn\u00e9\u00a0?                <a class=\"fig-premium-paywall__connect-link\" href=\"https:\/\/connect.lefigaro.fr\/login?client=horizon_web&amp;type=main&amp;redirect_uri=https%3A%2F%2Fwww.lefigaro.fr%2Finternational%2Fimmigration-l-affrontement-avec-trump-se-durcit-a-los-angeles-et-gagne-d-autres-villes-democrates-20250610\" data-js-gtm=\"{&quot;customCategorie&quot;: &quot;conversion&quot;, &quot;customAction&quot;: &quot;before_Landing_Connexion_paywall_auto&quot;, &quot;customLabel&quot;: &quot;bGVmaWdhcm8uZnJfXzFmMDQ2MGYwLWY1MTktNjQ1YS05ZTc5LWJmNTY3M2UzZmQ5ZF9fQXJ0aWNsZQ==_Immigration\u00a0: l\u2019affrontement avec Trump se durcit \u00e0 Los Angeles et gagne d\u2019autres villes d\u00e9mocrates_25&quot;, &quot;customIDSPE&quot;: &quot;bGVmaWdhcm8uZnJfXzFmMDQ2MGYwLWY1MTktNjQ1YS05ZTc5LWJmNTY3M2UzZmQ5ZF9fQXJ0aWNsZQ==&quot;, &quot;event&quot;: &quot;customEventSPE&quot;}\" rel=\"nofollow noopener\" target=\"_blank\"><br \/>\n                    Connectez-vous<br \/>\n                <\/a>\n            <\/p>\n","protected":false},"excerpt":{"rendered":"R\u00c9CIT &#8211; Les manifestations contre l\u2019agence f\u00e9d\u00e9rale charg\u00e9e d\u2019arr\u00eater les immigr\u00e9s irr\u00e9guliers s\u2019\u00e9tendent \u00e0 d\u2019autres cit\u00e9s de Californie&hellip;\n","protected":false},"author":2,"featured_media":167063,"comment_status":"","ping_status":"","sticky":false,"template":"","format":"standard","meta":{"footnotes":""},"categories":[2],"tags":[259,11,260,73,1011,27,14,6116,261,12,262,25],"class_list":{"0":"post-167062","1":"post","2":"type-post","3":"status-publish","4":"format-standard","5":"has-post-thumbnail","7":"category-actualites","8":"tag-actualite-internationale","9":"tag-actualites","10":"tag-affaires-etrangeres","11":"tag-etats-unis","12":"tag-fr","13":"tag-france","14":"tag-international","15":"tag-los-angeles","16":"tag-ministere-des-affaires-etrangeres","17":"tag-news","18":"tag-politique-etrangere","19":"tag-republique-francaise"},"share_on_mastodon":{"url":"https:\/\/pubeurope.com\/@fr\/114662206836875684","error":""},"_links":{"self":[{"href":"https:\/\/www.europesays.com\/fr\/wp-json\/wp\/v2\/posts\/167062","targetHints":{"allow":["GET"]}}],"collection":[{"href":"https:\/\/www.europesays.com\/fr\/wp-json\/wp\/v2\/posts"}],"about":[{"href":"https:\/\/www.europesays.com\/fr\/wp-json\/wp\/v2\/types\/post"}],"author":[{"embeddable":true,"href":"https:\/\/www.europesays.com\/fr\/wp-json\/wp\/v2\/users\/2"}],"replies":[{"embeddable":true,"href":"https:\/\/www.europesays.com\/fr\/wp-json\/wp\/v2\/comments?post=167062"}],"version-history":[{"count":0,"href":"https:\/\/www.europesays.com\/fr\/wp-json\/wp\/v2\/posts\/167062\/revisions"}],"wp:featuredmedia":[{"embeddable":true,"href":"https:\/\/www.europesays.com\/fr\/wp-json\/wp\/v2\/media\/167063"}],"wp:attachment":[{"href":"https:\/\/www.europesays.com\/fr\/wp-json\/wp\/v2\/media?parent=167062"}],"wp:term":[{"taxonomy":"category","embeddable":true,"href":"https:\/\/www.europesays.com\/fr\/wp-json\/wp\/v2\/categories?post=167062"},{"taxonomy":"post_tag","embeddable":true,"href":"https:\/\/www.europesays.com\/fr\/wp-json\/wp\/v2\/tags?post=167062"}],"curies":[{"name":"wp","href":"https:\/\/api.w.org\/{rel}","templated":true}]}}