{"id":167068,"date":"2025-06-11T01:49:15","date_gmt":"2025-06-11T01:49:15","guid":{"rendered":"https:\/\/www.europesays.com\/fr\/167068\/"},"modified":"2025-06-11T01:49:15","modified_gmt":"2025-06-11T01:49:15","slug":"nrl-langlais-kai-pearce-paul-change-de-cremerie-en-nrl-rugby-a-xiii","status":"publish","type":"post","link":"https:\/\/www.europesays.com\/fr\/167068\/","title":{"rendered":"NRL &#8211; L&rsquo;Anglais Kai Pearce-Paul change de cr\u00e8merie en NRL &#8211; Rugby \u00e0 XIII"},"content":{"rendered":"<p style=\"text-align: justify;\"><strong>L\u2019international anglais de 24 ans Kai Pearce-Paul signe aux Wests Tigers apr\u00e8s seulement deux saisons avec les Knights.<\/strong><\/p>\n<p style=\"text-align: justify;\">\u00c0 seulement 24 ans, Kai Pearce-Paul a d\u00e9j\u00e0 \u00e9t\u00e9 champion de Super League avec Wigan et va conna\u00eetre son deuxi\u00e8me club en NRL.<\/p>\n<p style=\"text-align: justify;\">Apr\u00e8s 3 saisons compl\u00e8tes et un titre, il avait quitt\u00e9 Wigan pour les Knights de Newcastle. Titulaire indiscutable mais toujours en d\u00e9veloppement, le jeune seconde ligne anglais va tenter sa chance chez les Tigers en reconstruction. Il faut dire que les r\u00e9sultats et la qualit\u00e9 du jeu des Knights cette ann\u00e9e fait r\u00e9fl\u00e9chir. Si les deux \u00e9quipes sont au coude \u00e0 coude pour l\u2019instant, les trajectoires semblent se croiser. En tout cas, Pearce-Paul semble tr\u00e8s motiv\u00e9 \u00e0 l\u2019id\u00e9e de c\u00f4toyer un joueur qu\u2019il a admir\u00e9.<\/p>\n<blockquote>\n<p style=\"text-align: justify;\">Je suis enthousiaste de rejoindre les Wests Tigers en 2026. C\u2019est une opportunit\u00e9 fantastique, j\u2019ai h\u00e2te. J\u2019ai grandi en regardant jouer Benji Marshall. Le fait qu\u2019il devienne mon coach est vraiment quelque chose de sp\u00e9cial.<\/p>\n<\/blockquote>\n<p style=\"text-align: justify;\">Les Knights continuent de perdre de jeunes joueurs prometteurs alors que les vieilles branches Frizell ou Gagai prennent encore une bonne part du salary cap.<\/p>\n<blockquote class=\"twitter-tweet\" data-width=\"500\" data-dnt=\"true\">\n<p lang=\"en\" dir=\"ltr\">\ud83d\udd25 DONE DEAL. \ud83d\udd0f English international Kai Pearce-Paul joins the Jungle from 2026. \ud83d\udc05<\/p>\n<p>KPP signs \ud83d\udd17 <a href=\"https:\/\/t.co\/33JwtAUO3Z\">https:\/\/t.co\/33JwtAUO3Z<\/a><a href=\"https:\/\/twitter.com\/hashtag\/OneJungle?src=hash&amp;ref_src=twsrc%5Etfw\" target=\"_blank\" rel=\"noopener\">#OneJungle<\/a> \ud83d\udc2f <a href=\"https:\/\/t.co\/3StqY1pGSW\">pic.twitter.com\/3StqY1pGSW<\/a><\/p>\n<p>\u2014 Wests Tigers (@WestsTigers) <a href=\"https:\/\/twitter.com\/WestsTigers\/status\/1930817181689741369?ref_src=twsrc%5Etfw\" target=\"_blank\" rel=\"noopener\">June 6, 2025<\/a><\/p>\n<\/blockquote>\n<p>        <script async src=\"https:\/\/platform.twitter.com\/widgets.js\" charset=\"utf-8\"><\/script><\/p>\n","protected":false},"excerpt":{"rendered":"L\u2019international anglais de 24 ans Kai Pearce-Paul signe aux Wests Tigers apr\u00e8s seulement deux saisons avec les Knights.&hellip;\n","protected":false},"author":2,"featured_media":167069,"comment_status":"","ping_status":"","sticky":false,"template":"","format":"standard","meta":{"footnotes":""},"categories":[1416],"tags":[1011,27,30065,19114,479,2228,1468,2229,60,11374],"class_list":{"0":"post-167068","1":"post","2":"type-post","3":"status-publish","4":"format-standard","5":"has-post-thumbnail","7":"category-rugby","8":"tag-fr","9":"tag-france","10":"tag-kai-pearce-paul","11":"tag-newcastle-knights","12":"tag-rugby","13":"tag-rugby-a-xiii","14":"tag-rugby-football","15":"tag-rugby-league","16":"tag-sports","17":"tag-wests-tigers"},"share_on_mastodon":{"url":"https:\/\/pubeurope.com\/@fr\/114662222306473135","error":""},"_links":{"self":[{"href":"https:\/\/www.europesays.com\/fr\/wp-json\/wp\/v2\/posts\/167068","targetHints":{"allow":["GET"]}}],"collection":[{"href":"https:\/\/www.europesays.com\/fr\/wp-json\/wp\/v2\/posts"}],"about":[{"href":"https:\/\/www.europesays.com\/fr\/wp-json\/wp\/v2\/types\/post"}],"author":[{"embeddable":true,"href":"https:\/\/www.europesays.com\/fr\/wp-json\/wp\/v2\/users\/2"}],"replies":[{"embeddable":true,"href":"https:\/\/www.europesays.com\/fr\/wp-json\/wp\/v2\/comments?post=167068"}],"version-history":[{"count":0,"href":"https:\/\/www.europesays.com\/fr\/wp-json\/wp\/v2\/posts\/167068\/revisions"}],"wp:featuredmedia":[{"embeddable":true,"href":"https:\/\/www.europesays.com\/fr\/wp-json\/wp\/v2\/media\/167069"}],"wp:attachment":[{"href":"https:\/\/www.europesays.com\/fr\/wp-json\/wp\/v2\/media?parent=167068"}],"wp:term":[{"taxonomy":"category","embeddable":true,"href":"https:\/\/www.europesays.com\/fr\/wp-json\/wp\/v2\/categories?post=167068"},{"taxonomy":"post_tag","embeddable":true,"href":"https:\/\/www.europesays.com\/fr\/wp-json\/wp\/v2\/tags?post=167068"}],"curies":[{"name":"wp","href":"https:\/\/api.w.org\/{rel}","templated":true}]}}