{"id":167070,"date":"2025-06-11T01:50:13","date_gmt":"2025-06-11T01:50:13","guid":{"rendered":"https:\/\/www.europesays.com\/fr\/167070\/"},"modified":"2025-06-11T01:50:13","modified_gmt":"2025-06-11T01:50:13","slug":"roland-garros-tsitsipas-et-badosa-attendent-alcaraz-de-pied-ferme-pour-faire-la-fete-il-arrive","status":"publish","type":"post","link":"https:\/\/www.europesays.com\/fr\/167070\/","title":{"rendered":"Roland Garros > Tsitsipas et Badosa attendent Alcaraz de pied ferme pour\u00a0faire\u00a0la\u00a0f\u00eate : \u00ab\u00a0Il arrive !\u00a0\u00bb"},"content":{"rendered":"<p>Quel meilleur endroit qu\u2019Ibiza pour d\u00e9com\u00adpresser apr\u00e8s un tournoi du Grand Chelem. La preuve en est, alors que Stefanos Tsitsipas et Paula Badosa prennent du bon temps dans les \u00eeles Bal\u00e9ares d\u2019apr\u00e8s les images diffu\u00ads\u00e9es sur leur live, Carlos Alcaraz, vain\u00adqueur \u00e0 Roland\u2010Garros, ne devrait pas tarder \u00e0 les rejoindre.<\/p>\n<p>Comme annonc\u00e9 par Jos\u00e9 Moron, r\u00e9dac\u00adteur en chef de Punto De Break, le num\u00e9ro deux mondial <a href=\"https:\/\/www.welovetennis.fr\/atp\/alcaraz-part-a-ibiza-quelques-jours-pour-feter-son-succes-et-prendra-une-decision-a-son-retour-affirme-jose-moron\" data-wpel-link=\"internal\" rel=\"nofollow noopener\" target=\"_blank\">d\u00e9ci\u00adde\u00adrait apr\u00e8s avoir pos\u00e9 bagage dans sa desti\u00adna\u00adtion pr\u00e9f\u00e9r\u00e9e de sa parti\u00adci\u00adpa\u00adtion ou non au tournoi du Queen\u2019s<\/a> (du 16 au 22\u00a0juin).<\/p>\n<blockquote class=\"twitter-tweet\">\n<p lang=\"fr\" dir=\"ltr\">\ud83c\uddec\ud83c\uddf7 \u00ab\u202fHe is coming\u202f\u00bb <\/p>\n<p>Tsitsipas est \u00e0 Ibiza avec Badosa<\/p>\n<p>Ils attendent Alcaraz peut\u2010\u00eatre\u202f?<a href=\"https:\/\/t.co\/QpYaAuoEYo\" data-wpel-link=\"external\" target=\"_blank\" rel=\"nofollow external noopener\">pic.twitter.com\/QpYaAuoEYo<\/a><\/p>\n<p>\u2014 TennisTemple (@tennistemple) <a href=\"https:\/\/twitter.com\/tennistemple\/status\/1932334859776876584?ref_src=twsrc%5Etfw\" data-wpel-link=\"external\" target=\"_blank\" rel=\"nofollow external noopener\">June 10,\u00a02025<\/a><\/p><\/blockquote>\n<p>Paula Badosa\u00a0: <strong>\u00ab\u202fQuelqu\u2019un a dit\u00a0: \u2018o\u00f9 est Alcaraz\u2019 (rires)<\/strong><br \/>Stefanos Tsitsipas\u00a0: <strong>Il arrive !! Il arrive n\u2019est\u2010ce pas\u202f?\u202f\u00bb<\/strong><\/p>\n<p>Pas certain que les deux tour\u00adte\u00adreaux fassent partie du clan de Carlitos m\u00eame s\u2019ils pour\u00adraient \u00eatre amen\u00e9s \u00e0 se croiser.\u00a0<\/p>\n<p class=\"post-published-date\" style=\"color: silver; font-size: 75%; text-align: left;\">Publi\u00e9 le mardi 10 juin 2025 \u00e0 16:15<\/p>\n<p><script async src=\"https:\/\/platform.twitter.com\/widgets.js\" charset=\"utf-8\"><\/script><\/p>\n","protected":false},"excerpt":{"rendered":"Quel meilleur endroit qu\u2019Ibiza pour d\u00e9com\u00adpresser apr\u00e8s un tournoi du Grand Chelem. La preuve en est, alors que&hellip;\n","protected":false},"author":2,"featured_media":116456,"comment_status":"","ping_status":"","sticky":false,"template":"","format":"standard","meta":{"footnotes":""},"categories":[1415],"tags":[1744,13215,1011,27,60,1467,5443],"class_list":{"0":"post-167070","1":"post","2":"type-post","3":"status-publish","4":"format-standard","5":"has-post-thumbnail","7":"category-tennis","8":"tag-alcaraz","9":"tag-badosa","10":"tag-fr","11":"tag-france","12":"tag-sports","13":"tag-tennis","14":"tag-tsitsipas"},"share_on_mastodon":{"url":"https:\/\/pubeurope.com\/@fr\/114662226229973178","error":""},"_links":{"self":[{"href":"https:\/\/www.europesays.com\/fr\/wp-json\/wp\/v2\/posts\/167070","targetHints":{"allow":["GET"]}}],"collection":[{"href":"https:\/\/www.europesays.com\/fr\/wp-json\/wp\/v2\/posts"}],"about":[{"href":"https:\/\/www.europesays.com\/fr\/wp-json\/wp\/v2\/types\/post"}],"author":[{"embeddable":true,"href":"https:\/\/www.europesays.com\/fr\/wp-json\/wp\/v2\/users\/2"}],"replies":[{"embeddable":true,"href":"https:\/\/www.europesays.com\/fr\/wp-json\/wp\/v2\/comments?post=167070"}],"version-history":[{"count":0,"href":"https:\/\/www.europesays.com\/fr\/wp-json\/wp\/v2\/posts\/167070\/revisions"}],"wp:featuredmedia":[{"embeddable":true,"href":"https:\/\/www.europesays.com\/fr\/wp-json\/wp\/v2\/media\/116456"}],"wp:attachment":[{"href":"https:\/\/www.europesays.com\/fr\/wp-json\/wp\/v2\/media?parent=167070"}],"wp:term":[{"taxonomy":"category","embeddable":true,"href":"https:\/\/www.europesays.com\/fr\/wp-json\/wp\/v2\/categories?post=167070"},{"taxonomy":"post_tag","embeddable":true,"href":"https:\/\/www.europesays.com\/fr\/wp-json\/wp\/v2\/tags?post=167070"}],"curies":[{"name":"wp","href":"https:\/\/api.w.org\/{rel}","templated":true}]}}