{"id":167071,"date":"2025-06-11T01:52:11","date_gmt":"2025-06-11T01:52:11","guid":{"rendered":"https:\/\/www.europesays.com\/fr\/167071\/"},"modified":"2025-06-11T01:52:11","modified_gmt":"2025-06-11T01:52:11","slug":"nicolo-bulega-devient-pilote-essayeur-ducati-en-vue-de-2027","status":"publish","type":"post","link":"https:\/\/www.europesays.com\/fr\/167071\/","title":{"rendered":"Nicol\u00f2 Bulega devient pilote essayeur Ducati en vue de 2027"},"content":{"rendered":"<p><a href=\"https:\/\/fr.motorsport.com\/motogp\/news\/bulega-objectif-motogp-ducati-worldsbk\/10722284\/\" target=\"_self\" rel=\"noopener\">L&rsquo;information que nous anticipions le mois dernier<\/a> se confirme\u00a0:\u00a0<a href=\"https:\/\/fr.motorsport.com\/driver\/nicolo-bulega\/291557\/\" target=\"_blank\" rel=\"noopener\">Nicol\u00f2 Bulega<\/a> va tester la Ducati de MotoGP.<\/p>\n<p>Le pilote italien, qui est actuellement aux commandes du championnat WorldSBK, a renouvel\u00e9 son contrat avec Ducati pour continuer \u00e0 courir en d\u00e9riv\u00e9es de la s\u00e9rie la saison prochaine. Mais il a aussi \u00e9t\u00e9 annonc\u00e9 en tant que pilote essayeur pour la Desmosedici GP, autrement dit la MotoGP.<\/p>\n<p>Le constructeur de Borgo Panigale indique que Nicol\u00f2 Bulega va collaborer avec <a href=\"https:\/\/fr.motorsport.com\/driver\/michele-pirro\/86845\/\" target=\"_blank\" rel=\"noopener\">Michele Pirro<\/a> pour travailler sur le projet de d\u00e9veloppement de la MotoGP, et ce en se concentrant sur les pneus Pirelli. Il s&rsquo;agit du manufacturier qui \u00e9quipe actuellement le WorldSBK et que l&rsquo;Italien conna\u00eet donc bien, et c&rsquo;est aussi celui qui fournira le MotoGP \u00e0 partir de la saison 2027.<\/p>\n<p>Il n&rsquo;en faut pas plus pour y voir un lien direct entre ce nouveau r\u00f4le et l&rsquo;\u00e9ventualit\u00e9 de recruter Bulega en Grand Prix lorsque le championnat entrera dans sa nouvelle \u00e8re technique, non seulement avec de nouveaux pneus mais aussi un ensemble enti\u00e8rement revu comprenant une baisse de la cylindr\u00e9e et une r\u00e9duction de l&rsquo;a\u00e9rodynamique et des variateurs de hauteur. Une telle configuration ne pourra r\u00e9glementairement \u00eatre test\u00e9e qu&rsquo;une fois la saison actuelle termin\u00e9e.<\/p>\n<p>\u00ab\u00a0Nicol\u00f2 repr\u00e9sente un d\u00e9fi gagn\u00e9 pour Ducati Corse\u00a0\u00bb, d\u00e9clare Gigi Dall&rsquo;Igna, directeur g\u00e9n\u00e9ral de Ducati Corse. \u00ab\u00a0Nous avons entam\u00e9 notre parcours en Supersport en 2022 avec l&rsquo;objectif de l&rsquo;amener \u00e0 \u00eatre comp\u00e9titif aussi dans la cat\u00e9gorie reine, au guidon de la Panigale V4R. Lors de l&rsquo;ann\u00e9e de ses d\u00e9buts en WorldSBK, il a impressionn\u00e9 tout le monde et montr\u00e9 son v\u00e9ritable potentiel et tout son talent de pilote.\u00a0\u00bb<\/p>\n<p>\u00ab\u00a0Nous sommes tr\u00e8s heureux de pouvoir confirmer qu&rsquo;il restera chez Aruba.it Racing la saison prochaine, mais encore plus d&rsquo;annoncer son nouveau r\u00f4le chez Ducati Corse. Avec l&rsquo;arriv\u00e9e imminente du nouveau manufacturier unique de pneus en MotoGP, Nicol\u00f2 repr\u00e9sente une tr\u00e8s bonne ressource pour le d\u00e9veloppement et l&rsquo;adaptation de la Desmosedici GP \u00e0 Pirelli. Ce nouveau r\u00f4le est pour lui une incitation suppl\u00e9mentaire \u00e0 progresser et grandir en tant que pilote, mais aussi une grande preuve d&rsquo;estime et de confiance.\u00a0\u00bb<\/p>\n<p>\u00c2g\u00e9 de 25 ans, Nicol\u00f2 Bulega conna\u00eet bien les Grands Prix mais n&rsquo;a exp\u00e9riment\u00e9 que les cat\u00e9gories Moto3 et Moto2 jusqu&rsquo;\u00e0 pr\u00e9sent. Une fois pass\u00e9 en d\u00e9riv\u00e9es de la s\u00e9rie, il a remport\u00e9 le championnat WorldSSP et a termin\u00e9 deuxi\u00e8me du WorldSBK l&rsquo;an dernier. L&rsquo;annonce d&rsquo;aujourd&rsquo;hui est une nouvelle \u00e9tape pouvant le mener \u00e0 int\u00e9grer la grille MotoGP en 2027, lorsque les contrats actuels seront arriv\u00e9s \u00e0 \u00e9ch\u00e9ance.<\/p>\n<p>Lire aussi :<\/p>\n<p>Dans cet article<\/p>\n<p>    L\u00e9na Buffa\n<\/p>\n<p>    MotoGP\n<\/p>\n<p>    WorldSBK\n<\/p>\n<p>    Nicol\u00f2 Bulega\n<\/p>\n<p>    Ducati Team\n<\/p>\n<p>    Aruba.it Racing Junior Team\n<\/p>\n<p>Soyez le premier inform\u00e9 et souscrivez aux alertes mails pour recevoir les infos en temps r\u00e9el<\/p>\n<p>    S&rsquo;abonner aux alertes de news<\/p>\n","protected":false},"excerpt":{"rendered":"L&rsquo;information que nous anticipions le mois dernier se confirme\u00a0:\u00a0Nicol\u00f2 Bulega va tester la Ducati de MotoGP. Le pilote&hellip;\n","protected":false},"author":2,"featured_media":167072,"comment_status":"","ping_status":"","sticky":false,"template":"","format":"standard","meta":{"footnotes":""},"categories":[1413],"tags":[30066,4950,1011,27,1457,1456,1458,21081,60,11034],"class_list":{"0":"post-167071","1":"post","2":"type-post","3":"status-publish","4":"format-standard","5":"has-post-thumbnail","7":"category-moto","8":"tag-aruba-it-racing-junior-team","9":"tag-ducati-team","10":"tag-fr","11":"tag-france","12":"tag-moto","13":"tag-motocycle","14":"tag-motogp","15":"tag-nicolu00f2-bulega","16":"tag-sports","17":"tag-worldsbk"},"share_on_mastodon":{"url":"https:\/\/pubeurope.com\/@fr\/114662234092880662","error":""},"_links":{"self":[{"href":"https:\/\/www.europesays.com\/fr\/wp-json\/wp\/v2\/posts\/167071","targetHints":{"allow":["GET"]}}],"collection":[{"href":"https:\/\/www.europesays.com\/fr\/wp-json\/wp\/v2\/posts"}],"about":[{"href":"https:\/\/www.europesays.com\/fr\/wp-json\/wp\/v2\/types\/post"}],"author":[{"embeddable":true,"href":"https:\/\/www.europesays.com\/fr\/wp-json\/wp\/v2\/users\/2"}],"replies":[{"embeddable":true,"href":"https:\/\/www.europesays.com\/fr\/wp-json\/wp\/v2\/comments?post=167071"}],"version-history":[{"count":0,"href":"https:\/\/www.europesays.com\/fr\/wp-json\/wp\/v2\/posts\/167071\/revisions"}],"wp:featuredmedia":[{"embeddable":true,"href":"https:\/\/www.europesays.com\/fr\/wp-json\/wp\/v2\/media\/167072"}],"wp:attachment":[{"href":"https:\/\/www.europesays.com\/fr\/wp-json\/wp\/v2\/media?parent=167071"}],"wp:term":[{"taxonomy":"category","embeddable":true,"href":"https:\/\/www.europesays.com\/fr\/wp-json\/wp\/v2\/categories?post=167071"},{"taxonomy":"post_tag","embeddable":true,"href":"https:\/\/www.europesays.com\/fr\/wp-json\/wp\/v2\/tags?post=167071"}],"curies":[{"name":"wp","href":"https:\/\/api.w.org\/{rel}","templated":true}]}}