{"id":167075,"date":"2025-06-11T01:54:20","date_gmt":"2025-06-11T01:54:20","guid":{"rendered":"https:\/\/www.europesays.com\/fr\/167075\/"},"modified":"2025-06-11T01:54:20","modified_gmt":"2025-06-11T01:54:20","slug":"yssingeaux-160-km-a-velo-pour-les-3e-de-george-sand","status":"publish","type":"post","link":"https:\/\/www.europesays.com\/fr\/167075\/","title":{"rendered":"Yssingeaux : 160 km \u00e0 v\u00e9lo pour les 3e de George-Sand"},"content":{"rendered":"<p>\t\t\t\t\t\t\t\t\t\t\t\t\t\t\t\t\t\t\t\t\t\t\t\t\t\t\t\t\t\t\t\t\t\t\t\t\t\t\t\t\t\t\t\t\t\t<img decoding=\"async\" src=\"https:\/\/www.europesays.com\/fr\/wp-content\/uploads\/2025\/06\/rural2025-4.gif\" alt=\"Tence Rural Master juin 2025\"\/><\/p>\n<p><strong>Les \u00e9l\u00e8ves de troisi\u00e8me du lyc\u00e9e George-Sand d&rsquo;Yssingeaux sont revenus de leur voyage en itin\u00e9rance : \u00ab\u00a0l&rsquo;aventure \u00e0 v\u00e9lo\u00a0\u00bb.\u00a0<\/strong><\/p>\n<p>Ce voyage de 160 km \u00e0 v\u00e9lo les a conduits depuis Mornas (o\u00f9 ils sont arriv\u00e9s en bus), au Grau-du-Roi dans le Gard, en suivant la Via Rhona \u00e0 v\u00e9lo. Le premier jour leur a permis de d\u00e9couvrir Avignon sous une chaleur \u00e9crasante.<\/p>\n<p>Durant la deuxi\u00e8me journ\u00e9e, 65 km ont \u00e9t\u00e9 parcourus en \u00e9vitant les orages.<\/p>\n<p>Le troisi\u00e8me jour apr\u00e8s la visite d&rsquo;une manade traditionnelle, tout le monde a parcouru les derniers 50 km avec une arriv\u00e9e au Grau-du-Roi vers 18 heures pour baignade et shopping.<\/p>\n<p>Le dernier jour \u00e9tait plac\u00e9 sous le signe de la d\u00e9tente au parc aquatique du camping avant le retour \u00e0 Yssingeaux.<\/p>\n<p>Les jeunes ont d\u00e9couvert de nouveaux horizons, sans oublier en amont la gestion et l&rsquo;organisation d&rsquo;un projet de A \u00e0 Z.<\/p>\n","protected":false},"excerpt":{"rendered":"Les \u00e9l\u00e8ves de troisi\u00e8me du lyc\u00e9e George-Sand d&rsquo;Yssingeaux sont revenus de leur voyage en itin\u00e9rance : \u00ab\u00a0l&rsquo;aventure \u00e0&hellip;\n","protected":false},"author":2,"featured_media":167076,"comment_status":"","ping_status":"","sticky":false,"template":"","format":"standard","meta":{"footnotes":""},"categories":[1411],"tags":[2281,1154,207,2282,1011,27,2280,2284,2285,2283,60],"class_list":{"0":"post-167075","1":"post","2":"type-post","3":"status-publish","4":"format-standard","5":"has-post-thumbnail","7":"category-cyclisme","8":"tag-actualite-43","9":"tag-cycling","10":"tag-cyclisme","11":"tag-faits-divers-auvergne","12":"tag-fr","13":"tag-france","14":"tag-information-haute-loire","15":"tag-infos-43","16":"tag-journal-haute-loire","17":"tag-la-commere-43","18":"tag-sports"},"share_on_mastodon":{"url":"https:\/\/pubeurope.com\/@fr\/114662242050091763","error":""},"_links":{"self":[{"href":"https:\/\/www.europesays.com\/fr\/wp-json\/wp\/v2\/posts\/167075","targetHints":{"allow":["GET"]}}],"collection":[{"href":"https:\/\/www.europesays.com\/fr\/wp-json\/wp\/v2\/posts"}],"about":[{"href":"https:\/\/www.europesays.com\/fr\/wp-json\/wp\/v2\/types\/post"}],"author":[{"embeddable":true,"href":"https:\/\/www.europesays.com\/fr\/wp-json\/wp\/v2\/users\/2"}],"replies":[{"embeddable":true,"href":"https:\/\/www.europesays.com\/fr\/wp-json\/wp\/v2\/comments?post=167075"}],"version-history":[{"count":0,"href":"https:\/\/www.europesays.com\/fr\/wp-json\/wp\/v2\/posts\/167075\/revisions"}],"wp:featuredmedia":[{"embeddable":true,"href":"https:\/\/www.europesays.com\/fr\/wp-json\/wp\/v2\/media\/167076"}],"wp:attachment":[{"href":"https:\/\/www.europesays.com\/fr\/wp-json\/wp\/v2\/media?parent=167075"}],"wp:term":[{"taxonomy":"category","embeddable":true,"href":"https:\/\/www.europesays.com\/fr\/wp-json\/wp\/v2\/categories?post=167075"},{"taxonomy":"post_tag","embeddable":true,"href":"https:\/\/www.europesays.com\/fr\/wp-json\/wp\/v2\/tags?post=167075"}],"curies":[{"name":"wp","href":"https:\/\/api.w.org\/{rel}","templated":true}]}}