{"id":167079,"date":"2025-06-11T01:56:12","date_gmt":"2025-06-11T01:56:12","guid":{"rendered":"https:\/\/www.europesays.com\/fr\/167079\/"},"modified":"2025-06-11T01:56:12","modified_gmt":"2025-06-11T01:56:12","slug":"nicole-croisille-et-leuthanasie-quelques-jours-apres-sa-mort-la-revelation-fracassante","status":"publish","type":"post","link":"https:\/\/www.europesays.com\/fr\/167079\/","title":{"rendered":"Nicole Croisille et l\u2019euthanasie : quelques jours apr\u00e8s sa mort, la r\u00e9v\u00e9lation fracassante"},"content":{"rendered":"<p>Si la maladie ne l\u2019avait pas emport\u00e9e, <strong>elle aurait mis fin \u00e0 ses jours en Belgique<\/strong>. Le 4 juin 2025,<a href=\"https:\/\/www.public.fr\/nicole-croisille-lagent-de-la-chanteuse-annonce-son-deces-a-lage-de-88-ans\" target=\"_blank\" rel=\"noopener\"> Nicole Croisille perdait la vie \u00e0 l\u2019\u00e2ge de 88 ans<\/a> comme l\u2019annon\u00e7aient nos confr\u00e8res de France Info. Une information confirm\u00e9e, dans la foul\u00e9e, par son agent, indiquant qu\u2019elle avait succomb\u00e9 des suites d\u2019une longue maladie.\u00a0<\/p>\n<p>Chanteuse, actrice et danseuse, <a href=\"https:\/\/vsd.fr\/tag\/nicole-croisille\/\" target=\"_blank\" rel=\"noopener\">la star<\/a> a marqu\u00e9 des g\u00e9n\u00e9rations de m\u00e9lomanes gr\u00e2ce \u00e0 des titres comme\u00a0<strong>\u00ab\u00a0Parlez-moi de lui\u00a0\u00bb<\/strong>,\u00a0<strong>\u00ab\u00a0T\u00e9l\u00e9phone-moi\u00a0\u00bb<\/strong>,\u00a0<strong>\u00ab\u00a0Une femme avec toi\u00a0\u00bb<\/strong>\u00a0ou encore\u00a0<strong>\u00ab\u00a0La Garonne\u00a0\u00bb<\/strong>.<\/p>\n<p>Quelques semaines avant sa disparition, elle a accord\u00e9 <a href=\"https:\/\/www.elle.fr\/Societe\/Interviews\/Exclusif-Nicole-Croisille-Pourquoi-continuer-a-souffrir-4352317\" target=\"_blank\" rel=\"noopener\">un entretien \u00e0 ELLE<\/a> dans lequel elle \u00e9voque sa mort programm\u00e9e en Belgique et impose une seule condition \u00e0 la parution de cet entretien : la publier apr\u00e8s son d\u00e9c\u00e8s.<\/p>\n<p>La maladie apr\u00e8s le confinement<\/p>\n<p>Dans cette interview Nicole Croisille \u00e9voque sa maladie et la fa\u00e7on dont elle l\u2019a apprise. Un cancer qu\u2019elle a d\u00e9couvert, presque d\u2019elle-m\u00eame, juste apr\u00e8s le confinement. \u00ab\u00a0Parce que je suis t\u00eatue, et parce que le m\u00e9tier que j\u2019ai choisi, alors que j\u2019avais 10 ans, exige de vous que vous soyez toujours en forme\u00a0\u00bb, indique-t-elle \u00e0 ELLE.<\/p>\n<p>En effet, alors qu\u2019elle vient de r\u00e9aliser une coloscopie et une mammographie qui n\u2019ont rien donn\u00e9, la chanteuse disparue \u00e0 l\u2019\u00e2ge de 88 ans demande \u00e0 l\u2019\u00e9chographiste de \u00ab\u00a0regarder le foie\u00a0\u00bb. Un examen qui va permettre de d\u00e9couvrir une tumeur, qui occupe la moiti\u00e9 de l\u2019organe.<\/p>\n<p><a href=\"https:\/\/www.public.fr\/nicole-croisille-sous-chimiotherapie\" target=\"_blank\" rel=\"noopener\">L\u2019op\u00e9ration et la chimioth\u00e9rapie<\/a> qui s\u2019ensuivent ont \u00ab\u00a0d\u00e9truit\u00a0\u00bb Nicole Croisille. Dans l\u2019entretien avec nos confr\u00e8res, elle \u00e9voque notamment les \u00ab\u00a0naus\u00e9es perp\u00e9tuelles\u00a0\u00bb et l\u2019\u00a0\u00bbimmense fatigue\u00a0\u00bb. Malheureusement, ses tumeurs ne diminuent pas, au contraire. Et apr\u00e8s un nouveau traitement, l\u2019artiste disparue le 4 juin dernier d\u00e9cide finalement de renoncer.\u00a0<\/p>\n<p>Nicole Croisille a song\u00e9 \u00e0 l&rsquo;euthanasie et avait tout pr\u00e9vu<\/p>\n<p>Elle songe alors \u00e0 l\u2019euthanasie : \u00ab\u00a0<strong>Cela fait des ann\u00e9es que j\u2019y pense. (\u2026) En France, \u00e7a n\u2019\u00e9tait envisageable que si un m\u00e9decin s\u2019engageait \u00e0 m\u2019aider en secret<\/strong>\u00ab\u00a0. Avec un \u00ab\u00a0tr\u00e8s bon ami oncologue\u00a0\u00bb, membre de la commission des soignants de l\u2019Association pour le droit de mourir dans la dignit\u00e9, elle se confie alors sur ses d\u00e9marches pour aller mourir en Belgique,\u00a0<\/p>\n<p><strong>\u00ab\u00a0Non, je n\u2019attends que \u00e7a\u00a0\u00bb<\/strong>, assure d\u2019ailleurs Nicole Croisille lorsque la journaliste de ELLE lui demande : \u00ab\u00a0\u00c7a ne vous fait pas peur ?\u00a0\u00bb. \u00ab\u00a0C\u2019est moi seule qui d\u00e9cide, je suis libre. La soci\u00e9t\u00e9, telle qu\u2019elle est aujourd\u2019hui, n\u2019en a rien \u00e0 foutre des vieux qui meurent\u00a0\u00bb, poursuit-elle.\u00a0<\/p>\n<p>Et si Nicole Croisille a pu <strong>\u00ab\u00a0prendre ses dispositions\u00a0\u00bb pour mourir en Belgique<\/strong>, c\u2019est aussi parce qu\u2019elle n\u2019a pas de charges, pas d\u2019enfants. \u00ab\u00a0C\u2019est assez facile de tout mettre en ordre, d\u00e9gag\u00e9 plein de gens (\u2026) de sorte qu\u2019il n\u2019y ait pas trop de monde qui compte sur moi\u00a0\u00bb, explique-t-elle au cours de l\u2019entretien.<\/p>\n<p>Finalement, la chanteuse se faisait hospitaliser en urgence le 1er juin en se faisant plonger dans une s\u00e9dation profonde selon les directives de la\u00a0loi Leonetti, dans une clinique parisienne, \u00e0 la date arr\u00eat\u00e9e pour son suicide.<\/p>\n<p>      Mentionn\u00e9s dans cet article<\/p>\n<p>\u00c0 lire aussi<\/p>\n","protected":false},"excerpt":{"rendered":"Si la maladie ne l\u2019avait pas emport\u00e9e, elle aurait mis fin \u00e0 ses jours en Belgique. Le 4&hellip;\n","protected":false},"author":2,"featured_media":167080,"comment_status":"","ping_status":"","sticky":false,"template":"","format":"standard","meta":{"footnotes":""},"categories":[1359],"tags":[58,59,17193,1011,27,226,18,973],"class_list":{"0":"post-167079","1":"post","2":"type-post","3":"status-publish","4":"format-standard","5":"has-post-thumbnail","7":"category-people","8":"tag-divertissement","9":"tag-entertainment","10":"tag-euthanasie","11":"tag-fr","12":"tag-france","13":"tag-maladie","14":"tag-mort","15":"tag-people"},"share_on_mastodon":{"url":"https:\/\/pubeurope.com\/@fr\/114662249944712019","error":""},"_links":{"self":[{"href":"https:\/\/www.europesays.com\/fr\/wp-json\/wp\/v2\/posts\/167079","targetHints":{"allow":["GET"]}}],"collection":[{"href":"https:\/\/www.europesays.com\/fr\/wp-json\/wp\/v2\/posts"}],"about":[{"href":"https:\/\/www.europesays.com\/fr\/wp-json\/wp\/v2\/types\/post"}],"author":[{"embeddable":true,"href":"https:\/\/www.europesays.com\/fr\/wp-json\/wp\/v2\/users\/2"}],"replies":[{"embeddable":true,"href":"https:\/\/www.europesays.com\/fr\/wp-json\/wp\/v2\/comments?post=167079"}],"version-history":[{"count":0,"href":"https:\/\/www.europesays.com\/fr\/wp-json\/wp\/v2\/posts\/167079\/revisions"}],"wp:featuredmedia":[{"embeddable":true,"href":"https:\/\/www.europesays.com\/fr\/wp-json\/wp\/v2\/media\/167080"}],"wp:attachment":[{"href":"https:\/\/www.europesays.com\/fr\/wp-json\/wp\/v2\/media?parent=167079"}],"wp:term":[{"taxonomy":"category","embeddable":true,"href":"https:\/\/www.europesays.com\/fr\/wp-json\/wp\/v2\/categories?post=167079"},{"taxonomy":"post_tag","embeddable":true,"href":"https:\/\/www.europesays.com\/fr\/wp-json\/wp\/v2\/tags?post=167079"}],"curies":[{"name":"wp","href":"https:\/\/api.w.org\/{rel}","templated":true}]}}