{"id":167085,"date":"2025-06-11T01:59:15","date_gmt":"2025-06-11T01:59:15","guid":{"rendered":"https:\/\/www.europesays.com\/fr\/167085\/"},"modified":"2025-06-11T01:59:15","modified_gmt":"2025-06-11T01:59:15","slug":"avant-premiere-plus-belle-la-vie-encore-plus-belle-du-jeudi-12-juin-2025-episode-353-tf1-fr","status":"publish","type":"post","link":"https:\/\/www.europesays.com\/fr\/167085\/","title":{"rendered":"Avant-premi\u00e8re &#8211; Plus belle la vie, encore plus belle du jeudi 12 juin 2025 &#8211; Episode 353 &#8211; tf1.fr"},"content":{"rendered":"<ol>\n<li><a href=\"https:\/\/news.google.com\/rss\/articles\/CBMi3wFBVV95cUxNX3VPLU9CdkNxdUJ6bGprMldadk1RU01sWHA3aGdmd3ZaaVd2bVc1TVYxWE5rSU9zU3ZITS1RbVYxUVhsX1NnN0VMWWk3QkN5ZVNPalM3MVIwSy1CRExYTkZPX0lYUDZkZUt0ZjVPVHp6TjVWQ1hiZnZoaGlhaU1BWlYzUGlmVjZHRXd6bUhESGNSb0ZaejdPSUNfR3lMVzYtVzEwc01GVVNpemEwaVlXTHVJRzJsMktTdjV6cVJicXN4dEx4SjVyVkh0Q2dyc0hHOEJrNGRRU3pyWFJjQkRR?oc=5\" target=\"_blank\" rel=\"noopener\">Avant-premi\u00e8re &#8211; Plus belle la vie, encore plus belle du jeudi 12 juin 2025 &#8211; Episode 353<\/a>&nbsp;&nbsp;tf1.fr<\/li>\n<li><a href=\"https:\/\/news.google.com\/rss\/articles\/CBMiUkFVX3lxTE5IQUhFaUg5VGZMbUpaVENMcFpqOTJRSFMwUDk4WDd0Sml1c050SzJQb0xRZlllcFN5a19FSGVjQ1dBX29FTUhYaDRkYmpxUHR6dEE?oc=5\" target=\"_blank\" rel=\"noopener\">Plus belle la vie, encore plus belle (PBLV)<\/a>&nbsp;&nbsp;tf1.fr<\/li>\n<li><a href=\"https:\/\/news.google.com\/rss\/articles\/CBMi0wJBVV95cUxNRVRJeXA5aWEyV2Y0UWNTTlJXM09mY2tHc2NBUnJSM3Qyb05rVXZPTHdVdnVNZjc0V3lJc1JXSHE1NVlsNy1aYVdZY1VlU084bjNqc25vUlA1R1hoc1I3dVM2QURtdUNGNmRSNHBvUEQ4ZDdnU0FTYXNKbmw3ZEFoMjZrMElfR3B5YlA2UUVzYlpYYTlrSXdkNkl4M3RyNlVjUEQ1aWxJTkFpWjY4RHJEcHBpcTBrRkhUd2hncnlISnctTElwMzNLbnhPRlphSFVKMFBnSU92bWpzdXBSZ1o5dHIyU09EOGVINVQ4X29uZEs2Mk1kd19xcWdPdElJcVVFb0s5VXQwdW1oeTdFY2FMTmg2Ym8wMUd1cjQ4UGZPeDVxODZxTTZwajkxRFF4MTlvemVMdlVvcDkzNTFkWFAyVkU3aWRyZ1dqWF9WRmdKSXZzZ1E?oc=5\" target=\"_blank\" rel=\"noopener\">Plus belle la vie en avance : Apolline se r\u00e9veille, Augustin passe aux aveux, Gabriel invite Axel et Chlo\u00e9 est rattrap\u00e9e par son pass\u00e9&#8230; Le r\u00e9sum\u00e9 de l\u2019\u00e9pisode 352 du mercredi 11 juin 2025<\/a>&nbsp;&nbsp;programme-tv.net<\/li>\n<li><a href=\"https:\/\/news.google.com\/rss\/articles\/CBMifkFVX3lxTE5RcTczNGxrQjVNdkNsQjcyWGZXY1VuQjNDeU43NlY4WTRXM3AzMnU2S2Z3WHdOWjB0dWNlWTRBR2ppWnhTS3NOZWlQZDlsR1VhNC00TTV2amozeVB4d2dTZHZLdXl1TGFKMzUyTzBMNUMtSktQTmRMX05nTWRYQQ?oc=5\" target=\"_blank\" rel=\"noopener\">Plus belle la vie : Apolline va-t-elle survivre ?<\/a>&nbsp;&nbsp;AlloCin\u00e9<\/li>\n<li><a href=\"https:\/\/news.google.com\/rss\/articles\/CBMi-gFBVV95cUxQb1NoUFBpUHRqWS14RTdLaERZbDBXTXpJekJQTWVxNTBnRkdaUVhEa2FiUXpSdjctMVZFdERCRTFtTUh0ZWkxUnQyNFhsWkZ0YkJMZ3AzUVhYN1R1Y3VsSzVocUJJQ2lxUHNaLVU5dnVhNEJLSkNtQkVQR0s0TXZNMDF0c2U1SGlHQzFLblRnSkhhb2dxSXhFYzRsWmxEX1ppcnJhek1LVmZVMFk4RmFBajZ2UDRQUndsWEVFbzlTekZCM2tiUVdJcUtpbHNmTmdMVUNUaXdGdlpINVBLaGEtN2otV3Jvb2U4c21xVlU4SWUzZWM5bXdLNVlB?oc=5\" target=\"_blank\" rel=\"noopener\">Babeth braqu\u00e9e et Chlo\u00e9 kidnapp\u00e9e : Luna va-t-elle les sauver ? &#8211; Plus belle la vie 13 juin 2025 (\u00e9pisode 354 &#8211; r\u00e9sum\u00e9 complet PBLV)<\/a>&nbsp;&nbsp;Nouveaut\u00e9s-T\u00e9l\u00e9.com<\/li>\n<\/ol>\n","protected":false},"excerpt":{"rendered":"Avant-premi\u00e8re &#8211; Plus belle la vie, encore plus belle du jeudi 12 juin 2025 &#8211; Episode 353&nbsp;&nbsp;tf1.fr Plus&hellip;\n","protected":false},"author":2,"featured_media":167086,"comment_status":"","ping_status":"","sticky":false,"template":"","format":"standard","meta":{"footnotes":""},"categories":[1356],"tags":[58,1367,1369,59,1365,1366,1011,27,1368,1371,252,1364,1372,1370],"class_list":{"0":"post-167085","1":"post","2":"type-post","3":"status-publish","4":"format-standard","5":"has-post-thumbnail","7":"category-television","8":"tag-divertissement","9":"tag-encore-plus-belle","10":"tag-encore-plus-belle-episode","11":"tag-entertainment","12":"tag-episode","13":"tag-episode-plus-belle-la-vie","14":"tag-fr","15":"tag-france","16":"tag-plus-belle-la-vie","17":"tag-streaming-plus-belle-la-vie","18":"tag-television","19":"tag-tv","20":"tag-video-en-streaming-plus-belle-la-vie","21":"tag-video-plus-belle-la-vie"},"share_on_mastodon":{"url":"https:\/\/pubeurope.com\/@fr\/114662261758480735","error":""},"_links":{"self":[{"href":"https:\/\/www.europesays.com\/fr\/wp-json\/wp\/v2\/posts\/167085","targetHints":{"allow":["GET"]}}],"collection":[{"href":"https:\/\/www.europesays.com\/fr\/wp-json\/wp\/v2\/posts"}],"about":[{"href":"https:\/\/www.europesays.com\/fr\/wp-json\/wp\/v2\/types\/post"}],"author":[{"embeddable":true,"href":"https:\/\/www.europesays.com\/fr\/wp-json\/wp\/v2\/users\/2"}],"replies":[{"embeddable":true,"href":"https:\/\/www.europesays.com\/fr\/wp-json\/wp\/v2\/comments?post=167085"}],"version-history":[{"count":0,"href":"https:\/\/www.europesays.com\/fr\/wp-json\/wp\/v2\/posts\/167085\/revisions"}],"wp:featuredmedia":[{"embeddable":true,"href":"https:\/\/www.europesays.com\/fr\/wp-json\/wp\/v2\/media\/167086"}],"wp:attachment":[{"href":"https:\/\/www.europesays.com\/fr\/wp-json\/wp\/v2\/media?parent=167085"}],"wp:term":[{"taxonomy":"category","embeddable":true,"href":"https:\/\/www.europesays.com\/fr\/wp-json\/wp\/v2\/categories?post=167085"},{"taxonomy":"post_tag","embeddable":true,"href":"https:\/\/www.europesays.com\/fr\/wp-json\/wp\/v2\/tags?post=167085"}],"curies":[{"name":"wp","href":"https:\/\/api.w.org\/{rel}","templated":true}]}}