{"id":167108,"date":"2025-06-11T02:13:41","date_gmt":"2025-06-11T02:13:41","guid":{"rendered":"https:\/\/www.europesays.com\/fr\/167108\/"},"modified":"2025-06-11T02:13:41","modified_gmt":"2025-06-11T02:13:41","slug":"chloe-schlauder-redonne-vie-aux-dechets","status":"publish","type":"post","link":"https:\/\/www.europesays.com\/fr\/167108\/","title":{"rendered":"Chlo\u00e9 Schlauder redonne vie aux d\u00e9chets"},"content":{"rendered":"<p>Utiliser les d\u00e9chets pour en faire des objets\u00a0? A l\u2019heure o\u00f9 l\u2019 <a href=\"https:\/\/www.estrepublicain.fr\/economie\/2025\/04\/18\/economie-circulaire-trouver-des-modeles-et-entretenir-la-dynamique\" target=\"_blank\" rel=\"noopener\">\u00e9conomie circulaire<\/a> prend de plus en plus d\u2019importance, le concept a de quoi s\u00e9duire. C\u2019est \u00e0 l\u2019occasion d\u2019un projet de fin d\u2019\u00e9tudes qu\u2019il a germ\u00e9 dans l\u2019esprit de Chlo\u00e9 Schlauder. \u00ab\u00a0J\u2019\u00e9tudiais alors en Alsace o\u00f9 une communaut\u00e9 de communes cherchait \u00e0 trouver des solutions pour r\u00e9duire ses d\u00e9chets et devenir un territoire \u00e0 \u00e9nergie positive\u00a0\u00bb, raconte la jeune nanc\u00e9ienne. Apr\u00e8s avoir b\u00fbch\u00e9 sur la question, Chlo\u00e9 Schlauder a d\u00e9cid\u00e9 de creuser ce sillon une fois son dipl\u00f4me en poche, <a href=\"https:\/\/www.estrepublicain.fr\/environnement\/2022\/06\/08\/le-dechet-comme-ressource\" target=\"_blank\" rel=\"noopener\"> en int\u00e9grant il y a trois ans la couveuse d\u2019entreprise \u00ab\u00a0Grand Test\u00a0\u00bb<\/a> puis en lan\u00e7ant sa microentreprise \u00ab\u00a0La Pulperie\u00a0\u00bb en janvier\u00a02024.<\/p>\n<p>  \u00ab\u00a0Le but, c\u2019est de sensibiliser\u00a0\u00bb<\/p>\n<p>L\u2019id\u00e9e\u00a0? Utiliser des d\u00e9chets papier ou organique pour en faire une p\u00e2te (appel\u00e9e aussi pulpe, d\u2019o\u00f9 le nom de la soci\u00e9t\u00e9) qui servira \u00e0 r\u00e9aliser diff\u00e9rents objets de petit mobilier ou de d\u00e9coration. A R\u00e9m\u00e9r\u00e9ville, au sud de Nancy, o\u00f9 elle a son atelier, Chlo\u00e9 Schlauder laisse parler sa cr\u00e9ativit\u00e9 pour concevoir des objets (du vase au bougeoir en passant par la petite table d\u2019appoint) qu\u2019elle propose \u00e0 la vente. Mais elle s\u2019est aussi lanc\u00e9e dans une d\u00e9marche de transmission. \u00ab\u00a0Le but, c\u2019est de sensibiliser dans les entreprises, \u00e9coles, collectivit\u00e9s\u2026\u00a0\u00bb reprend-elle. Elle propose ainsi des ateliers pour permettre aux personnes de comprendre comment faire ce type d\u2019objets. \u00ab\u00a0Chaque personne peut devenir \u00e0 son tour cr\u00e9ateur d\u2019objets recycl\u00e9s\u00a0\u00bb poursuit-elle, \u00ab\u00a0pour les participants, c\u2019est beaucoup plus impactant\u00a0\u00bb.<\/p>\n<p>Pr\u00e9sente toute la semaine \u00e0 la <a href=\"https:\/\/www.estrepublicain.fr\/culture-loisirs\/foire-exposition-de-nancy\" target=\"_blank\" rel=\"noopener\">foire expo de Nancy,<\/a> Chlo\u00e9 Schlauder fera d\u00e9couvrir la jeune soci\u00e9t\u00e9 aux visiteurs. L\u2019an dernier, ceux-ci avaient \u00e9t\u00e9 s\u00e9duits par le concept puisque \u00ab\u00a0La Pulperie\u00a0\u00bb avait obtenu le coup de c\u0153ur du public lors du <a href=\"https:\/\/www.estrepublicain.fr\/culture-loisirs\/2024\/06\/03\/foire-expo-le-trophee-gustave-nanceien-pour-yago\" target=\"_blank\" rel=\"noopener\">troph\u00e9e Gustave<\/a> \u2026<\/p>\n","protected":false},"excerpt":{"rendered":"Utiliser les d\u00e9chets pour en faire des objets\u00a0? A l\u2019heure o\u00f9 l\u2019 \u00e9conomie circulaire prend de plus en&hellip;\n","protected":false},"author":2,"featured_media":167109,"comment_status":"","ping_status":"","sticky":false,"template":"","format":"standard","meta":{"footnotes":""},"categories":[9635],"tags":[1111,11,33,1704,1777,674,1011,27,775,3457,1702,1703,12,25,216],"class_list":{"0":"post-167108","1":"post","2":"type-post","3":"status-publish","4":"format-standard","5":"has-post-thumbnail","7":"category-nancy","8":"tag-actu","9":"tag-actualites","10":"tag-economie","11":"tag-edition-nancy-et-agglomeration","12":"tag-eu","13":"tag-europe","14":"tag-fr","15":"tag-france","16":"tag-grand-est","17":"tag-meurthe-et-moselle","18":"tag-nancy","19":"tag-nancy-ville-54b","20":"tag-news","21":"tag-republique-francaise","22":"tag-vie-des-entreprises"},"share_on_mastodon":{"url":"https:\/\/pubeurope.com\/@fr\/114662316601133722","error":""},"_links":{"self":[{"href":"https:\/\/www.europesays.com\/fr\/wp-json\/wp\/v2\/posts\/167108","targetHints":{"allow":["GET"]}}],"collection":[{"href":"https:\/\/www.europesays.com\/fr\/wp-json\/wp\/v2\/posts"}],"about":[{"href":"https:\/\/www.europesays.com\/fr\/wp-json\/wp\/v2\/types\/post"}],"author":[{"embeddable":true,"href":"https:\/\/www.europesays.com\/fr\/wp-json\/wp\/v2\/users\/2"}],"replies":[{"embeddable":true,"href":"https:\/\/www.europesays.com\/fr\/wp-json\/wp\/v2\/comments?post=167108"}],"version-history":[{"count":0,"href":"https:\/\/www.europesays.com\/fr\/wp-json\/wp\/v2\/posts\/167108\/revisions"}],"wp:featuredmedia":[{"embeddable":true,"href":"https:\/\/www.europesays.com\/fr\/wp-json\/wp\/v2\/media\/167109"}],"wp:attachment":[{"href":"https:\/\/www.europesays.com\/fr\/wp-json\/wp\/v2\/media?parent=167108"}],"wp:term":[{"taxonomy":"category","embeddable":true,"href":"https:\/\/www.europesays.com\/fr\/wp-json\/wp\/v2\/categories?post=167108"},{"taxonomy":"post_tag","embeddable":true,"href":"https:\/\/www.europesays.com\/fr\/wp-json\/wp\/v2\/tags?post=167108"}],"curies":[{"name":"wp","href":"https:\/\/api.w.org\/{rel}","templated":true}]}}