{"id":167138,"date":"2025-06-11T02:37:18","date_gmt":"2025-06-11T02:37:18","guid":{"rendered":"https:\/\/www.europesays.com\/fr\/167138\/"},"modified":"2025-06-11T02:37:18","modified_gmt":"2025-06-11T02:37:18","slug":"celine-holynski-en-dedicace-a-la-fnac-lille","status":"publish","type":"post","link":"https:\/\/www.europesays.com\/fr\/167138\/","title":{"rendered":"C\u00e9line Holynski en d\u00e9dicace \u00e0 la Fnac Lille"},"content":{"rendered":"<p>L\u2019autrice sera l\u2019invit\u00e9e de la Fnac Lille \u00e0 l\u2019occasion d\u2019une s\u00e9ance de d\u00e9dicace de son dernier roman \u00ab La fabuleuse telenovela de la vie rat\u00e9e de Sophie D. \u00bb. Une com\u00e9die jubilatoire aux rebondissements rocambolesques, hommage flamboyant aux telenovelas mexicaines.<\/p>\n<p>La vie de Sophie aurait d\u00fb \u00eatre un conte de f\u00e9es. Brillante et aim\u00e9e de tous, il ne faisait aucun doute qu\u2019elle \u00e9tait promise \u00e0 un avenir radieux. Mais s\u2019il est vrai que les bonnes f\u00e9es se sont pench\u00e9es sur son berceau, on peut dire qu\u2019il y a bien longtemps qu\u2019elles l\u2019ont abandonn\u00e9e.<\/p>\n<p>Car aujourd\u2019hui, \u00e0 40 ans, Sophie se retrouve seule et d\u00e9prim\u00e9e, et pour couronner le tout, sans emploi depuis la mort inopin\u00e9e de son patron.<\/p>\n<p>Eh non, la vie n\u2019est pas un conte de f\u00e9es\u2026 Mais se pourrait-il qu\u2019elle prenne l\u2019allure d\u2019une telenovela ? Quand Sophie est rep\u00e9r\u00e9e pour jouer un petit r\u00f4le dans le feuilleton La pasi\u00f3n del coraz\u00f3n, elle s\u2019envole pour Mexico et d\u00e9couvre un univers o\u00f9 le mascara coule aussi souvent que les larmes, o\u00f9 les ego sont aussi d\u00e9mesur\u00e9s que les d\u00e9clarations d\u2019amour, et o\u00f9 le moindre coup de balai peut devenir une sc\u00e8ne d\u2019anthologie.<\/p>\n<p>Sous l\u2019oeil de la cam\u00e9ra, prise dans un tourbillon de p\u00e9rip\u00e9ties invraisemblables et d\u2019\u00e9motions exacerb\u00e9es, Sophie arrivera-t-elle \u00e0 d\u00e9m\u00ealer le vrai du faux et \u00e0 reprendre le contr\u00f4le de sa vie ?<\/p>\n<p><strong>L\u2019autrice C\u00e9line Holynsky<\/strong><\/p>\n<p><strong>C\u00e9line Holynski<\/strong> est com\u00e9dienne, humoriste et sc\u00e9nariste pour la t\u00e9l\u00e9vision. Elle est l\u2019autrice de trois romans qui suivent les aventures de Camille, h\u00e9ro\u00efne maladroite et attachante. Elle vit entre le Mexique et la France, et raconte ses p\u00e9rip\u00e9ties avec humour sur sa cha\u00eene YouTube et son compte Instagram.<\/p>\n<p style=\"text-align: center;\">*\u00c9v\u00e9nement gratuit, acc\u00e8s dans la limite des places disponibles<\/p>\n<p>        <img decoding=\"async\" src=\"https:\/\/www.europesays.com\/fr\/wp-content\/uploads\/2025\/04\/logo-rse.png\" alt=\"Logo RSE\" loading=\"lazy\" width=\"84\" height=\"116\"\/><\/p>\n<p>\n        La Fnac s\u2019engage activement dans les initiatives de responsabilit\u00e9 soci\u00e9tale des entreprises (RSE).\n    <\/p>\n<p>\n        Aidez-nous en choisissant la mobilit\u00e9 douce en privil\u00e9giant par exemple le v\u00e9lo (pistes cyclables et stationnements \u00e0 disposition), les transports en commun ou le covoiturage pour nous rejoindre. Ainsi, vous contribuez \u00e0 r\u00e9duire les \u00e9missions de gaz \u00e0 effet de serre et \u00e0 am\u00e9liorer notre qualit\u00e9 de l\u2019air. Pour plus d\u2019information, consultez la fiche du magasin.<br \/>Tous nos \u00e9v\u00e8nements sont en acc\u00e8s gratuit, dans la limite des places disponibles.\n    <\/p>\n","protected":false},"excerpt":{"rendered":"L\u2019autrice sera l\u2019invit\u00e9e de la Fnac Lille \u00e0 l\u2019occasion d\u2019une s\u00e9ance de d\u00e9dicace de son dernier roman \u00ab&hellip;\n","protected":false},"author":2,"featured_media":167139,"comment_status":"","ping_status":"","sticky":false,"template":"","format":"standard","meta":{"footnotes":""},"categories":[2815],"tags":[1111,11,1777,674,9391,1011,27,811,1307,5697,12,25,2004,1317],"class_list":{"0":"post-167138","1":"post","2":"type-post","3":"status-publish","4":"format-standard","5":"has-post-thumbnail","7":"category-lille","8":"tag-actu","9":"tag-actualites","10":"tag-eu","11":"tag-europe","12":"tag-evenement-fnac-gratuit","13":"tag-fr","14":"tag-france","15":"tag-hauts-de-france","16":"tag-lille","17":"tag-mexique","18":"tag-news","19":"tag-republique-francaise","20":"tag-roman","21":"tag-telenovela"},"share_on_mastodon":{"url":"https:\/\/pubeurope.com\/@fr\/114662411050295760","error":""},"_links":{"self":[{"href":"https:\/\/www.europesays.com\/fr\/wp-json\/wp\/v2\/posts\/167138","targetHints":{"allow":["GET"]}}],"collection":[{"href":"https:\/\/www.europesays.com\/fr\/wp-json\/wp\/v2\/posts"}],"about":[{"href":"https:\/\/www.europesays.com\/fr\/wp-json\/wp\/v2\/types\/post"}],"author":[{"embeddable":true,"href":"https:\/\/www.europesays.com\/fr\/wp-json\/wp\/v2\/users\/2"}],"replies":[{"embeddable":true,"href":"https:\/\/www.europesays.com\/fr\/wp-json\/wp\/v2\/comments?post=167138"}],"version-history":[{"count":0,"href":"https:\/\/www.europesays.com\/fr\/wp-json\/wp\/v2\/posts\/167138\/revisions"}],"wp:featuredmedia":[{"embeddable":true,"href":"https:\/\/www.europesays.com\/fr\/wp-json\/wp\/v2\/media\/167139"}],"wp:attachment":[{"href":"https:\/\/www.europesays.com\/fr\/wp-json\/wp\/v2\/media?parent=167138"}],"wp:term":[{"taxonomy":"category","embeddable":true,"href":"https:\/\/www.europesays.com\/fr\/wp-json\/wp\/v2\/categories?post=167138"},{"taxonomy":"post_tag","embeddable":true,"href":"https:\/\/www.europesays.com\/fr\/wp-json\/wp\/v2\/tags?post=167138"}],"curies":[{"name":"wp","href":"https:\/\/api.w.org\/{rel}","templated":true}]}}