{"id":16714,"date":"2025-04-11T07:08:52","date_gmt":"2025-04-11T07:08:52","guid":{"rendered":"https:\/\/www.europesays.com\/fr\/16714\/"},"modified":"2025-04-11T07:08:52","modified_gmt":"2025-04-11T07:08:52","slug":"ce-film-avec-penelope-cruz-est-un-remake-dun-film-espagnol-avec-penelope-cruz","status":"publish","type":"post","link":"https:\/\/www.europesays.com\/fr\/16714\/","title":{"rendered":"Ce film avec Pen\u00e9lope Cruz est un remake d&rsquo;un film espagnol&#8230; avec Pen\u00e9lope Cruz"},"content":{"rendered":"<p class=\"articleContent-meta\">\n        Mercredi 09 avril 2025 \u00e0 08:00 &#8211; par             <a class=\"articleContent-metaAuthorsLink\" href=\"https:\/\/www.cesoirtv.com\/auteur\/thomas-fourcroy\/\" target=\"_blank\" rel=\"noopener\">Thomas Fourcroy<\/a><\/p>\n<p>                    Tweeter<\/p>\n<p>                    Partager sur Facebook<\/p>\n<p>                        <img decoding=\"async\" src=\"https:\/\/www.europesays.com\/fr\/wp-content\/uploads\/2025\/04\/vanilla-sky-12-novembre.jpg\" alt=\"Player Video\" class=\"player-applyRatio poster exclude-seedtag\"\/><\/p>\n<p>Le mercredi 9 avril \u00e0 20h55, Arte diffuse Vanilla Sky. Un film culte port\u00e9 par Pen\u00e9lope Cruz, Tom Cruise et Cameron Diaz, qui trouve son origine chez nos voisins espagnols&#8230; <\/p>\n<p>Ann\u00e9es 2000, ann\u00e9es pleines de promesses&#8230; Et s&rsquo;il y a un film qui mat\u00e9rialise cette \u00e9nergie-l\u00e0, entre nouvelles technologies et mirage de \u00ab\u00a0l&rsquo;American way of life\u00a0\u00bb, c&rsquo;est bien le troublant Vanilla Sky. Port\u00e9 par la superstar <a href=\"https:\/\/www.cesoirtv.com\/news\/cinema\/1731-collateral-pour-se-mettre-dans-la-peau-dun-tueur-a-gages-tom-cruise-est-alle-tres-tres-loin\/\" target=\"_blank\" rel=\"noopener\">Tom Cruise<\/a>, il fait la part belle \u00e0 de nombreux talents, de <a href=\"https:\/\/www.cesoirtv.com\/news\/cinema\/943-night-and-day-tom-cruise-et-cameron-diaz-ont-ils-realise-eux-memes-leurs-cascades\/\" target=\"_blank\" rel=\"noopener\">Cameron Diaz<\/a> \u00e0 Tilda Swinton en passant par Kurt Russell et <a href=\"https:\/\/www.cesoirtv.com\/news\/cinema\/2446-javier-bardem-et-penelope-cruz-un-couple-vraiment-a-laise-a-l-idee-de-tourner-ensemble\/\" target=\"_blank\" rel=\"noopener\">Pen\u00e9lope Cruz<\/a>. Une actrice qui en 2001, sous la direction de Cameron Crowe a repris le r\u00f4le qu&rsquo;elle tenait quelques ann\u00e9es plus t\u00f4t dans Ouvre les yeux. Normal, il s&rsquo;agit d&rsquo;un remake !<\/p>\n<p>Vanilla Sky : thriller troublant sur l\u2019histoire d\u00e9figur\u00e9e d&rsquo;un play-boy<\/p>\n<p>La vie de David Aames est celle d&rsquo;un play-boy plein aux as. En effet, h\u00e9ritier d&rsquo;une immense fortune, il est \u00e0 la t\u00eate d&rsquo;une grande soci\u00e9t\u00e9 et n&rsquo;en fini plus d&rsquo;encha\u00eener les sorties fastueuses, dans une ville de New-York qui n&rsquo;a aucun secret pour lui. Parmi les femmes qu&rsquo;il compte \u00e0 ses c\u00f4t\u00e9s, on croise une certaine Julie, qui ne tient pas \u00e0 \u00eatre une conqu\u00eate parmi d&rsquo;autres&#8230; Un soir, David va faire la connaissance de Sofia, une danseuse espagnole, et enfin, croire \u00e0 l&rsquo;amour. Mais au petit matin, c&rsquo;est Julie qui va l&rsquo;attendre au bas du domicile de Sofia. R\u00e9ussissant \u00e0 le convaincre de monter en voiture, elle va, dans un acc\u00e8s de col\u00e8re, conduire \u00e0 une alors folle allure&#8230; Apr\u00e8s un terrible accident co\u00fbtant la vie \u00e0 la conductrice, David va se r\u00e9veiller d\u00e9figur\u00e9. De quoi voir son quotidien changer radicalement ?<\/p>\n<p>                                    Au sommet de son art, Pen\u00e9lope Cruz fait coup double<\/p>\n<p>Ce sc\u00e9nario, c&rsquo;est d&rsquo;abord celui du r\u00e9alisateur Alejandro Amen\u00e1bar et du sc\u00e9nariste Mateo Gil. En effet, ils ont sign\u00e9 en 1997 Abre los ojos, soit Ouvre les yeux en VF. Un \u00e9norme succ\u00e8s en Espagne, nomm\u00e9 pas moins de dix fois aux C\u00e9sar locaux, les Goya, et qui re\u00e7ut le Grand Prix du Festival International du Film de Tokyo en 1999. Un sacr\u00e9 succ\u00e8s ayant int\u00e9ress\u00e9 les studios am\u00e9ricains et le duo de producteurs Paula Wagner &#8211; Tom Cruise ! Cela a donc donn\u00e9 le thriller d\u2019anticipation Vanilla Sky, r\u00e9alis\u00e9 par Cameron Crowe, dans lequel Cruise a ainsi pris la place d&rsquo;Eduardo Noriega, quand Pen\u00e9lope Cruz, a rempil\u00e9 dans le r\u00f4le de Sofia.<\/p>\n","protected":false},"excerpt":{"rendered":"Mercredi 09 avril 2025 \u00e0 08:00 &#8211; par Thomas Fourcroy Tweeter Partager sur Facebook Le mercredi 9 avril&hellip;\n","protected":false},"author":2,"featured_media":16715,"comment_status":"","ping_status":"","sticky":false,"template":"","format":"standard","meta":{"footnotes":""},"categories":[1354],"tags":[6835,1409,5334,58,59,1346,1011,27,6836,1360,6834,6837,6839,6838],"class_list":{"0":"post-16714","1":"post","2":"type-post","3":"status-publish","4":"format-standard","5":"has-post-thumbnail","7":"category-films","8":"tag-arte","9":"tag-bande-annonce","10":"tag-channel_bandes-annonces","11":"tag-divertissement","12":"tag-entertainment","13":"tag-films","14":"tag-fr","15":"tag-france","16":"tag-guid_5858793661001","17":"tag-movies","18":"tag-tom-cruise","19":"tag-uuid_5567f597-6ebe-4cd0-aa7a-fd8926021190","20":"tag-vanilla-sky","21":"tag-vanilla-sky-1625481"},"share_on_mastodon":{"url":"https:\/\/pubeurope.com\/@fr\/114318079609912371","error":""},"_links":{"self":[{"href":"https:\/\/www.europesays.com\/fr\/wp-json\/wp\/v2\/posts\/16714","targetHints":{"allow":["GET"]}}],"collection":[{"href":"https:\/\/www.europesays.com\/fr\/wp-json\/wp\/v2\/posts"}],"about":[{"href":"https:\/\/www.europesays.com\/fr\/wp-json\/wp\/v2\/types\/post"}],"author":[{"embeddable":true,"href":"https:\/\/www.europesays.com\/fr\/wp-json\/wp\/v2\/users\/2"}],"replies":[{"embeddable":true,"href":"https:\/\/www.europesays.com\/fr\/wp-json\/wp\/v2\/comments?post=16714"}],"version-history":[{"count":0,"href":"https:\/\/www.europesays.com\/fr\/wp-json\/wp\/v2\/posts\/16714\/revisions"}],"wp:featuredmedia":[{"embeddable":true,"href":"https:\/\/www.europesays.com\/fr\/wp-json\/wp\/v2\/media\/16715"}],"wp:attachment":[{"href":"https:\/\/www.europesays.com\/fr\/wp-json\/wp\/v2\/media?parent=16714"}],"wp:term":[{"taxonomy":"category","embeddable":true,"href":"https:\/\/www.europesays.com\/fr\/wp-json\/wp\/v2\/categories?post=16714"},{"taxonomy":"post_tag","embeddable":true,"href":"https:\/\/www.europesays.com\/fr\/wp-json\/wp\/v2\/tags?post=16714"}],"curies":[{"name":"wp","href":"https:\/\/api.w.org\/{rel}","templated":true}]}}