{"id":167157,"date":"2025-06-11T02:48:11","date_gmt":"2025-06-11T02:48:11","guid":{"rendered":"https:\/\/www.europesays.com\/fr\/167157\/"},"modified":"2025-06-11T02:48:11","modified_gmt":"2025-06-11T02:48:11","slug":"guerre-en-ukraine-friedrich-merz-accuse-la-russie-de-terreur-contre-les-civils","status":"publish","type":"post","link":"https:\/\/www.europesays.com\/fr\/167157\/","title":{"rendered":"Guerre en Ukraine : Friedrich Merz accuse la Russie de \u00ab\u00a0terreur contre les civils\u00a0\u00bb"},"content":{"rendered":"<p>\n  Par&amp;nbsp<b>euronews<\/b><\/p>\n<p>\n         Publi\u00e9 le<br \/>\n            10\/06\/2025 &#8211; 21:55 UTC+2<\/p>\n<p><img decoding=\"async\" class=\"c-ad__placeholder__logo\" src=\"https:\/\/www.europesays.com\/fr\/wp-content\/uploads\/2025\/03\/logo-euronews-grey-6-180x22.svg.svg+xml\" width=\"180\" height=\"22\" alt=\"\" loading=\"lazy\"\/>PUBLICIT\u00c9<\/p>\n<p>S&rsquo;exprimant aux c\u00f4t\u00e9s du Premier ministre n\u00e9erlandais d\u00e9missionnaire, Dick Schoof, \u00e0 Berlin, Friedrich Merz a accus\u00e9 la Russie de cibler d\u00e9lib\u00e9r\u00e9ment des sites non militaires lors de ses derni\u00e8res vagues de frappes. <\/p>\n<p>Le chancelier allemand a condamn\u00e9 ce qu\u2019il a qualifi\u00e9 de \u00ab\u00a0terreur russe contre la population civile\u00a0\u00bb et a appel\u00e9 l\u2019Union europ\u00e9enne \u00e0 imposer rapidement de nouvelles sanctions \u00e0 Moscou.<\/p>\n<p>Les deux hommes se sont rencontr\u00e9s pour discuter de sujets li\u00e9s \u00e0 la coop\u00e9ration bilat\u00e9rale et europ\u00e9enne ainsi qu&rsquo;\u00e0 la politique internationale.<\/p>\n<p>Friedrich Merz a qualifi\u00e9 les r\u00e9centes attaques contre des zones r\u00e9sidentielles ukrainiennes de \u00ab\u00a0crimes de guerre les plus graves\u00a0\u00bb, qui sont \u00ab\u00a0tout sauf une r\u00e9ponse proportionn\u00e9e aux attaques ukrainiennes tr\u00e8s pr\u00e9cises contre des a\u00e9rodromes et des infrastructures militaires au cours de la semaine derni\u00e8re\u00a0\u00bb.<\/p>\n<p>Dick Schoof a partag\u00e9 les pr\u00e9occupations de Friedrich. Selon le dirigeant, l\u2019Ukraine d\u00e9fend sa propre souverainet\u00e9, mais aussi la s\u00e9curit\u00e9 de l\u2019Europe. <\/p>\n<p>Les d\u00e9clarations des responsables n\u00e9erlandais et allemand interviennent \u00e0 quelques jours du sommet du G7 au Canada et de la r\u00e9union de l\u2019OTAN pr\u00e9vue \u00e0 la fin du mois. Les alli\u00e9s occidentaux de l&rsquo;Ukraine devraient y exhorter le pr\u00e9sident am\u00e9ricain Donald Trump \u00e0 adopter une position plus ferme \u00e0 l&rsquo;\u00e9gard du Kremlin.<\/p>\n","protected":false},"excerpt":{"rendered":"Par&amp;nbspeuronews Publi\u00e9 le 10\/06\/2025 &#8211; 21:55 UTC+2 PUBLICIT\u00c9 S&rsquo;exprimant aux c\u00f4t\u00e9s du Premier ministre n\u00e9erlandais d\u00e9missionnaire, Dick Schoof,&hellip;\n","protected":false},"author":2,"featured_media":167158,"comment_status":"","ping_status":"","sticky":false,"template":"","format":"standard","meta":{"footnotes":""},"categories":[1591],"tags":[11,1887,30070,3832,2025,12,1885,1886,132],"class_list":{"0":"post-167157","1":"post","2":"type-post","3":"status-publish","4":"format-standard","5":"has-post-thumbnail","7":"category-russie","8":"tag-actualites","9":"tag-federation-de-russie","10":"tag-forces-armees-de-lukraine","11":"tag-fusillade","12":"tag-invasion-de-la-russie-en-ukraine","13":"tag-news","14":"tag-russia","15":"tag-russian-federation","16":"tag-russie"},"share_on_mastodon":{"url":"https:\/\/pubeurope.com\/@fr\/114662454319186351","error":""},"_links":{"self":[{"href":"https:\/\/www.europesays.com\/fr\/wp-json\/wp\/v2\/posts\/167157","targetHints":{"allow":["GET"]}}],"collection":[{"href":"https:\/\/www.europesays.com\/fr\/wp-json\/wp\/v2\/posts"}],"about":[{"href":"https:\/\/www.europesays.com\/fr\/wp-json\/wp\/v2\/types\/post"}],"author":[{"embeddable":true,"href":"https:\/\/www.europesays.com\/fr\/wp-json\/wp\/v2\/users\/2"}],"replies":[{"embeddable":true,"href":"https:\/\/www.europesays.com\/fr\/wp-json\/wp\/v2\/comments?post=167157"}],"version-history":[{"count":0,"href":"https:\/\/www.europesays.com\/fr\/wp-json\/wp\/v2\/posts\/167157\/revisions"}],"wp:featuredmedia":[{"embeddable":true,"href":"https:\/\/www.europesays.com\/fr\/wp-json\/wp\/v2\/media\/167158"}],"wp:attachment":[{"href":"https:\/\/www.europesays.com\/fr\/wp-json\/wp\/v2\/media?parent=167157"}],"wp:term":[{"taxonomy":"category","embeddable":true,"href":"https:\/\/www.europesays.com\/fr\/wp-json\/wp\/v2\/categories?post=167157"},{"taxonomy":"post_tag","embeddable":true,"href":"https:\/\/www.europesays.com\/fr\/wp-json\/wp\/v2\/tags?post=167157"}],"curies":[{"name":"wp","href":"https:\/\/api.w.org\/{rel}","templated":true}]}}