{"id":167165,"date":"2025-06-11T02:52:16","date_gmt":"2025-06-11T02:52:16","guid":{"rendered":"https:\/\/www.europesays.com\/fr\/167165\/"},"modified":"2025-06-11T02:52:16","modified_gmt":"2025-06-11T02:52:16","slug":"une-pasteure-de-35-ans-elue-presidente-des-eglises-evangeliques-libres-dallemagne","status":"publish","type":"post","link":"https:\/\/www.europesays.com\/fr\/167165\/","title":{"rendered":"Une pasteure de 35 ans \u00e9lue pr\u00e9sidente des \u00c9glises \u00e9vang\u00e9liques libres d&rsquo;Allemagne"},"content":{"rendered":"<p>Sa candidature a presque fait l\u2019unanimit\u00e9: 89% du Bundesrat a en effet vot\u00e9 pour Natalie Georgi. La pasteure de 35 ans est devenue le 30 mai <a href=\"https:\/\/www.befg.de\/aktuelles-schwerpunkte\/nachrichten\/artikel\/neue-befg-praesidentin-natalie-georgi-als-hoffnungsmenschen-die-welt-mitgestalten\" target=\"_blank\" rel=\"noreferrer noopener\">la premi\u00e8re femme \u00e0 la pr\u00e9sidence de la F\u00e9d\u00e9ration des Eglises \u00e9vang\u00e9liques libres<\/a> (BEFG). En poste \u00e0 l\u2019Eglise baptiste de Berlin-Steglitz, elle succ\u00e8de au pasteur retrait\u00e9 Michael Noss. Ce dernier occupait la fonction depuis dix ans.<\/p>\n<p>A l\u2019issue du scurtin, Natalie Georgi a partag\u00e9 que \u00abcette t\u00e2che est un privil\u00e8ge et un honneur\u00bb et qu\u2019elle l\u2019accomplira \u00abpar amour pour [leur] F\u00e9d\u00e9ration\u00bb. Elle a aussi exprim\u00e9 que son souhait pour la BEFG est que \u00abl\u2019Eglise soit dynamique et vivante\u00bb. \u00abJ\u2019esp\u00e8re que nous contribuerons \u00e0 fa\u00e7onner notre monde et \u00e0 cr\u00e9er des lieux o\u00f9 de nombreuses personnes rencontrent Dieu\u00bb, a-t-elle ajout\u00e9.<\/p>\n","protected":false},"excerpt":{"rendered":"Sa candidature a presque fait l\u2019unanimit\u00e9: 89% du Bundesrat a en effet vot\u00e9 pour Natalie Georgi. La pasteure&hellip;\n","protected":false},"author":2,"featured_media":167166,"comment_status":"","ping_status":"","sticky":false,"template":"","format":"standard","meta":{"footnotes":""},"categories":[1587],"tags":[11,672,1804,1805,1803,11998,1777,674,10271,4651,1801,12,1802],"class_list":{"0":"post-167165","1":"post","2":"type-post","3":"status-publish","4":"format-standard","5":"has-post-thumbnail","7":"category-allemagne","8":"tag-actualites","9":"tag-allemagne","10":"tag-bundesrepublik-deutschland","11":"tag-de","12":"tag-deutschland","13":"tag-eglises","14":"tag-eu","15":"tag-europe","16":"tag-evangeliques","17":"tag-femmes","18":"tag-germany","19":"tag-news","20":"tag-republique-federale-dallemagne"},"share_on_mastodon":{"url":"https:\/\/pubeurope.com\/@fr\/114662470005285662","error":""},"_links":{"self":[{"href":"https:\/\/www.europesays.com\/fr\/wp-json\/wp\/v2\/posts\/167165","targetHints":{"allow":["GET"]}}],"collection":[{"href":"https:\/\/www.europesays.com\/fr\/wp-json\/wp\/v2\/posts"}],"about":[{"href":"https:\/\/www.europesays.com\/fr\/wp-json\/wp\/v2\/types\/post"}],"author":[{"embeddable":true,"href":"https:\/\/www.europesays.com\/fr\/wp-json\/wp\/v2\/users\/2"}],"replies":[{"embeddable":true,"href":"https:\/\/www.europesays.com\/fr\/wp-json\/wp\/v2\/comments?post=167165"}],"version-history":[{"count":0,"href":"https:\/\/www.europesays.com\/fr\/wp-json\/wp\/v2\/posts\/167165\/revisions"}],"wp:featuredmedia":[{"embeddable":true,"href":"https:\/\/www.europesays.com\/fr\/wp-json\/wp\/v2\/media\/167166"}],"wp:attachment":[{"href":"https:\/\/www.europesays.com\/fr\/wp-json\/wp\/v2\/media?parent=167165"}],"wp:term":[{"taxonomy":"category","embeddable":true,"href":"https:\/\/www.europesays.com\/fr\/wp-json\/wp\/v2\/categories?post=167165"},{"taxonomy":"post_tag","embeddable":true,"href":"https:\/\/www.europesays.com\/fr\/wp-json\/wp\/v2\/tags?post=167165"}],"curies":[{"name":"wp","href":"https:\/\/api.w.org\/{rel}","templated":true}]}}