{"id":167167,"date":"2025-06-11T02:53:10","date_gmt":"2025-06-11T02:53:10","guid":{"rendered":"https:\/\/www.europesays.com\/fr\/167167\/"},"modified":"2025-06-11T02:53:10","modified_gmt":"2025-06-11T02:53:10","slug":"trump-sen-prend-frontalement-a-leurope-et-son-immigration-hors-de-controle","status":"publish","type":"post","link":"https:\/\/www.europesays.com\/fr\/167167\/","title":{"rendered":"Trump s&rsquo;en prend frontalement \u00e0 l&rsquo;Europe et son \u00abimmigration hors de contr\u00f4le\u00bb"},"content":{"rendered":"<p class=\"fig-paragraph\">Reprenant un angle d&rsquo;attaque devenu r\u00e9current depuis son retour au pouvoir,\u00a0<a href=\"https:\/\/www.lefigaro.fr\/tag\/donald-trump\" target=\"_blank\" rel=\"noopener\" data-gtm-custom-categorie=\"navigation\" data-gtm-custom-action=\"crossclick\" data-gtm-custom-label=\"Contextuel\" data-gtm-event=\"customEventSPE\">Donald Trump<\/a>\u00a0a affirm\u00e9 mardi 10 juin que l&rsquo;Europe devait agir contre \u00abl&rsquo;immigration hors de contr\u00f4le\u00bb et \u00abavant qu&rsquo;il ne soit trop tard\u00bb.<\/p>\n<p class=\"fig-paragraph\">\u00abComme le monde entier peut d\u00e9sormais le constater, l&rsquo;immigration hors de contr\u00f4le conduit au chaos, au dysfonctionnement et au d\u00e9sordre. Et vous savez quoi? C&rsquo;est aussi le cas en Europe. C&rsquo;est ce qui se passe dans de nombreux pays d&rsquo;Europe\u00bb, a-t-il d\u00e9clar\u00e9 lors d&rsquo;un discours sur une base militaire, en faisant r\u00e9f\u00e9rence\u00a0<a href=\"http:\/\/www.lefigaro.fr\/international\/trump-attise-le-feu-apres-le-deploiement-de-la-garde-nationale-les-manifestations-s-intensifient-a-los-angeles-20250609\" target=\"_blank\" data-fig-type=\"Article\" rel=\"noopener\" data-gtm-custom-categorie=\"navigation\" data-gtm-custom-action=\"crossclick\" data-gtm-custom-label=\"Contextuel\" data-gtm-event=\"customEventSPE\" data-fig-domain=\"LEFIGARO\">aux heurts survenus \u00e0 Los Angeles<\/a>\u00a0entre forces de l&rsquo;ordre et manifestants oppos\u00e9s \u00e0 la politique d&rsquo;expulsions \u00e0 marche forc\u00e9e du pr\u00e9sident am\u00e9ricain. \u00abIls n&rsquo;aiment pas quand je le dis mais je le dis haut et fort. Ils feraient mieux de faire quelque chose avant qu&rsquo;il ne soit trop tard\u00bb, a ajout\u00e9 Donald Trump, qui s&rsquo;exprimait devant des soldats portant des treillis et des b\u00e9rets rouges.<\/p>\n<p class=\"fig-paragraph\">La Maison-Blanche pr\u00e9sente d\u00e9sormais la lutte contre l&rsquo;immigration clandestine comme un enjeu de \u00abcivilisation\u00bb, une rh\u00e9torique qui inqui\u00e8te les d\u00e9fenseurs des droits civiques et les militants antiracistes. Le vice-pr\u00e9sident JD Vance avait d\u00e9j\u00e0 attaqu\u00e9 avec virulence les pays europ\u00e9ens dans un discours retentissant \u00e0 la conf\u00e9rence sur la s\u00e9curit\u00e9 de Munich, en f\u00e9vrier, jugeant qu&rsquo;il n&rsquo;y avait pas de probl\u00e8me \u00abplus urgent\u00bb que l&rsquo;immigration clandestine sur le continent. La Maison-Blanche a aussi apport\u00e9 publiquement son soutien \u00e0 des formations ou figures d&rsquo;extr\u00eame-droite en Europe, qu&rsquo;il s&rsquo;agisse de Marine Le Pen ou du parti allemand AfD.<\/p>\n","protected":false},"excerpt":{"rendered":"Reprenant un angle d&rsquo;attaque devenu r\u00e9current depuis son retour au pouvoir,\u00a0Donald Trump\u00a0a affirm\u00e9 mardi 10 juin que l&rsquo;Europe&hellip;\n","protected":false},"author":2,"featured_media":167168,"comment_status":"","ping_status":"","sticky":false,"template":"","format":"standard","meta":{"footnotes":""},"categories":[1586],"tags":[1111,47,11,1109,1112,75,1777,674,118,1108,107,1106,1107,1011,27,1061,1110,1114,14,12,1113,316,25],"class_list":{"0":"post-167167","1":"post","2":"type-post","3":"status-publish","4":"format-standard","5":"has-post-thumbnail","7":"category-europe","8":"tag-actu","9":"tag-actualite","10":"tag-actualites","11":"tag-breves","12":"tag-depeches","13":"tag-donald-trump","14":"tag-eu","15":"tag-europe","16":"tag-faits-divers","17":"tag-fil","18":"tag-fil-info","19":"tag-flash","20":"tag-flash-actu","21":"tag-fr","22":"tag-france","23":"tag-immigration","24":"tag-informations","25":"tag-infos","26":"tag-international","27":"tag-news","28":"tag-nouvelles","29":"tag-politique","30":"tag-republique-francaise"},"share_on_mastodon":{"url":"https:\/\/pubeurope.com\/@fr\/114662474029034294","error":""},"_links":{"self":[{"href":"https:\/\/www.europesays.com\/fr\/wp-json\/wp\/v2\/posts\/167167","targetHints":{"allow":["GET"]}}],"collection":[{"href":"https:\/\/www.europesays.com\/fr\/wp-json\/wp\/v2\/posts"}],"about":[{"href":"https:\/\/www.europesays.com\/fr\/wp-json\/wp\/v2\/types\/post"}],"author":[{"embeddable":true,"href":"https:\/\/www.europesays.com\/fr\/wp-json\/wp\/v2\/users\/2"}],"replies":[{"embeddable":true,"href":"https:\/\/www.europesays.com\/fr\/wp-json\/wp\/v2\/comments?post=167167"}],"version-history":[{"count":0,"href":"https:\/\/www.europesays.com\/fr\/wp-json\/wp\/v2\/posts\/167167\/revisions"}],"wp:featuredmedia":[{"embeddable":true,"href":"https:\/\/www.europesays.com\/fr\/wp-json\/wp\/v2\/media\/167168"}],"wp:attachment":[{"href":"https:\/\/www.europesays.com\/fr\/wp-json\/wp\/v2\/media?parent=167167"}],"wp:term":[{"taxonomy":"category","embeddable":true,"href":"https:\/\/www.europesays.com\/fr\/wp-json\/wp\/v2\/categories?post=167167"},{"taxonomy":"post_tag","embeddable":true,"href":"https:\/\/www.europesays.com\/fr\/wp-json\/wp\/v2\/tags?post=167167"}],"curies":[{"name":"wp","href":"https:\/\/api.w.org\/{rel}","templated":true}]}}