{"id":167173,"date":"2025-06-11T02:56:09","date_gmt":"2025-06-11T02:56:09","guid":{"rendered":"https:\/\/www.europesays.com\/fr\/167173\/"},"modified":"2025-06-11T02:56:09","modified_gmt":"2025-06-11T02:56:09","slug":"macron-promet-dinterdire-les-reseaux-sociaux-aux-moins-de-15-ans-si-lue-ne-le-fait-pas","status":"publish","type":"post","link":"https:\/\/www.europesays.com\/fr\/167173\/","title":{"rendered":"Macron promet d'\u00a0\u00bbinterdire les r\u00e9seaux sociaux aux moins de 15 ans\u00a0\u00bb si l&rsquo;UE ne le fait pas"},"content":{"rendered":"<p>Emmanuel Macron a affirm\u00e9, ce mardi 10 juin, que la France interdira les r\u00e9seaux sociaux aux enfants de moins de quinze ans si, d&rsquo;ici \u00ab\u00a0quelques mois\u00a0\u00bb, cela n&rsquo;est pas fait au niveau europ\u00e9en.<\/p>\n<p>\u00ab\u00a0On doit interdire les r\u00e9seaux sociaux aux moins de 15 ans\u00a0\u00bb, a dit le chef de l&rsquo;Etat sur France 2 apr\u00e8s qu&rsquo;une surveillante a \u00e9t\u00e9 mortellement poignard\u00e9e dans la matin\u00e9e par un \u00e9l\u00e8ve de 14 ans \u00e0 l&rsquo;entr\u00e9e d&rsquo;un coll\u00e8ge \u00e0 Nogent, en Haute-Marne. \u00ab\u00a0Je nous donne quelques mois pour arriver \u00e0 faire la mobilisation europ\u00e9enne. Sinon (&#8230;) on commence \u00e0 le faire en France. On ne peut pas attendre\u00a0\u00bb, a-t-il d\u00e9clar\u00e9.<\/p>\n<p>\u00ab\u00a0Un jeune de quinze ans ne pourra plus acheter un couteau sur internet\u00a0\u00bb<\/p>\n<p>\u00ab\u00a0Un jeune de quinze ans ne pourra plus acheter un couteau sur internet\u00a0\u00bb, a \u00e9galement annonc\u00e9 mardi Emmanuel Macron apr\u00e8s qu&rsquo;<a href=\"https:\/\/www.laprovence.com\/article\/politique\/78800161957686\/francois-bayrou-au-jt-de-20h-de-tf1-les-annonces-du-premier-ministre-apres-le-meurtre-dune-surveillante-a-nogent\" target=\"_blank\" rel=\"nofollow noopener\">une surveillante a \u00e9t\u00e9 mortellement poignard\u00e9e<\/a> dans la matin\u00e9e par un \u00e9l\u00e8ve de 14 ans \u00e0 l&rsquo;entr\u00e9e d&rsquo;un coll\u00e8ge \u00e0 Nogent, en Haute-Marne.\u00a0<\/p>\n<p>\u00ab\u00a0On va durcir les r\u00e8gles. \u00c7a veut dire qu&rsquo;on va mettre des sanctions massives, financi\u00e8res, des interdictions. On ne pourra plus vendre ces armes blanches\u00a0\u00bb, a poursuivi le chef de l&rsquo;Etat lors d&rsquo;un entretien sur France 2.<\/p>\n<p>\u00ab\u00a0Je ne veux pas c\u00e9der aux manipulations qui ont eu lieu ces derni\u00e8res heures\u00a0\u00bb, a-t-il aussi lanc\u00e9.\u00a0Le pr\u00e9sident de la R\u00e9publique a notamment appel\u00e9 \u00e0 \u00ab\u00a0une forme de discipline collective\u00a0\u00bb, en \u00e9tant \u00ab\u00a0aux c\u00f4t\u00e9s\u00a0\u00bb des \u00ab\u00a0victimes\u00a0\u00bb, mais en s&rsquo;attaquant \u00ab\u00a0aux causes profondes\u00a0\u00bb afin d&rsquo;avoir \u00ab\u00a0une soci\u00e9t\u00e9 qui avance\u00a0\u00bb.<\/p>\n<p>\u00ab\u00a0On ne peut pas avoir un d\u00e9bat public et en particulier un d\u00e9bat politique qui devient en quelque sorte du suivisme de l&rsquo;actualit\u00e9\u00a0\u00bb, a-t-il ajout\u00e9, assurant pour sa part \u00eatre \u00ab\u00a0mobilis\u00e9 pour apporter une r\u00e9ponse en profondeur\u00a0\u00bb, lors d&rsquo;un entretien sur France 2.<\/p>\n","protected":false},"excerpt":{"rendered":"Emmanuel Macron a affirm\u00e9, ce mardi 10 juin, que la France interdira les r\u00e9seaux sociaux aux enfants de&hellip;\n","protected":false},"author":2,"featured_media":167174,"comment_status":"","ping_status":"","sticky":false,"template":"","format":"standard","meta":{"footnotes":""},"categories":[2],"tags":[17,11,30072,1011,27,151,11514,12,6040,25,19436,104,29876,15606],"class_list":{"0":"post-167173","1":"post","2":"type-post","3":"status-publish","4":"format-standard","5":"has-post-thumbnail","7":"category-actualites","8":"tag-17","9":"tag-actualites","10":"tag-dinterdire","11":"tag-fr","12":"tag-france","13":"tag-les","14":"tag-macron","15":"tag-news","16":"tag-promet","17":"tag-republique-francaise","18":"tag-reseaux","19":"tag-societe","20":"tag-surveillante","21":"tag-tuee"},"share_on_mastodon":{"url":"https:\/\/pubeurope.com\/@fr\/114662485867177246","error":""},"_links":{"self":[{"href":"https:\/\/www.europesays.com\/fr\/wp-json\/wp\/v2\/posts\/167173","targetHints":{"allow":["GET"]}}],"collection":[{"href":"https:\/\/www.europesays.com\/fr\/wp-json\/wp\/v2\/posts"}],"about":[{"href":"https:\/\/www.europesays.com\/fr\/wp-json\/wp\/v2\/types\/post"}],"author":[{"embeddable":true,"href":"https:\/\/www.europesays.com\/fr\/wp-json\/wp\/v2\/users\/2"}],"replies":[{"embeddable":true,"href":"https:\/\/www.europesays.com\/fr\/wp-json\/wp\/v2\/comments?post=167173"}],"version-history":[{"count":0,"href":"https:\/\/www.europesays.com\/fr\/wp-json\/wp\/v2\/posts\/167173\/revisions"}],"wp:featuredmedia":[{"embeddable":true,"href":"https:\/\/www.europesays.com\/fr\/wp-json\/wp\/v2\/media\/167174"}],"wp:attachment":[{"href":"https:\/\/www.europesays.com\/fr\/wp-json\/wp\/v2\/media?parent=167173"}],"wp:term":[{"taxonomy":"category","embeddable":true,"href":"https:\/\/www.europesays.com\/fr\/wp-json\/wp\/v2\/categories?post=167173"},{"taxonomy":"post_tag","embeddable":true,"href":"https:\/\/www.europesays.com\/fr\/wp-json\/wp\/v2\/tags?post=167173"}],"curies":[{"name":"wp","href":"https:\/\/api.w.org\/{rel}","templated":true}]}}