{"id":167175,"date":"2025-06-11T02:57:10","date_gmt":"2025-06-11T02:57:10","guid":{"rendered":"https:\/\/www.europesays.com\/fr\/167175\/"},"modified":"2025-06-11T02:57:10","modified_gmt":"2025-06-11T02:57:10","slug":"ecologie-chalutage-shein-paul-watson-ce-quil-faut-retenir-de-son-intervention-2","status":"publish","type":"post","link":"https:\/\/www.europesays.com\/fr\/167175\/","title":{"rendered":"\u00e9cologie, chalutage, Shein, Paul Watson\u2026 Ce qu\u2019il faut retenir de son intervention"},"content":{"rendered":"<p><strong>bilan &#8211; Lors d\u2019une \u00e9mission sp\u00e9ciale sur France 2, Emmanuel Macron a d\u00e9fendu son action \u00e9cologique, vant\u00e9 le sommet sur les oc\u00e9ans \u00e0 Nice et critiqu\u00e9 certains reculs fran\u00e7ais. Il s\u2019est aussi agac\u00e9 d\u2019une question sur l\u2019ex-ministre Castaner, embauch\u00e9 par Shein<\/strong><\/p>\n<p>Mardi soir, Emmanuel Macron \u00e9tait l\u2019invit\u00e9 d\u2019une \u00e9mission sp\u00e9ciale sur France 2 consacr\u00e9e \u00e0 l\u2019<a href=\"https:\/\/www.20minutes.fr\/planete\/environnement\/?at_medium=RSS%20feed&amp;at_campaign=ynews&amp;utm_source=yahoo&amp;utm_medium=rss&amp;utm_campaign=news_feed&amp;utm_content=in_article_link\" rel=\"nofollow noopener\" target=\"_blank\" data-ylk=\"slk:environnement;elm:context_link;itc:0;sec:content-canvas\" class=\"link \">environnement<\/a>. Cette interview \u00e9tait enregistr\u00e9e depuis Nice en marge de la conf\u00e9rence des Nations unies sur les oc\u00e9ans.<\/p>\n<p>Face \u00e0 <a href=\"https:\/\/www.20minutes.fr\/dossier\/lea_salame?at_medium=RSS%20feed&amp;at_campaign=ynews&amp;utm_source=yahoo&amp;utm_medium=rss&amp;utm_campaign=news_feed&amp;utm_content=in_article_link\" rel=\"nofollow noopener\" target=\"_blank\" data-ylk=\"slk:L\u00e9a Salam\u00e9;elm:context_link;itc:0;sec:content-canvas\" class=\"link \">L\u00e9a Salam\u00e9<\/a> et Hugo Cl\u00e9ment, le pr\u00e9sident a vigoureusement d\u00e9fendu son bilan \u00e9cologique, tout en critiquant certaines d\u00e9cisions r\u00e9centes prises en France, y compris par son propre camp. Que faut-il retenir de son intervention\u00a0? 20 Minutes vous raconte ce que vous avez (peut-\u00eatre) manqu\u00e9.<\/p>\n<p>Il rejette les critiques sur son bilan \u00e9cologique<\/p>\n<p>D\u00e8s le d\u00e9but de l\u2019entretien, <a href=\"https:\/\/www.20minutes.fr\/politique\/emmanuel-macron\/?at_medium=RSS%20feed&amp;at_campaign=ynews&amp;utm_source=yahoo&amp;utm_medium=rss&amp;utm_campaign=news_feed&amp;utm_content=in_article_link\" rel=\"nofollow noopener\" target=\"_blank\" data-ylk=\"slk:Emmanuel Macron;elm:context_link;itc:0;sec:content-canvas\" class=\"link \">Emmanuel Macron<\/a> s\u2019est montr\u00e9 agac\u00e9 par les interrogations sur les \u00ab\u00a0reculs\u00a0\u00bb de son action \u00e9cologique. Il a rejet\u00e9 les critiques sur la promesse non tenue d\u2019interdire le glyphosate, affirmant n\u2019avoir \u00ab\u00a0pas de le\u00e7on \u00e0 recevoir\u00a0\u00bb.<\/p>\n<p>\u00ab\u00a0Ce que j\u2019adore le plus, c\u2019est les journalistes qui pendant huit ans ont dit\u00a0: \u00ab\u00a0il n\u2019a pas de bilan \u00e9cologique\u00a0\u00bb, et qui maintenant disent\u00a0: \u00ab\u00a0il d\u00e9tricote son bilan \u00e9cologique\u00a0\u00bb.\u00a0\u00bb Il a aussi exprim\u00e9 son regret que les questions sur ses reculs suppos\u00e9s pr\u00e9c\u00e8dent les sujets de fond sur les oc\u00e9ans, qu\u2019il \u00e9tait venu d\u00e9fendre.<\/p>\n<p>Il revendique un succ\u00e8s diplomatique \u00e0 Nice<\/p>\n<p>Le chef de l\u2019\u00c9tat a insist\u00e9 sur l\u2019importance de la conf\u00e9rence internationale sur les oc\u00e9ans qu\u2019il copr\u00e9sidait avec le <a href=\"https:\/\/www.20minutes.fr\/dossier\/costa_rica?at_medium=RSS%20feed&amp;at_campaign=ynews&amp;utm_source=yahoo&amp;utm_medium=rss&amp;utm_campaign=news_feed&amp;utm_content=in_article_link\" rel=\"nofollow noopener\" target=\"_blank\" data-ylk=\"slk:Costa Rica;elm:context_link;itc:0;sec:content-canvas\" class=\"link \">Costa Rica<\/a>. Selon lui, jamais autant de chefs d\u2019\u00c9tat et de gouvernement ne s\u2019\u00e9taient mobilis\u00e9s pour la cause des oc\u00e9ans. \u00ab\u00a0Nice, vraiment, est un succ\u00e8s.\u00a0\u00bb a-t-il affirm\u00e9.<\/p>\n<p>Il a notamment mis en (&#8230;)<\/p>\n<p><a href=\"https:\/\/www.20minutes.fr\/planete\/environnement\/4157837-20250611-macron-france-2-ecologie-chalutage-shein-paul-watson-faut-retenir-intervention?at_medium=RSS%20feed&amp;at_campaign=ynews&amp;utm_source=yahoo&amp;utm_medium=rss&amp;utm_campaign=news_feed&amp;utm_content=read_more_link&quot;\" rel=\"nofollow noopener\" target=\"_blank\" data-ylk=\"slk:Lire la suite sur 20minutes;elm:context_link;itc:0;sec:content-canvas\" class=\"link \">Lire la suite sur 20minutes<\/a><\/p>\n<p>\u00c0 lire aussi :<br \/><a href=\"https:\/\/www.20minutes.fr\/sante\/4157831-20250610-contamination-cadmium-depistages-prescrits-generalistes-bientot-rembourses?at_medium=RSS%20feed&amp;at_campaign=ynews&amp;utm_source=yahoo&amp;utm_medium=rss&amp;utm_campaign=news_feed&amp;utm_content=related_content_link\" rel=\"nofollow noopener\" target=\"_blank\" data-ylk=\"slk:Contamination au cadmium\u00a0: Les d\u00e9pistages prescrits par les g\u00e9n\u00e9ralistes bient\u00f4t rembours\u00e9s;elm:context_link;itc:0;sec:content-canvas\" class=\"link \">Contamination au cadmium\u00a0: Les d\u00e9pistages prescrits par les g\u00e9n\u00e9ralistes bient\u00f4t rembours\u00e9s<\/a><br \/><a href=\"https:\/\/www.20minutes.fr\/consommation\/4157757-20250610-label-industrie-signifie-vraiment-label-msc-etiquettes-poisson?at_medium=RSS%20feed&amp;at_campaign=ynews&amp;utm_source=yahoo&amp;utm_medium=rss&amp;utm_campaign=news_feed&amp;utm_content=related_content_link\" rel=\"nofollow noopener\" target=\"_blank\" data-ylk=\"slk:\u00ab\u00a0Un label par et pour l\u2019industrie\u00a0\u00bb\u2026 Que signifie vraiment le label MSC sur les \u00e9tiquettes de poisson\u00a0?;elm:context_link;itc:0;sec:content-canvas\" class=\"link \">\u00ab\u00a0Un label par et pour l\u2019industrie\u00a0\u00bb\u2026 Que signifie vraiment le label MSC sur les \u00e9tiquettes de poisson\u00a0?<\/a><\/p>\n","protected":false},"excerpt":{"rendered":"bilan &#8211; Lors d\u2019une \u00e9mission sp\u00e9ciale sur France 2, Emmanuel Macron a d\u00e9fendu son action \u00e9cologique, vant\u00e9 le&hellip;\n","protected":false},"author":2,"featured_media":167176,"comment_status":"","ping_status":"","sticky":false,"template":"","format":"standard","meta":{"footnotes":""},"categories":[4],"tags":[11,3783,1073,1011,27,594,12,25],"class_list":{"0":"post-167175","1":"post","2":"type-post","3":"status-publish","4":"format-standard","5":"has-post-thumbnail","7":"category-france","8":"tag-actualites","9":"tag-bilan","10":"tag-emmanuel-macron","11":"tag-fr","12":"tag-france","13":"tag-france-2","14":"tag-news","15":"tag-republique-francaise"},"share_on_mastodon":{"url":"https:\/\/pubeurope.com\/@fr\/114662489609188106","error":""},"_links":{"self":[{"href":"https:\/\/www.europesays.com\/fr\/wp-json\/wp\/v2\/posts\/167175","targetHints":{"allow":["GET"]}}],"collection":[{"href":"https:\/\/www.europesays.com\/fr\/wp-json\/wp\/v2\/posts"}],"about":[{"href":"https:\/\/www.europesays.com\/fr\/wp-json\/wp\/v2\/types\/post"}],"author":[{"embeddable":true,"href":"https:\/\/www.europesays.com\/fr\/wp-json\/wp\/v2\/users\/2"}],"replies":[{"embeddable":true,"href":"https:\/\/www.europesays.com\/fr\/wp-json\/wp\/v2\/comments?post=167175"}],"version-history":[{"count":0,"href":"https:\/\/www.europesays.com\/fr\/wp-json\/wp\/v2\/posts\/167175\/revisions"}],"wp:featuredmedia":[{"embeddable":true,"href":"https:\/\/www.europesays.com\/fr\/wp-json\/wp\/v2\/media\/167176"}],"wp:attachment":[{"href":"https:\/\/www.europesays.com\/fr\/wp-json\/wp\/v2\/media?parent=167175"}],"wp:term":[{"taxonomy":"category","embeddable":true,"href":"https:\/\/www.europesays.com\/fr\/wp-json\/wp\/v2\/categories?post=167175"},{"taxonomy":"post_tag","embeddable":true,"href":"https:\/\/www.europesays.com\/fr\/wp-json\/wp\/v2\/tags?post=167175"}],"curies":[{"name":"wp","href":"https:\/\/api.w.org\/{rel}","templated":true}]}}