{"id":167179,"date":"2025-06-11T03:01:09","date_gmt":"2025-06-11T03:01:09","guid":{"rendered":"https:\/\/www.europesays.com\/fr\/167179\/"},"modified":"2025-06-11T03:01:09","modified_gmt":"2025-06-11T03:01:09","slug":"roland-garros-alcaraz-en-toute-modestie-je-ne-sais-pas-si-notre-finale-avec-sinner-sassoit-a-la-meme-table-quun-borg-mcenroe-en-1980-ou-un-federer-nadal-en-2008-a-wimbledon","status":"publish","type":"post","link":"https:\/\/www.europesays.com\/fr\/167179\/","title":{"rendered":"Roland Garros > Alcaraz, en toute modestie : \u00ab\u00a0Je ne sais pas si notre finale avec Sinner s&rsquo;assoit \u00e0 la m\u00eame table qu&rsquo;un Borg-McEnroe en 1980 ou un Federer-Nadal en 2008 \u00e0 Wimbledon\u00a0\u00bb"},"content":{"rendered":"<p>Si Carlos Alcaraz pla\u00eet pour son jeu, il est \u00e9gale\u00adment tr\u00e8s appr\u00e9ci\u00e9 pour son atti\u00adtude sur le court, sa gentillesse et son humilit\u00e9.\u00a0<\/p>\n<p>Un trait de carac\u00adt\u00e8re dont il a une nouvelle fois fait preuve en conf\u00e9\u00adrence de presse d\u2019apr\u00e8s match, \u00e0 l\u2019issue de sa finale remport\u00e9e face \u00e0 Jannik Sinner en cinq sets (4\u22126, 6\u20137, 6\u20134, 7\u20136, 7\u20136) et 5h29 de\u00a0jeu.<\/p>\n<p>Bien que fier, le num\u00e9ro deux mondial ne s\u2019emballe pas, et a du mal \u00e0 estimer la perfor\u00admance qu\u2019il vient d\u2019ac\u00adcom\u00adplir comme histo\u00adrique, \u00e0 l\u2019instar de l\u00e9gendes comme Bjorn Borg, John McEnroe, Roger Federer ou encore Rafael Nadal.<\/p>\n<p>Journaliste\u00a0: <strong>\u00ab\u202fLes gens vont proba\u00adble\u00adment parler de ce match comme ils parlent de Borg contre McEnroe \u00e0 Wimbledon en 1980 et de Federer\u2010Nadal, \u00e0 Wimbledon 2008. Comment cela vous fait ressentir, d\u2019\u00eatre entr\u00e9 dans l\u2019his\u00adtoire du tennis \u00e0 ce\u00a0point\u202f?<\/strong><\/p>\n<p>Carlos Alcaraz\u00a0: <strong>\u00ab\u202fHonn\u00eatement, si les gens placent notre match dans ce tableau, c\u2019est un grand honneur pour moi. Je ne sais pas si c\u2019est au m\u00eame niveau que ces matchs parce qu\u2019ils sont, vous savez, l\u2019his\u00adtoire du tennis et l\u2019his\u00adtoire du sport. Je laisse donc les gens en parler si, pour eux, c\u2019est presque la m\u00eame chose. Mais pour moi, en regar\u00addant de l\u2019ex\u00adt\u00e9\u00adrieur ou en r\u00e9ali\u00adsant ce que ce match repr\u00e9\u00adsente dans l\u2019his\u00adtoire du tennis, je ne sais pas si notre match s\u2019as\u00adsoit \u00e0 leur table. Mais je suis heureux d\u2019ins\u00adcrire notre match et nos noms dans l\u2019his\u00adtoire du Grand Chelem, dans l\u2019his\u00adtoire de Roland\u2010Garros. Simplement, le d\u00e9bat leur appartient.\u202f\u00bb<\/strong><\/p>\n<p class=\"post-published-date\" style=\"color: silver; font-size: 75%; text-align: left;\">Publi\u00e9 le mardi 10 juin 2025 \u00e0 18:18<\/p>\n","protected":false},"excerpt":{"rendered":"Si Carlos Alcaraz pla\u00eet pour son jeu, il est \u00e9gale\u00adment tr\u00e8s appr\u00e9ci\u00e9 pour son atti\u00adtude sur le court,&hellip;\n","protected":false},"author":2,"featured_media":167180,"comment_status":"","ping_status":"","sticky":false,"template":"","format":"standard","meta":{"footnotes":""},"categories":[1415],"tags":[1744,2199,1011,27,1960,2127,60,1467],"class_list":{"0":"post-167179","1":"post","2":"type-post","3":"status-publish","4":"format-standard","5":"has-post-thumbnail","7":"category-tennis","8":"tag-alcaraz","9":"tag-federer","10":"tag-fr","11":"tag-france","12":"tag-nadal","13":"tag-sinner","14":"tag-sports","15":"tag-tennis"},"share_on_mastodon":{"url":"https:\/\/pubeurope.com\/@fr\/114662505354924706","error":""},"_links":{"self":[{"href":"https:\/\/www.europesays.com\/fr\/wp-json\/wp\/v2\/posts\/167179","targetHints":{"allow":["GET"]}}],"collection":[{"href":"https:\/\/www.europesays.com\/fr\/wp-json\/wp\/v2\/posts"}],"about":[{"href":"https:\/\/www.europesays.com\/fr\/wp-json\/wp\/v2\/types\/post"}],"author":[{"embeddable":true,"href":"https:\/\/www.europesays.com\/fr\/wp-json\/wp\/v2\/users\/2"}],"replies":[{"embeddable":true,"href":"https:\/\/www.europesays.com\/fr\/wp-json\/wp\/v2\/comments?post=167179"}],"version-history":[{"count":0,"href":"https:\/\/www.europesays.com\/fr\/wp-json\/wp\/v2\/posts\/167179\/revisions"}],"wp:featuredmedia":[{"embeddable":true,"href":"https:\/\/www.europesays.com\/fr\/wp-json\/wp\/v2\/media\/167180"}],"wp:attachment":[{"href":"https:\/\/www.europesays.com\/fr\/wp-json\/wp\/v2\/media?parent=167179"}],"wp:term":[{"taxonomy":"category","embeddable":true,"href":"https:\/\/www.europesays.com\/fr\/wp-json\/wp\/v2\/categories?post=167179"},{"taxonomy":"post_tag","embeddable":true,"href":"https:\/\/www.europesays.com\/fr\/wp-json\/wp\/v2\/tags?post=167179"}],"curies":[{"name":"wp","href":"https:\/\/api.w.org\/{rel}","templated":true}]}}