{"id":167210,"date":"2025-06-11T03:18:10","date_gmt":"2025-06-11T03:18:10","guid":{"rendered":"https:\/\/www.europesays.com\/fr\/167210\/"},"modified":"2025-06-11T03:18:10","modified_gmt":"2025-06-11T03:18:10","slug":"le-ciel-insulaire-voile-par-la-fumee-degagee-par-les-mega-feux-canadiens","status":"publish","type":"post","link":"https:\/\/www.europesays.com\/fr\/167210\/","title":{"rendered":"le ciel insulaire voil\u00e9 par la fum\u00e9e d\u00e9gag\u00e9e par les m\u00e9ga feux canadiens"},"content":{"rendered":"<p>Les gigantesques incendies de for\u00eat qui ravagent le Canada depuis le mois de mai continuent de se propager et les immenses panaches de fum\u00e9e qu&rsquo;ils rejettent dans l&rsquo;atmosph\u00e8re touchent d\u00e9sormais la Corse.<\/p>\n<p><img alt=\"Ce mardi 10 juin, la qualit\u00e9 de l'air dans l'\u00eele oscille entre moyen et d\u00e9grad\u00e9 compte tenu de la pr\u00e9sence de particules sahariennes.\" loading=\"lazy\" decoding=\"async\" data-nimg=\"fill\" class=\" TwicCore_img__i9TC1 undefined  undefined\" style=\"position:absolute;height:100%;width:100%;left:0;top:0;right:0;bottom:0;object-fit:cover;color:transparent;background-size:cover;background-position:50% 50%;background-repeat:no-repeat;background-image:url(&quot;data:image\/svg+xml;charset=utf-8,%3Csvg xmlns='http:\/\/www.w3.org\/2000\/svg' %3E%3Cfilter id='b' color-interpolation-filters='sRGB'%3E%3CfeGaussianBlur stdDeviation='20'\/%3E%3CfeColorMatrix values='1 0 0 0 0 0 1 0 0 0 0 0 1 0 0 0 0 0 100 -1' result='s'\/%3E%3CfeFlood x='0' y='0' width='100%25' height='100%25'\/%3E%3CfeComposite operator='out' in='s'\/%3E%3CfeComposite in2='SourceGraphic'\/%3E%3CfeGaussianBlur stdDeviation='20'\/%3E%3C\/filter%3E%3Cimage width='100%25' height='100%25' x='0' y='0' preserveAspectRatio='xMidYMid slice' style='filter: url(%23b);' href='data:image\/png;base64,iVBORw0KGgoAAAANSUhEUgAAArwAAAFnCAYAAABEq5oyAAAQcUlEQVR4Ae3dP3SVZZ7A8eeSBIYZE3dPqkFjqYVQKG4F56zYgescStBzoAMbaXaAhmJctQB2t9DGOLVDSpwZodQCqgEsgMLZQwG4Uu1ZCP4ZEpK79\/cy8UQWSW7uv\/f+\/HzOuedCSN73Xorw5Zfnfd7G5ORkswAAQE7NdQUAABITvAAApCZ4AQBITfACAJCa4AUAIDXBCwBAaoIXAIDUBC8AAKkJXgAAUhO8AACkJngBAEhN8AIAkJrgBQAgNcELAEBqghcAgNQELwAAqQleAABSE7wAAKQmeAEASE3wAgCQmuAFACA1wQsAQGqCFwCA1AQvAACpCV4AAFITvAAApCZ4AQBITfACAJCa4AUAIDXBCwBAaoIXAIDUBC8AAKkJXgAAUhO8AACkJngBAEhN8AIAkJrgBQAgNcELAEBqghcAgNQELwAAqQleAABSE7wAAKQmeAEASE3wAgCQmuAFACA1wQsAQGqCFwCA1AQvAACpCV4AAFITvAAApCZ4AQBITfACAJCa4AUAIDXBCwBAaoIXAIDUBC8AAKkJXgAAUhO8AACkJngBAEhN8AIAkJrgBQAgNcELAEBqghcAgNQELwAAqQleAABSE7wAAKQmeAEASE3wAgCQmuAFACA1wQsAQGqCFwCA1AQvAACpCV4AAFITvAAApCZ4AQBITfACAJCa4AUAIDXBCwBAaoIXAIDUBC8AAKkJXgAAUhO8AACkJngBAEhN8AIAkJrgBQAgNcELAEBqghcAgNQELwAAqQleAABSE7wAAKQmeAEASE3wAgCQmuAFACA1wQsAQGqCFwCA1AQvAACpCV4AAFITvAAApCZ4AQBITfACAJCa4AUAIDXBCwBAaoIXAIDUBC8AAKkJXgAAUhO8AACkJngBAEhN8AIAkJrgBQAgNcELAEBqghcAgNQELwAAqQleAABSE7wAAKQmeAEASE3wAgCQmuAFACA1wQsAQGqCFwCA1AQvAACpCV4AAFITvAAApCZ4AQBITfACAJCa4AUAIDXBCwBAaoIXAIDUBC8AAKkJXgAAUhO8AACkJngBAEhN8AIAkJrgBQAgNcELAEBqghcAgNQELwAAqQleAABSGy0APzONRuORH282mwWAfAQvkNJS1E5MTJRnnnmmbNmypfp1PKamph75NTdv3iyzs7PV840bN8qVK1eqjwthgOEmeIE0InIjZnft2lWef\/75sn379p+M29W4c+dOFb1nz54tZ86cqUJY\/AIMn8bk5KTv3sDQisjdvHlz2blzZ9m7d29HgbuS8+fPl5mZmeohfAGGRlPwAkMpQjcmuQcOHCjbtm1b8fNv375dTWtjqUKIJQ7xWIs4zr59+344FgC1JniB4RKhu2fPnnL48OFqbe5KInSnp6erR6zPXe69994rBw8eLGsRyx12795dLl++XACoNcELDIcI3ZjkRuiuZqIbrl+\/XkVprL19lFj+8MUXX5S1Er0AQ0HwAvX35JNPliNHjrQ9jX3hhRd+MnaXXLt2rTr+WsWyhh07dlTxC0AtNd14Aqi1WLZw+vTptmP3xIkTK8ZueHiZQ7vi9a11WQQA\/SF4gdqKi8o+++yzti8ui2nrqVOnVvW53ViOEGuKAagvwQvUUuzAEJPdtSw3iH1zVzPdDZ1OeENMeXu5HRoAnRG8QO3ERPeDDz5Y89ra1U53Q7e2FlvrFmcA9J7gBWplac3uWmM3ljPEDSJWa7WT4JV0cuEbAL0leIHamJiY6Ch2QzuxG9w8AiA\/wQvUxtGjR1d1M4nHaTd4465p3SCcAepL8AK18Oqrr3Zle692A7bdJRDdOi8A\/SN4gVp45513Sjes5QYQZ86cKZ2IYHbjCYD6ErzAwMU+tp0uZViylknrzMxMuX37dlmr6enpAkB9CV5g4OK2wd2w1nW0MZ09dOhQaTbbu9N6fP7x48c7nhAD0FuCFxiobdu2dW2628kWYxGt+\/fvL9evX18xfOPPYyJ87NixcvLkyQJAvY0WgAGq0215I3rPnTtX3eVt586dVYgv3yItJsFxK+KrV69WN7foxl3aAOi9xuTkZHs\/wwPoomvXrnXtpg0RrPv27SsAsEzTkgZgYGI5QzfvUGanBAAeRfACAxNLBwCg1wQvMDCbN28uANBrghcYGMELQD8IXmAgYu1uN9fvAsBPsS0ZMBDZp7uNR3zs14uNMr5YyrP3W8+t338+1ixfj6x+o5w45njrGL9edoz4\/d11zXKrNb74uvX819EHx+t0+53Gstf83P0Hrzt+HeI88br\/a6RU57bVD1B3ghegTQ\/HbETnE63nCMMnWmG4qfX7eIw3W88L8fzgYw8b33i\/TP9yoax0rq3zjbL1\/rqy495IeW6h8djPjxi9MLZYPtq4UP57pL0UXQrql+daj\/mR8tL8g\/fwOF+2zvFx6338ecOi8AVqS\/ACA9Gtu6v1w1IExkR108K6HwJ2KWZXisK1iCO+dm9d6xHhufrVZ\/G6ftP6mh1zI+XDX94vf\/jFwqrOFe\/l9b+NVOds5\/1EgP\/bN2Pl4HfNcnBivu3IBugHwQuwgpdak9u3vx0r3c\/a\/29povt2KyIfNRVerQjxw9+OVs\/TG386ep9qBevB70eqsO7EU63X+oc768uBibny5ajoBerFRWtAGr2aGn+2frH863hrermutyEX8fnR7Fj5\/ez6jmJ3uTe\/G60mtw+Lo7\/R+vipO2Mdx+6SidZfz0fx2hf68V8DgNUTvEAavdz1IaL3wJPz5ZMNC11fqxp5+Prf47Od5QurFdE7viygl8L6t9UEuLtxGtH79rd+eAjUi+AF0piYmCi9FBeE\/e6J++U\/ftW96J1ohejvvhn9+\/KD3kxGY1nD6\/cefLuPaW6vwnrJ1tax44I3gLrw33BgIO7cuVO6rV8Xwn38i\/vlbqNZ3v6ms2+hccFXxGe3li88zhvfPwjqN77vzvKFx3kwsR4tF8bmC0AdmPACA3Hjxo3SC1NTU6Uf\/rhhoZr4diJ2UliK3eZjHt0QU96l2O31ucLWef+8APVhwgsMRC8mvGHLli3l5s2bpR9iN4JNc51NZ\/8yulgd59ZIs3xT4oYOP\/7zZ2O7sFaoPtWFKXAE+l\/GFqubU8S57raa9O6yw0YUvzz3YCu0Ts8Wx4obVdzq8YV+AKsheIGBiCiN6O32hWb9mvCGWNbQiQjQuBDucS6MlfL5+sXy+y4sfYgL7\/79V\/dX\/JyLY50v1whxI45b6wUvMHh+5gQMTC8msdu2bSvZRBh\/vHHlG0isZHyV7fmnDQvlQmvy3PH5Oj8EQFcIXmBgzp8\/X7otY\/CGiNBOrXYXiGaXzgdQF4IXGJgrV66UboslEhmjN9ba3u1wCcV4G1\/+VwvegEQELzAwZ86cKb2wa9euktHdPm5te9fFZkAighcYmLhorRfLGvbs2dPTu64BMFwELzBQvZjyRuwePny4AEAQvMBAzczM9GRP3jfffLNs3769AIDgBQYqYjeitxfef\/\/9vt1uGID6ErzAwH344YelFyJ2T58+LXoBfuYELzBwcQOKEydOlF6I2L106VI5cuRIaTQa1aMT8fWxRjiOl3XPX4BsBC9QC9PT0+X69eulVyJQL168WC1z2LJlyw\/x+7gAXv458TWxLjgmxteuXauON2VyDDAUbC0O1EKs5T106FD55JNPSq\/EtDcee\/fuLTdu3Kgmy5cvXy6zs7Plq6+++tHnPv3002VqaqoK3Xi2zRnA8BK8QG3EnrzHjx8vR48eLb22FL+dLEuYbUW6b6IA9WdJA1ArJ0+eLKdOnSp1F6+xV3eKA6C7BC9QO2+99VZto7fZbFZT6HiNAAwHP40DaimCMtb1Hjx4sOOdFbrl9u3b1QQ6LrADYHgIXqC2jh07Vl1Y9u677w40emOqGxe37d+\/v3o9AAwXSxqAWotp6osvvljOnTtXhWe\/xVQ3wvuVV14RuwBDSvACtRehuXv37mqZQ+zV24\/wjdCNtboR25YwAAw3wQsMjZmZmbJ169ZqacGnn35ahW834zeOtTx0Y71u7NELwHCzhhcYOrEdWDzihhCxj+7OnTvL5s2bq311l6y05nd5KF+5cqXaA\/js2bPVMwC5CF5gaMVSh5j6xiNMTExUd0aL+I1fRxCHpRCOu6uFmNpevXq1+v3SndYAyEvwAmlEuMaE1pQWgOWs4QUAIDXBCwBAaoIXAIDUBC8AAKkJXgAAUhO8AACkJngBAEhN8AIAkJrgBQAgNcELsEabFhqlE+PNzr6+l8YXO39tdX5\/wM+L4AVYo02LnQZve2HZ6fnaCfQnmqUjcabnFgQvUA+CF6BNkXG\/\/W604wANr82tKysdJf789b+NlE7F6\/2n+caqzvebe53\/8\/DavZHWY+X3B9BrjcnJyQ7\/Hw+Q30QrFp9dKOXluZEqBrv54\/o\/blgon69fLBdHm2V2XfNH5\/znuUbZMb+u7JjrPHiXn+9PrcfFsWZZ\/g9ABPGO1vniPb403715yNet93RhbLE676WHzgnQB03BC7AKl\/5nQ+mHvf8wV74caVbx+ef\/XV96KUL0X\/5xrvr1y61J83\/eHSv98OLkvQLQR83RAsCKpjfeL\/1wt7H03Oz5OWeXDalvjTT78h5NWIBBMOEFACCzpovWAABITfACAJCa4AUAIDXBCwBAaoIXAIDUBC8AAKkJXgAAUhO8AACkJngBAEhN8AIAkJrgBQAgNcELAEBqghcAgNQELwAAqQleAABSE7wAAKQmeAEASE3wAgCQmuAFACA1wQsAQGqCFwCA1AQvAACpCV4AAFITvAAApCZ4AQBITfACAJCa4AUAIDXBCwBAaoIXAIDUBC8AAKkJXgAAUhO8AACkJngBAEhN8AIAkJrgBQAgNcELAEBqghcAgNQELwAAqQleAABSE7wAAKQmeAEASE3wAgCQmuAFACA1wQsAQGqCFwCA1AQvAACpCV4AAFITvAAApCZ4AQBITfACAJCa4AUAIDXBCwBAaoIXAIDUBC8AAKkJXgAAUhO8AACkJngBAEhN8AIAkJrgBQAgNcELAEBqghcAgNQELwAAqQleAABSE7wAAKQmeAEASE3wAgCQmuAFACA1wQsAQGqCFwCA1AQvAACpCV4AAFITvAAApCZ4AQBITfACAJCa4AUAIDXBCwBAaoIXAIDUBC8AAKkJXgAAUhO8AACkJngBAEhN8AIAkJrgBQAgNcELAEBqghcAgNQELwAAqQleAABSE7wAAKQmeAEASE3wAgCQmuAFACA1wQsAQGqCFwCA1AQvAACpCV4AAFITvAAApCZ4AQBITfACAJCa4AUAIDXBCwBAaoIXAIDUBC8AAKkJXgAAUhO8AACkJngBAEhN8AIAkJrgBQAgNcELAEBqghcAgNQELwAAqQleAABSE7wAAKQmeAEASE3wAgCQmuAFACA1wQsAQGqCFwCA1AQvAACpCV4AAFITvAAApCZ4AQBITfACAJCa4AUAIDXBCwBAaoIXAIDUBC8AAKkJXgAAUhO8AACkJngBAEhN8AIAkJrgBQAgNcELAEBqghcAgNQELwAAqQleAABSE7wAAKQmeAEASE3wAgCQmuAFACA1wQsAQGqCFwCA1AQvAACpCV4AAFIbbT2aBQAAcmr+HxOS2LXTZHzQAAAAAElFTkSuQmCC'\/%3E%3C\/svg%3E&quot;)\"   src=\"https:\/\/www.europesays.com\/fr\/wp-content\/uploads\/2025\/06\/ce-mardi-10-juin-la-qualite-de-l-air-dans-l-ile-oscille-entre-moyen-et-degrade-compte-tenu-de-la-pre.jpeg\"\/>Ce mardi 10 juin, la qualit\u00e9 de l&rsquo;air dans l&rsquo;\u00eele oscille entre moyen et d\u00e9grad\u00e9 compte tenu de la pr\u00e9sence de particules sahariennes. Doc Qualitair<\/p>\n<p>Ce qui donne au ciel insulaire un aspect blanch\u00e2tre ou laiteux en journ\u00e9e et rouge\u00e2tre au coucher du soleil tandis que la visibilit\u00e9 est r\u00e9duite. \u00ab\u00a0Ces fum\u00e9es ont abord\u00e9 le continent et la Corse lors du week-end du 7 et 8\u00a0juin. Leur concentration diminue r\u00e9guli\u00e8rement au fil des heures mais, il faudra attendre jeudi (12\u00a0juin, ndlr) pour retrouver un ciel bien bleu\u00a0\u00bb, indique Patrice Fourcade, pr\u00e9visionniste M\u00e9t\u00e9o-France au centre d&rsquo;Ajaccio.<\/p>\n<p>Le\u00a0dioxyde d&rsquo;azote et le\u00a0monoxyde de carbone se sont dissous au-dessus de l&rsquo;oc\u00e9an<\/p>\n<p>Auparavant, ce nuage aliment\u00e9 par les 200 foyers encore actifs et pris \u00ab\u00a0dans le courant oc\u00e9anique, a travers\u00e9 l&rsquo;Atlantique \u00e0 tr\u00e8s haute altitude, entre 6000, 8\u00a0000\u00a0et 10\u00a0000 m\u00e8tres\u00a0\u00bb.<\/p>\n<p>Sa trajectoire a chang\u00e9 \u00e0 l&rsquo;arriv\u00e9e lorsque \u00ab\u00a0l&rsquo;anticyclone et les courants descendants pr\u00e9sents sur notre r\u00e9gion ont ramen\u00e9 les poussi\u00e8res pr\u00e8s du sol et jusqu&rsquo;\u00e0\u00a01000 \u00e0 1\u00a0500 m\u00e8tres d&rsquo;altitude. Les hauts sommets ne sont pas impact\u00e9s\u00a0\u00bb.<\/p>\n<p>Fort heureusement, les mouvements atmosph\u00e9riques n&rsquo;alt\u00e8rent pas la qualit\u00e9 de l&rsquo;air. Chemin faisant, le dioxyde de soufre, le dioxyde d&rsquo;azote et le monoxyde de carbone charri\u00e9s par le nuage, se sont dissous au-dessus de l&rsquo;oc\u00e9an ou ont rejoint la haute atmosph\u00e8re.<\/p>\n<p>\u00ab\u00a0Des particules sahariennes qui tra\u00eenent au-dessus de la M\u00e9diterran\u00e9e occidentale\u00a0\u00bb<\/p>\n<p>Qualitair Corse, en charge de la surveillance de la qualit\u00e9 de l&rsquo;air dans l&rsquo;\u00eele, ne rel\u00e8ve \u00ab\u00a0aucun \u00e9pisode de pollution en cours\u00a0\u00bb.<\/p>\n<p>Ces jours-ci, les experts conc\u00e8dent toutefois \u00ab\u00a0avoir observ\u00e9 une l\u00e9g\u00e8re augmentation des particules pr\u00e9sentes dans l&rsquo;atmosph\u00e8re. Nous avons un peu doubl\u00e9 le niveau de fond tout en restant\u00a0tr\u00e8s loin des seuils que nous avons pu atteindre par moments.\u00a0\u00bb<\/p>\n<p>En outre, Jean-Luc Savelli, directeur de la structure, dissocie le r\u00e9sultat des mesures effectu\u00e9es des incendies canadiens. Il le rattache plut\u00f4t \u00e0 \u00ab\u00a0des particules sahariennes qui tra\u00eenent sur la M\u00e9diterran\u00e9e occidentale\u00a0\u00bb.<\/p>\n<p>Pour autant, il n&rsquo;est pas du tout surpris que \u00ab\u00a0des \u00e9missions de fum\u00e9es \u00e0 des milliers de kilom\u00e8tres puissent, \u00e0 un moment donn\u00e9, avoir des r\u00e9percussions \u00e0 l&rsquo;\u00e9chelle insulaire. Nous sommes sur une \u00eele mais pas dans une bulle. Et, nous savons tr\u00e8s bien que les particules, lorsqu&rsquo;elles sont pouss\u00e9es par des courants forts, circulent sur de tr\u00e8s longues distances\u00a0\u00bb.<\/p>\n<p>Volcans en Islande et aux Canaries, incendies au Portugal et en Ukraine<\/p>\n<p>De nombreux exemples le prouvent. Parmi ceux-ci, l&rsquo;\u00e9ruption du volcan islandais Eyjafj\u00f6ll qui, le 18\u00a0avril 2010, avait entra\u00een\u00e9 quelques heures durant la fermeture des a\u00e9roports insulaires. Le souvenir des violents incendies qui ont fait rage au Canada en 2023 est encore pr\u00e9sent dans les esprits. \u00ab\u00a0En 2021, nous avions aussi rep\u00e9r\u00e9 chez nous, des traces de l&rsquo;\u00e9ruption volcanique de La Palma aux Canaries\u00a0\u00bb, rappelle le directeur.<\/p>\n<p>En septembre\u00a02024, les \u00e9quipes de Qualitair ont suivi\u00a0avec attention\u00a0les incendies qui ont d\u00e9truit des dizaines de milliers d&rsquo;hectares au Portugal car \u00ab\u00a0plus le sinistre est proche, plus son impact est important. Ces donn\u00e9es sont int\u00e9gr\u00e9es dans notre pr\u00e9vision de la pollution de l&rsquo;air\u00a0\u00bb.<\/p>\n<p>Quelques ann\u00e9es plus t\u00f4t, en 2020, les incendies en Ukraine, non loin de Tchernobyl, avaient figur\u00e9 un point de vigilance.<\/p>\n<p>\u00c0 l\u2019\u00e9poque, Qualitair avait \u00ab\u00a0beaucoup \u00e9chang\u00e9\u00a0\u00bb avec l&rsquo;Institut de radioprotection et de s\u00fbret\u00e9 nucl\u00e9aire (IRSN) devenue depuis l&rsquo;Autorit\u00e9 de s\u00fbret\u00e9 nucl\u00e9aire et de radioprotection (ASNR).<\/p>\n","protected":false},"excerpt":{"rendered":"Les gigantesques incendies de for\u00eat qui ravagent le Canada depuis le mois de mai continuent de se propager&hellip;\n","protected":false},"author":2,"featured_media":167211,"comment_status":"","ping_status":"","sticky":false,"template":"","format":"standard","meta":{"footnotes":""},"categories":[5],"tags":[17,11,4512,2517,154,436,1011,27,6578,14,30075,12,5912,10887,28],"class_list":{"0":"post-167210","1":"post","2":"type-post","3":"status-publish","4":"format-standard","5":"has-post-thumbnail","7":"category-international","8":"tag-17","9":"tag-actualites","10":"tag-ciel","11":"tag-corse","12":"tag-des","13":"tag-environnement","14":"tag-fr","15":"tag-france","16":"tag-fumee","17":"tag-international","18":"tag-mega","19":"tag-news","20":"tag-par","21":"tag-voile","22":"tag-world"},"share_on_mastodon":{"url":"https:\/\/pubeurope.com\/@fr\/114662572305271926","error":""},"_links":{"self":[{"href":"https:\/\/www.europesays.com\/fr\/wp-json\/wp\/v2\/posts\/167210","targetHints":{"allow":["GET"]}}],"collection":[{"href":"https:\/\/www.europesays.com\/fr\/wp-json\/wp\/v2\/posts"}],"about":[{"href":"https:\/\/www.europesays.com\/fr\/wp-json\/wp\/v2\/types\/post"}],"author":[{"embeddable":true,"href":"https:\/\/www.europesays.com\/fr\/wp-json\/wp\/v2\/users\/2"}],"replies":[{"embeddable":true,"href":"https:\/\/www.europesays.com\/fr\/wp-json\/wp\/v2\/comments?post=167210"}],"version-history":[{"count":0,"href":"https:\/\/www.europesays.com\/fr\/wp-json\/wp\/v2\/posts\/167210\/revisions"}],"wp:featuredmedia":[{"embeddable":true,"href":"https:\/\/www.europesays.com\/fr\/wp-json\/wp\/v2\/media\/167211"}],"wp:attachment":[{"href":"https:\/\/www.europesays.com\/fr\/wp-json\/wp\/v2\/media?parent=167210"}],"wp:term":[{"taxonomy":"category","embeddable":true,"href":"https:\/\/www.europesays.com\/fr\/wp-json\/wp\/v2\/categories?post=167210"},{"taxonomy":"post_tag","embeddable":true,"href":"https:\/\/www.europesays.com\/fr\/wp-json\/wp\/v2\/tags?post=167210"}],"curies":[{"name":"wp","href":"https:\/\/api.w.org\/{rel}","templated":true}]}}