{"id":167214,"date":"2025-06-11T03:20:10","date_gmt":"2025-06-11T03:20:10","guid":{"rendered":"https:\/\/www.europesays.com\/fr\/167214\/"},"modified":"2025-06-11T03:20:10","modified_gmt":"2025-06-11T03:20:10","slug":"donald-trump-fustige-l-immigration-hors-de-controle-en-europe","status":"publish","type":"post","link":"https:\/\/www.europesays.com\/fr\/167214\/","title":{"rendered":"Donald Trump fustige l&rsquo;\u00ab\u00a0immigration hors de contr\u00f4le\u00a0\u00bb en Europe"},"content":{"rendered":"<p><a href=\"https:\/\/www.20minutes.fr\/dossier\/donald_trump\" target=\"_blank\" class=\"color-ultramarine c-link\" rel=\"noopener\">Donald Trump<\/a> poursuit sa rh\u00e9torique agressive sur le contr\u00f4le des fronti\u00e8res. Et pour appuyer son discours, le pr\u00e9sident des <a href=\"https:\/\/www.20minutes.fr\/monde\/etats-unis\/\" target=\"_blank\" class=\"color-ultramarine c-link\" rel=\"noopener\">Etats-Unis<\/a> a d\u00e9coch\u00e9 ses fl\u00e8ches mardi contre les politiques des gouvernements europ\u00e9ens.<\/p>\n<p>Reprenant un angle d\u2019attaque devenu r\u00e9current depuis son retour au pouvoir, Donald Trump a ainsi affirm\u00e9 que l\u2019Europe devait agir contre \u00ab\u00a0l\u2019<a href=\"https:\/\/www.20minutes.fr\/dossier\/immigration\" target=\"_blank\" class=\"color-ultramarine c-link\" rel=\"noopener\">immigration<\/a> hors de contr\u00f4le\u00a0\u00bb et \u00ab\u00a0avant qu\u2019il ne soit trop tard\u00a0\u00bb.<\/p>\n<p>Un parall\u00e8le avec Los Angeles<\/p>\n<p>\u00ab\u00a0Comme le monde entier peut d\u00e9sormais le constater, l\u2019immigration hors de contr\u00f4le conduit au chaos, au dysfonctionnement et au d\u00e9sordre. Et vous savez quoi\u00a0? C\u2019est aussi le cas en Europe. C\u2019est ce qui se passe dans de nombreux pays d\u2019Europe\u00a0\u00bb a-t-il d\u00e9clar\u00e9 lors d\u2019un discours sur une base militaire. Il faisait ainsi r\u00e9f\u00e9rence aux <a href=\"https:\/\/www.20minutes.fr\/monde\/etats-unis\/4157822-20250610-emeutes-los-angeles-quoi-juste-garde-nationale-envoyee-trump\" target=\"_blank\" class=\"color-ultramarine c-link\" rel=\"noopener\">heurts survenus \u00e0 Los Angeles<\/a> entre forces de l\u2019ordre et manifestants oppos\u00e9s \u00e0 la politique d\u2019expulsions \u00e0 marche forc\u00e9e du locataire de la Maison-Blanche.<\/p>\n<\/p>\n<p>\u00ab\u00a0Ils n\u2019aiment pas quand je le dis mais je le dis haut et fort. Ils feraient mieux de faire quelque chose avant qu\u2019il ne soit trop tard\u00a0\u00bb, a ajout\u00e9 Donald Trump, qui s\u2019exprimait devant des soldats portant des treillis et des b\u00e9rets rouges.<\/p>\n<p>Un soutien \u00e0 l\u2019extr\u00eame droite europ\u00e9enne<\/p>\n<p>La Maison-Blanche pr\u00e9sente d\u00e9sormais la lutte contre l\u2019immigration clandestine comme un enjeu de \u00ab\u00a0civilisation\u00a0\u00bb, une rh\u00e9torique qui inqui\u00e8te les d\u00e9fenseurs des droits civiques et les militants antiracistes.<\/p>\n<p><a href=\"https:\/\/www.20minutes.fr\/monde\/etats-unis\/\" target=\"_blank\" class=\"c-link c-btn c-btn--primary\" rel=\"noopener\">Notre dossier sur les Etats-Unis<\/a><\/p>\n<p>En f\u00e9vrier, le vice-pr\u00e9sident <a href=\"https:\/\/www.20minutes.fr\/monde\/vance\/\" target=\"_blank\" class=\"color-ultramarine c-link\" rel=\"noopener\">JD Vance<\/a> avait d\u00e9j\u00e0 attaqu\u00e9 avec virulence les pays europ\u00e9ens, dans un discours retentissant \u00e0 la conf\u00e9rence sur la s\u00e9curit\u00e9 de Munich, jugeant qu\u2019il n\u2019y avait pas de probl\u00e8me \u00ab\u00a0plus urgent\u00a0\u00bb que l\u2019immigration clandestine sur le continent. La Maison-Blanche a aussi apport\u00e9 publiquement son soutien \u00e0 des formations ou figures d\u2019extr\u00eame droite en Europe, qu\u2019il s\u2019agisse de Marine Le\u00a0Pen ou du parti allemand AfD.<\/p>\n","protected":false},"excerpt":{"rendered":"Donald Trump poursuit sa rh\u00e9torique agressive sur le contr\u00f4le des fronti\u00e8res. Et pour appuyer son discours, le pr\u00e9sident&hellip;\n","protected":false},"author":2,"featured_media":167215,"comment_status":"","ping_status":"","sticky":false,"template":"","format":"standard","meta":{"footnotes":""},"categories":[2],"tags":[47,11,2139,75,73,1011,27,1061,6734,6116,74,12,555,133],"class_list":{"0":"post-167214","1":"post","2":"type-post","3":"status-publish","4":"format-standard","5":"has-post-thumbnail","7":"category-actualites","8":"tag-actualite","9":"tag-actualites","10":"tag-californie","11":"tag-donald-trump","12":"tag-etats-unis","13":"tag-fr","14":"tag-france","15":"tag-immigration","16":"tag-immigration-clandestine","17":"tag-los-angeles","18":"tag-monde","19":"tag-news","20":"tag-union-europeenne-ue","21":"tag-video"},"share_on_mastodon":{"url":"https:\/\/pubeurope.com\/@fr\/114662580092062763","error":""},"_links":{"self":[{"href":"https:\/\/www.europesays.com\/fr\/wp-json\/wp\/v2\/posts\/167214","targetHints":{"allow":["GET"]}}],"collection":[{"href":"https:\/\/www.europesays.com\/fr\/wp-json\/wp\/v2\/posts"}],"about":[{"href":"https:\/\/www.europesays.com\/fr\/wp-json\/wp\/v2\/types\/post"}],"author":[{"embeddable":true,"href":"https:\/\/www.europesays.com\/fr\/wp-json\/wp\/v2\/users\/2"}],"replies":[{"embeddable":true,"href":"https:\/\/www.europesays.com\/fr\/wp-json\/wp\/v2\/comments?post=167214"}],"version-history":[{"count":0,"href":"https:\/\/www.europesays.com\/fr\/wp-json\/wp\/v2\/posts\/167214\/revisions"}],"wp:featuredmedia":[{"embeddable":true,"href":"https:\/\/www.europesays.com\/fr\/wp-json\/wp\/v2\/media\/167215"}],"wp:attachment":[{"href":"https:\/\/www.europesays.com\/fr\/wp-json\/wp\/v2\/media?parent=167214"}],"wp:term":[{"taxonomy":"category","embeddable":true,"href":"https:\/\/www.europesays.com\/fr\/wp-json\/wp\/v2\/categories?post=167214"},{"taxonomy":"post_tag","embeddable":true,"href":"https:\/\/www.europesays.com\/fr\/wp-json\/wp\/v2\/tags?post=167214"}],"curies":[{"name":"wp","href":"https:\/\/api.w.org\/{rel}","templated":true}]}}