{"id":167227,"date":"2025-06-11T03:36:27","date_gmt":"2025-06-11T03:36:27","guid":{"rendered":"https:\/\/www.europesays.com\/fr\/167227\/"},"modified":"2025-06-11T03:36:27","modified_gmt":"2025-06-11T03:36:27","slug":"apres-un-pic-a-36-degres-meteo-france-prevoit-orages-violents-grele-et-grosses-rafales-a-bordeaux","status":"publish","type":"post","link":"https:\/\/www.europesays.com\/fr\/167227\/","title":{"rendered":"Apr\u00e8s un pic \u00e0 36 degr\u00e9s, M\u00e9t\u00e9o France pr\u00e9voit orages violents, gr\u00eale et grosses rafales \u00e0 Bordeaux"},"content":{"rendered":"<p>            Par<br \/>\n        <strong><br \/>\n            <a href=\"https:\/\/actu.fr\/auteur\/sports33\" title=\"Consulter tous les articles de Nicolas Gosselin\" target=\"_blank\" rel=\"noopener\">Nicolas Gosselin<\/a><br \/>\n        <\/strong><\/p>\n<p>        Publi\u00e9 le<\/p>\n<p>            10 juin 2025 \u00e0 15h38<br \/>\n        ; mis \u00e0 jour le 10 juin 2025 \u00e0 17h00    <\/p>\n<p><strong>[Mise \u00e0 jour : apr\u00e8s la publication de cet article, M\u00e9t\u00e9o France a plac\u00e9 la Gironde en vigilance jaune pour orages et canicule, ce mercredi 11 juin]<\/strong><\/p>\n<p class=\" wall-content\">Apr\u00e8s un d\u00e9but de semaine d\u00e9j\u00e0 bien chaud, le mercure va encore grimper en Gironde ce mercredi 11 juin 2025. <a href=\"https:\/\/actu.fr\/tag\/meteo-france\" target=\"_blank\" rel=\"noopener\">M\u00e9t\u00e9o France<\/a> annonce <strong>jusqu\u2019\u00e0 36 degr\u00e9s \u00e0 Bordeaux<\/strong> et sur une grande partie du d\u00e9partement, y compris sur le littoral.<\/p>\n<p class=\" wall-content\">La temp\u00e9rature devrait d\u00e9passer de 11 degr\u00e9s les normales de saison mais cette <a href=\"https:\/\/actu.fr\/tag\/vague-de-chaleur\" target=\"_blank\" rel=\"noopener\">vague de chaleur<\/a> sera de courte dur\u00e9e.<\/p>\n<p>Un risque de gr\u00eale<\/p>\n<p class=\" wall-content\">En effet, la remont\u00e9e d\u2019une masse subtropicale sur le sud-ouest de la France et <a href=\"https:\/\/actu.fr\/tag\/orages\" target=\"_blank\" rel=\"noopener\">des orages violents<\/a> risquent de se d\u00e9clencher dans l\u2019apr\u00e8s-midi de mercredi sur l\u2019ensemble de la Gironde.\u00a0<\/p>\n<p class=\" wall-content\">\n<p class=\" wall-content\">Cet \u00e9pisode orageux devrait se poursuivre jusqu\u2019au milieu de la nuit et sera accompagn\u00e9 de <strong>fortes rafales<\/strong>, pouvant aller <strong>jusqu\u2019\u00e0 90 km\/h \u00e0 Bordeaux<\/strong>, sur le <a href=\"https:\/\/actu.fr\/tag\/bassin-d-arcachon\" target=\"_blank\" rel=\"noopener\">bassin d\u2019Arcachon<\/a>, dans le Blayais, dans le Libournais ou encore <a href=\"https:\/\/actu.fr\/le-republicain-sud-gironde\/\" target=\"_blank\" rel=\"noopener\">le Sud-Gironde<\/a>. Dans le d\u00e9partement, certains pr\u00e9visionnistes \u00e9voquent aussi un risque de gr\u00eale localement.<\/p>\n<p>Le record mensuel ne sera pas atteint<\/p>\n<p class=\" wall-content\">\u00ab\u00a0Les record mensuels, qui sont plut\u00f4t relev\u00e9s apr\u00e8s la premi\u00e8re quinzaine de juin, ne seront pas battus. Ils sont \u00e9lev\u00e9s avec 42,9\u00b0C \u00e0 Biarritz ou 40,5\u00b0C \u00e0 Bordeaux (durant la canicule de juin 2022). En revanche, les records pour une mi-juin pourront \u00eatre approch\u00e9s, voire d\u00e9pass\u00e9s localement mercredi dans le sud-ouest\u00a0\u00bb, pr\u00e9cise <a href=\"https:\/\/actualite.lachainemeteo.com\/actualite-meteo\/2025-06-09\/vague-de-chaleur-de-courte-duree-ce-qui-vous-attend-cette-semaine-78766\" target=\"_blank\" rel=\"noopener\">La Cha\u00eene M\u00e9t\u00e9o<\/a>.<\/p>\n<p class=\" wall-content\">\n<p class=\" wall-content\">En fin de semaine, les temp\u00e9ratures devraient se rafraichir et baisser de quasiment dix degr\u00e9s par rapport au d\u00e9but de semaine. On attend, par exemple, des maximales \u00e0 24-25 \u00e0 Bordeaux durant le week-end et un ciel oscillant entre nuages et \u00e9claircies.<\/p>\n<p>Vid\u00e9os : en ce moment sur Actu<\/p>\n<p class=\" wall-content\">Suivez toute l\u2019actualit\u00e9 de vos villes et m\u00e9dias favoris en vous inscrivant \u00e0 <a href=\"https:\/\/moncompte.actu.fr\" title=\"D\u00e9couvez Mon Actu\" rel=\"nofollow noopener\" data-trk=\"{&quot;cta&quot;:{&quot;action&quot;:&quot;https:\\\/\\\/moncompte.actu.fr&quot;,&quot;category&quot;:&quot;mon compte&quot;,&quot;from&quot;:&quot;article footer&quot;,&quot;name&quot;:&quot;Mon actu&quot;,&quot;type&quot;:&quot;cta&quot;}}\" target=\"_blank\">Mon Actu<\/a>.<\/p>\n","protected":false},"excerpt":{"rendered":"Par Nicolas Gosselin Publi\u00e9 le 10 juin 2025 \u00e0 15h38 ; mis \u00e0 jour le 10 juin 2025&hellip;\n","protected":false},"author":2,"featured_media":167228,"comment_status":"","ping_status":"","sticky":false,"template":"","format":"standard","meta":{"footnotes":""},"categories":[2821],"tags":[1111,11,829,1777,674,1011,27,2487,2357,12,4594,584,25,15637],"class_list":{"0":"post-167227","1":"post","2":"type-post","3":"status-publish","4":"format-standard","5":"has-post-thumbnail","7":"category-rennes","8":"tag-actu","9":"tag-actualites","10":"tag-bretagne","11":"tag-eu","12":"tag-europe","13":"tag-fr","14":"tag-france","15":"tag-meteo","16":"tag-meteo-france","17":"tag-news","18":"tag-orages","19":"tag-rennes","20":"tag-republique-francaise","21":"tag-vague-de-chaleur"},"share_on_mastodon":{"url":"https:\/\/pubeurope.com\/@fr\/114662642988487476","error":""},"_links":{"self":[{"href":"https:\/\/www.europesays.com\/fr\/wp-json\/wp\/v2\/posts\/167227","targetHints":{"allow":["GET"]}}],"collection":[{"href":"https:\/\/www.europesays.com\/fr\/wp-json\/wp\/v2\/posts"}],"about":[{"href":"https:\/\/www.europesays.com\/fr\/wp-json\/wp\/v2\/types\/post"}],"author":[{"embeddable":true,"href":"https:\/\/www.europesays.com\/fr\/wp-json\/wp\/v2\/users\/2"}],"replies":[{"embeddable":true,"href":"https:\/\/www.europesays.com\/fr\/wp-json\/wp\/v2\/comments?post=167227"}],"version-history":[{"count":0,"href":"https:\/\/www.europesays.com\/fr\/wp-json\/wp\/v2\/posts\/167227\/revisions"}],"wp:featuredmedia":[{"embeddable":true,"href":"https:\/\/www.europesays.com\/fr\/wp-json\/wp\/v2\/media\/167228"}],"wp:attachment":[{"href":"https:\/\/www.europesays.com\/fr\/wp-json\/wp\/v2\/media?parent=167227"}],"wp:term":[{"taxonomy":"category","embeddable":true,"href":"https:\/\/www.europesays.com\/fr\/wp-json\/wp\/v2\/categories?post=167227"},{"taxonomy":"post_tag","embeddable":true,"href":"https:\/\/www.europesays.com\/fr\/wp-json\/wp\/v2\/tags?post=167227"}],"curies":[{"name":"wp","href":"https:\/\/api.w.org\/{rel}","templated":true}]}}