{"id":167235,"date":"2025-06-11T03:41:10","date_gmt":"2025-06-11T03:41:10","guid":{"rendered":"https:\/\/www.europesays.com\/fr\/167235\/"},"modified":"2025-06-11T03:41:10","modified_gmt":"2025-06-11T03:41:10","slug":"conclusions-de-la-journee-mediterranee-dans-le-cadre-de-lunoc-3-nice-10-06-25","status":"publish","type":"post","link":"https:\/\/www.europesays.com\/fr\/167235\/","title":{"rendered":"Conclusions de la Journ\u00e9e M\u00e9diterran\u00e9e dans le cadre de l\u2019UNOC 3 (Nice, 10.06.25)"},"content":{"rendered":"<p>La Journ\u00e9e M\u00e9diterran\u00e9e, organis\u00e9e le 10 juin 2025 au Centre Universitaire M\u00e9diterran\u00e9en de Nice par la D\u00e9l\u00e9gation interminist\u00e9rielle \u00e0 la M\u00e9diterran\u00e9e, en partenariat avec la r\u00e9gion Provence-Alpes-C\u00f4tes d\u2019Azur, l\u2019Union pour la M\u00e9diterran\u00e9e, le groupe Varda et le Plan d\u2019Action pour la M\u00e9diterran\u00e9e du Programme des Nations Unies pour l\u2019Environnement, a \u00e9t\u00e9 l\u2019un des temps forts de la troisi\u00e8me Conf\u00e9rence des Nations Unies sur l\u2019Oc\u00e9an. Elle a propos\u00e9, le temps d\u2019une journ\u00e9e, de d\u00e9caler le regard en donnant la parole aux acteurs m\u00e9diterran\u00e9ens et m\u00e9diterran\u00e9ennes qui \u0153uvrent \u00e0 la construction d\u2019une r\u00e9gion durable, r\u00e9siliente et inclusive. Forte de ses plus de 800 participantes et participants, la Journ\u00e9e M\u00e9diterran\u00e9e a rassembl\u00e9 personnalit\u00e9s politiques et institutionnelles, autorit\u00e9s locales, organisations r\u00e9gionales, banques de d\u00e9veloppement et soci\u00e9t\u00e9s civiles des trois rives autour de cette ambition commune, mettant en lumi\u00e8re toute la force et la diversit\u00e9 des solutions port\u00e9es par les acteurs m\u00e9diterran\u00e9ens et m\u00e9diterran\u00e9ennes.<\/p>\n<p>Lors de leurs interventions en ouverture, les ministres des Affaires \u00e9trang\u00e8res fran\u00e7ais et tunisien ainsi que la Commissaire europ\u00e9enne \u00e0 la M\u00e9diterran\u00e9e ont rappel\u00e9 avec force que l\u2019avenir de la r\u00e9gion doit se fonder sur le dialogue, la coop\u00e9ration et la mise en \u0153uvre de solutions innovantes.<\/p>\n<p><strong>1. Mobilisation des autorit\u00e9s locales pour la pr\u00e9servation de la mer<\/strong><\/p>\n<p>En synergie avec cette volont\u00e9 politique, la R\u00e9gion Provence-Alpes-C\u00f4te d\u2019Azur et les collectivit\u00e9s locales m\u00e9diterran\u00e9ennes ont \u00e9chang\u00e9 autour de solutions concr\u00e8tes pour la pr\u00e9servation de la biodiversit\u00e9 et la r\u00e9duction de la pollution sur les littoraux. L\u2019assembl\u00e9e g\u00e9n\u00e9rale de la Commission inter-m\u00e9diterran\u00e9enne de la Conf\u00e9rence des r\u00e9gions p\u00e9riph\u00e9riques maritimes (CIM-CRPM), qui s\u2019est tenue le jour m\u00eame, a permis de mat\u00e9rialiser cet engagement commun en faveur de la protection de la richesse de la M\u00e9diterran\u00e9e.<\/p>\n<p>L\u2019Agence fran\u00e7aise de d\u00e9veloppement (AFD) a annonc\u00e9 une subvention \u00e0 hauteur de 2 millions d\u2019euros au projet RESCOM de restauration des \u00e9cosyst\u00e8mes m\u00e9diterran\u00e9ens par les communaut\u00e9s locales en Afrique du Nord (Maroc, Tunisie, Alg\u00e9rie, Libye, \u00c9gypte), mis en \u0153uvre par la fondation La Tour du Valat, en lien avec les acteurs locaux et au plus proche du terrain.<\/p>\n<p><strong>2. Soutien des organisations r\u00e9gionales \u00e0 une \u00e9conomie bleue durable en M\u00e9diterran\u00e9e<\/strong><\/p>\n<p>L\u2019Union pour la M\u00e9diterran\u00e9e (UpM) a \u00e9galement mis en avant la n\u00e9cessit\u00e9 de renforcer le dialogue multilat\u00e9ral pour la protection de la M\u00e9diterran\u00e9e, \u00e0 travers le d\u00e9veloppement d\u2019une \u00e9conomie bleue durable et gr\u00e2ce \u00e0 des mesures concr\u00e8tes de financement et de soutien \u00e0 l\u2019innovation. L\u2019outil \u00ab\u00a0Blue Mediterranean Partnership\u00a0\u00bb (BMP), port\u00e9 par l\u2019UpM, la Banque europ\u00e9enne pour la reconstruction et le d\u00e9veloppement (BERD) et la Banque europ\u00e9enne d\u2019investissements (BEI), avec la participation de l\u2019Agence fran\u00e7aise de d\u00e9veloppement (AFD) aux c\u00f4t\u00e9s d\u2019autres bailleurs bilat\u00e9raux, en est une illustration. La ministre espagnole de la Transition \u00e9cologique a annonc\u00e9 l\u2019octroi d\u2019une contribution \u00e0 hauteur de 8,5 millions d\u2019euros au BMP, dont l\u2019objectif est de lever 1 milliard d\u2019euros d\u2019ici 2030 pour financer des projets d\u2019\u00e9conomie bleue en M\u00e9diterran\u00e9e.<\/p>\n<p><strong>3. Les soci\u00e9t\u00e9s civiles, impulsion du changement en M\u00e9diterran\u00e9e<\/strong><\/p>\n<p>Le groupe Varda a valoris\u00e9 le r\u00f4le moteur des soci\u00e9t\u00e9s civiles dans les projets m\u00e9diterran\u00e9ens de protection de l\u2019environnement.<\/p>\n<p>L\u2019installation \u00e0 l\u2019entr\u00e9e du Centre universitaire m\u00e9diterran\u00e9en, par la Deep Sea Conservation Coalition, de la fresque des fonds marins d\u00e9di\u00e9e \u00e0 la M\u00e9diterran\u00e9e, est un symbole de l\u2019engagement politique et artistique des soci\u00e9t\u00e9s civiles. Les participantes et participants \u00e0 la Journ\u00e9e M\u00e9diterran\u00e9e ont \u00e9t\u00e9 invit\u00e9s, tout au long de l\u2019\u00e9v\u00e9nement, \u00e0 contribuer \u00e0 la finalisation de cette fresque symbole de l\u2019action collective en faveur de la pr\u00e9servation des fonds marins r\u00e9gionaux.<\/p>\n<p><strong>4. Ambition partag\u00e9e des \u00c9tats m\u00e9diterran\u00e9ens pour pr\u00e9server la mer<\/strong><\/p>\n<p>Enfin, le Plan d\u2019action pour la M\u00e9diterran\u00e9e du Programme des Nations Unies pour l\u2019Environnement (PAM-PNUE) a pr\u00e9sent\u00e9 son travail et les r\u00e9sultats du rapport du Plan Bleu \u00ab\u00a0MED 2050\u00a0\u00bb, qui propose diff\u00e9rents sc\u00e9narios strat\u00e9giques pour l\u2019avenir de la M\u00e9diterran\u00e9e.<\/p>\n<p>Cette journ\u00e9e s\u2019est cl\u00f4tur\u00e9e par l\u2019intervention des ministres de l\u2019Environnement proposant une restitution de la r\u00e9union tenue le matin m\u00eame, rappelant ainsi leur volont\u00e9 forte de construire une \u00e9conomie bleue, durable et inclusive en M\u00e9diterran\u00e9e pour faire face aux d\u00e9fis climatique et \u00e9cologique des prochaines ann\u00e9es.<\/p>\n<p>\t<img decoding=\"async\" src=\"https:\/\/www.europesays.com\/fr\/wp-content\/uploads\/2025\/06\/journee_mediterranee_unoc_cle049653-043b7.jpg\" alt=\"\"\/><\/p>\n","protected":false},"excerpt":{"rendered":"La Journ\u00e9e M\u00e9diterran\u00e9e, organis\u00e9e le 10 juin 2025 au Centre Universitaire M\u00e9diterran\u00e9en de Nice par la D\u00e9l\u00e9gation interminist\u00e9rielle&hellip;\n","protected":false},"author":2,"featured_media":167236,"comment_status":"","ping_status":"","sticky":false,"template":"","format":"standard","meta":{"footnotes":""},"categories":[2819],"tags":[1111,11,9435,9436,312,1777,674,1011,27,12,2401,882,9437,25],"class_list":{"0":"post-167235","1":"post","2":"type-post","3":"status-publish","4":"format-standard","5":"has-post-thumbnail","7":"category-nice","8":"tag-actu","9":"tag-actualites","10":"tag-diplomate","11":"tag-diplomates","12":"tag-diplomatie","13":"tag-eu","14":"tag-europe","15":"tag-fr","16":"tag-france","17":"tag-news","18":"tag-nice","19":"tag-provence-alpes-cote-dazur","20":"tag-quai-d","21":"tag-republique-francaise"},"share_on_mastodon":{"url":"https:\/\/pubeurope.com\/@fr\/114662662827640702","error":""},"_links":{"self":[{"href":"https:\/\/www.europesays.com\/fr\/wp-json\/wp\/v2\/posts\/167235","targetHints":{"allow":["GET"]}}],"collection":[{"href":"https:\/\/www.europesays.com\/fr\/wp-json\/wp\/v2\/posts"}],"about":[{"href":"https:\/\/www.europesays.com\/fr\/wp-json\/wp\/v2\/types\/post"}],"author":[{"embeddable":true,"href":"https:\/\/www.europesays.com\/fr\/wp-json\/wp\/v2\/users\/2"}],"replies":[{"embeddable":true,"href":"https:\/\/www.europesays.com\/fr\/wp-json\/wp\/v2\/comments?post=167235"}],"version-history":[{"count":0,"href":"https:\/\/www.europesays.com\/fr\/wp-json\/wp\/v2\/posts\/167235\/revisions"}],"wp:featuredmedia":[{"embeddable":true,"href":"https:\/\/www.europesays.com\/fr\/wp-json\/wp\/v2\/media\/167236"}],"wp:attachment":[{"href":"https:\/\/www.europesays.com\/fr\/wp-json\/wp\/v2\/media?parent=167235"}],"wp:term":[{"taxonomy":"category","embeddable":true,"href":"https:\/\/www.europesays.com\/fr\/wp-json\/wp\/v2\/categories?post=167235"},{"taxonomy":"post_tag","embeddable":true,"href":"https:\/\/www.europesays.com\/fr\/wp-json\/wp\/v2\/tags?post=167235"}],"curies":[{"name":"wp","href":"https:\/\/api.w.org\/{rel}","templated":true}]}}