{"id":167265,"date":"2025-06-11T03:58:09","date_gmt":"2025-06-11T03:58:09","guid":{"rendered":"https:\/\/www.europesays.com\/fr\/167265\/"},"modified":"2025-06-11T03:58:09","modified_gmt":"2025-06-11T03:58:09","slug":"le-prefet-de-police-refute-un-fiasco-securitaire-a-paris","status":"publish","type":"post","link":"https:\/\/www.europesays.com\/fr\/167265\/","title":{"rendered":"Le pr\u00e9fet de police r\u00e9fute un \u00ab\u00a0fiasco s\u00e9curitaire\u00a0\u00bb \u00e0 Paris"},"content":{"rendered":"<p><a href=\"https:\/\/www.20minutes.fr\/politique\/laurent-nunez\/\" target=\"_blank\" class=\"color-ultramarine c-link\" rel=\"noopener\">Laurent Nu\u00f1ez<\/a> ne compte pas r\u00e9pondre aux critiques par un mea culpa. Le pr\u00e9fet de police de <a href=\"https:\/\/www.20minutes.fr\/paris\/\" target=\"_blank\" class=\"color-ultramarine c-link\" rel=\"noopener\">Paris<\/a> a affirm\u00e9 mardi soir qu\u2019il n\u2019avait \u00ab\u00a0pas eu de graves dysfonctionnements\u00a0\u00bb dans le dispositif de s\u00e9curit\u00e9 mis en place pour la finale de la Ligue des champions remport\u00e9e par le PSG.<\/p>\n<p>\u00ab\u00a0J\u2019assume la totale responsabilit\u00e9 de ce dispositif, pr\u00e9par\u00e9 et calibr\u00e9 [\u2026] Pour moi, il n\u2019y a pas de graves dysfonctionnements\u00a0\u00bb, a-t-il d\u00e9clar\u00e9 \u00e0 la commission des lois de l\u2019Assembl\u00e9e nationale lors de son audition sur les incidents et les violences survenues dans la capitale en marge de la victoire du <a href=\"https:\/\/www.20minutes.fr\/sport\/psg\/\" target=\"_blank\" class=\"color-ultramarine c-link\" rel=\"noopener\">PSG<\/a>, le 30\u00a0mai et le 1er\u00a0juin.<\/p>\n<p>Retailleau vis\u00e9 par les critiques<\/p>\n<p>Les images des violences survenues principalement sur l\u2019avenue des Champs-Elys\u00e9es et autour du Parc des Princes ont d\u00e9clench\u00e9 une vive pol\u00e9mique sur le format du dispositif s\u00e9curitaire. Tr\u00e8s vite, le ministre de l\u2019Int\u00e9rieur <a href=\"https:\/\/www.20minutes.fr\/dossier\/bruno_retailleau\" target=\"_blank\" class=\"color-ultramarine c-link\" rel=\"noopener\">Bruno Retailleau<\/a>, qui n\u2019\u00e9tait pas \u00e0 Paris le soir du match, et le pr\u00e9fet de police ont \u00e9t\u00e9 accus\u00e9s d\u2019\u00eatre responsables d\u2019un \u00ab\u00a0fiasco s\u00e9curitaire\u00a0\u00bb. \u00ab\u00a0Ce n\u2019\u00e9tait pas un fiasco s\u00e9curitaire. On ne peut pas dire des choses comme cela. Je n\u2019accepte pas cela\u00a0\u00bb, a martel\u00e9 Laurent Nunez lors de son audition. \u00ab\u00a0On a \u00e9vit\u00e9 bien des exactions\u00a0\u00bb.<\/p>\n<\/p>\n<p>Le pr\u00e9fet a d\u00e9fendu pied \u00e0 pied son dispositif massif (5.400 policiers et gendarmes) qu\u2019il a qualifi\u00e9 de \u00ab\u00a0robuste\u00a0\u00bb. Il a insist\u00e9 sur le fait que la consigne donn\u00e9e aux forces de l\u2019ordre \u00e9tait, d\u2019\u00eatre r\u00e9actives, \u00ab\u00a0d\u2019aller au contact, d\u2019interpeller et de disperser\u00a0\u00bb \u00e0 chaque incident. Les forces de l\u2019ordre ont eu \u00ab\u00a0une action offensive, efficace et proportionn\u00e9e\u00a0\u00bb.<\/p>\n<p>Il a en outre r\u00e9p\u00e9t\u00e9 que les policiers et gendarmes avaient eu affaire \u00e0 \u00ab\u00a0des gens venus pour casser, pour piller\u00a0\u00bb, pas pour \u00ab\u00a0une manifestation festive\u00a0\u00bb. Concernant le profil des mis en cause, il a assur\u00e9 qu\u2019il s\u2019agissait \u00ab\u00a0de jeunes des quartiers de petite et grande couronne\u00a0\u00bb. \u00ab\u00a0Un gros quart (des gard\u00e9s \u00e0 vue) \u00e9tait des mineurs et pour 70\u00a0% d\u2019entre eux, ils provenaient de la petite et de la grande couronne\u00a0\u00bb. Sur \u00ab\u00a0un \u00e9chantillon de 160 gard\u00e9s \u00e0 vue\u00a0\u00bb \u00e0 Paris, \u00ab\u00a0pr\u00e8s de 130 \u00e9taient d\u00e9j\u00e0 connus des services. Ce n\u2019\u00e9tait pas des primo-d\u00e9linquants\u00a0\u00bb.<\/p>\n<p>Deux morts dans la nuit<\/p>\n<p>\u00ab\u00a0Sur les Champs-Elys\u00e9es, il y avait des gens plut\u00f4t jeunes qui tr\u00e8s vite ont commenc\u00e9 avec une extr\u00eame violence \u00e0 prendre \u00e0 partie les forces de l\u2019ordre\u00a0\u00bb. \u00ab\u00a0Ils avaient une attitude belliqueuse\u00a0\u00bb. \u00ab\u00a0Il y avait des milliers de personnes venues pour casser\u00a0\u00bb, a-t-il r\u00e9p\u00e9t\u00e9. Le pr\u00e9fet a affirm\u00e9 que \u00ab\u00a070\u00a0% des interpellations\u00a0\u00bb avaient eu lieu dans \u00ab\u00a0les 8e, 16e et 17e arrondissements\u00a0\u00bb de Paris.<\/p>\n<p><a href=\"https:\/\/www.20minutes.fr\/societe\/securite\/\" target=\"_blank\" class=\"c-link c-btn c-btn--primary\" rel=\"noopener\">Notre dossier sur la S\u00e9curit\u00e9<\/a><\/p>\n<p>Au total, il y a eu 559 interpellations dont 491 \u00e0 Paris, qui ont conduit \u00e0 320 gardes \u00e0 vue dont 254 dans la capitale, selon un bilan du 2\u00a0juin du minist\u00e8re de l\u2019Int\u00e9rieur. Durant la soir\u00e9e du samedi au dimanche deux personnes sont d\u00e9c\u00e9d\u00e9es, 22 membres des forces de l\u2019ordre ont \u00e9t\u00e9 bless\u00e9es, 7 sapeurs-pompiers et 192 manifestants.<\/p>\n","protected":false},"excerpt":{"rendered":"Laurent Nu\u00f1ez ne compte pas r\u00e9pondre aux critiques par un mea culpa. Le pr\u00e9fet de police de Paris&hellip;\n","protected":false},"author":2,"featured_media":167266,"comment_status":"","ping_status":"","sticky":false,"template":"","format":"standard","meta":{"footnotes":""},"categories":[1888],"tags":[11,416,1013,1777,674,63,1011,27,662,5454,447,12,626,2332,1306,25,656,517,133,809,7501],"class_list":{"0":"post-167265","1":"post","2":"type-post","3":"status-publish","4":"format-standard","5":"has-post-thumbnail","7":"category-paris","8":"tag-actualites","9":"tag-assemblee-nationale","10":"tag-bruno-retailleau","11":"tag-eu","12":"tag-europe","13":"tag-football","14":"tag-fr","15":"tag-france","16":"tag-ile-de-france","17":"tag-laurent-nunez","18":"tag-ligue-des-champions","19":"tag-news","20":"tag-paris","21":"tag-paris-saint-germain-psg","22":"tag-regions","23":"tag-republique-francaise","24":"tag-securite","25":"tag-sport","26":"tag-video","27":"tag-violence","28":"tag-violences-urbaines"},"share_on_mastodon":{"url":"https:\/\/pubeurope.com\/@fr\/114662729507455605","error":""},"_links":{"self":[{"href":"https:\/\/www.europesays.com\/fr\/wp-json\/wp\/v2\/posts\/167265","targetHints":{"allow":["GET"]}}],"collection":[{"href":"https:\/\/www.europesays.com\/fr\/wp-json\/wp\/v2\/posts"}],"about":[{"href":"https:\/\/www.europesays.com\/fr\/wp-json\/wp\/v2\/types\/post"}],"author":[{"embeddable":true,"href":"https:\/\/www.europesays.com\/fr\/wp-json\/wp\/v2\/users\/2"}],"replies":[{"embeddable":true,"href":"https:\/\/www.europesays.com\/fr\/wp-json\/wp\/v2\/comments?post=167265"}],"version-history":[{"count":0,"href":"https:\/\/www.europesays.com\/fr\/wp-json\/wp\/v2\/posts\/167265\/revisions"}],"wp:featuredmedia":[{"embeddable":true,"href":"https:\/\/www.europesays.com\/fr\/wp-json\/wp\/v2\/media\/167266"}],"wp:attachment":[{"href":"https:\/\/www.europesays.com\/fr\/wp-json\/wp\/v2\/media?parent=167265"}],"wp:term":[{"taxonomy":"category","embeddable":true,"href":"https:\/\/www.europesays.com\/fr\/wp-json\/wp\/v2\/categories?post=167265"},{"taxonomy":"post_tag","embeddable":true,"href":"https:\/\/www.europesays.com\/fr\/wp-json\/wp\/v2\/tags?post=167265"}],"curies":[{"name":"wp","href":"https:\/\/api.w.org\/{rel}","templated":true}]}}