{"id":167282,"date":"2025-06-11T04:07:09","date_gmt":"2025-06-11T04:07:09","guid":{"rendered":"https:\/\/www.europesays.com\/fr\/167282\/"},"modified":"2025-06-11T04:07:09","modified_gmt":"2025-06-11T04:07:09","slug":"la-mere-delias-adolescent-tue-a-la-sortie-de-son-entrainement-en-janvier-a-tenu-le-coup-grace-a-luis-enrique-france-paris-saint-germain","status":"publish","type":"post","link":"https:\/\/www.europesays.com\/fr\/167282\/","title":{"rendered":"La m\u00e8re d\u2019Elias, adolescent tu\u00e9 \u00e0 la sortie de son entra\u00eenement en janvier, a tenu le coup gr\u00e2ce \u00e0 Luis Enrique &#8211; France &#8211; Paris Saint-Germain"},"content":{"rendered":"<p>Le 24 janvier dernier, <strong>Elias, adolescent de 14 ans, \u00e9tait poignard\u00e9 \u00e0 mort en sortant de son entra\u00eenement de foot<\/strong>, dans le XIVe arrondissement de Paris, apr\u00e8s avoir tent\u00e9 de r\u00e9sister au vol de son t\u00e9l\u00e9phone portable. Ce mardi, sa m\u00e8re \u00e9tait invit\u00e9e sur le plateau de BFM TV, et elle a dit ceci : \u00ab<strong> J\u2019aimerais remercier Luis Enrique<\/strong>. Luis Enrique \u00e9videmment est l\u2019entra\u00eeneur du PSG et Elias \u00e9tait fan du PSG, comme il \u00e9tait fan de l\u2019\u00e9quipe de France. Mais en fait, je voudrais remercier Luis Enrique, pas pour les paillettes qu\u2019il nous a mises dans les yeux. Mais <strong>pour le p\u00e8re qu\u2019il est. Par le message qu\u2019il donne, en racontant la vie qui continue apr\u00e8s le d\u00e9c\u00e8s de sa fille<\/strong>.\u00a0\u00bb<\/p>\n<p>\u00ab\u202fIl nous montre qu\u2019on va y arriver, qu\u2019on peut, qu\u2019on doit tenir\u202f\u00bb<\/p>\n<p>La fille du tacticien espagnol, <strong><a target=\"_blank\" href=\"https:\/\/www.sofoot.com\/breves\/luis-enrique-annonce-la-mort-de-sa-petite-fille-espagne-fc-barcelone\" rel=\"noopener nofollow\">Xana, est d\u00e9c\u00e9d\u00e9e en 2019, \u00e0 l\u2019\u00e2ge de 9 ans<\/a><\/strong>, d\u2019un cancer des os. Avant et apr\u00e8s la finale remport\u00e9e par le Paris Saint-Germain, Enrique <a target=\"_blank\" href=\"https:\/\/www.sofoot.com\/articles\/10-ans-apres-luis-enrique-remporte-sa-2e-ligue-des-champions-avec-le-paris-saint-germain-et-fait-taire-les-sceptiques\" rel=\"noopener nofollow\">n\u2019a cess\u00e9 de lui rendre hommage<\/a>, et il n\u2019a pas \u00e9t\u00e9 le seul : c\u2019est tout le monde du football \u2013 \u00e0 commencer par les supporters du PSG, qui ont d\u00e9ploy\u00e9 <a target=\"_blank\" href=\"https:\/\/www.sofoot.com\/breves\/le-magnifique-hommage-des-supporters-du-psg-a-la-fille-de-luis-enrique\" rel=\"noopener nofollow\">un superbe tifo au coup de sifflet final du match contre l\u2019Inter<\/a> \u2013 qui a eu une pens\u00e9e \u00e9mue pour la d\u00e9funte.<\/p>\n<blockquote class=\"twitter-tweet-lazy\" data-media-max-width=\"560\">\n<p dir=\"ltr\" lang=\"fr\">Mort d\u2019Elias: \u00ab\u00a0J\u2019aimerais remercier Luis Enrique pour le p\u00e8re qu\u2019il est, il nous montre qu\u2019on va y arriver\u00a0\u00bb, confie la m\u00e8re de l\u2019adolescent <a target=\"_blank\" href=\"https:\/\/t.co\/8azXzbKB1H\" rel=\"nofollow\">pic.twitter.com\/8azXzbKB1H<\/a><\/p>\n<p>\u2014 BFMTV (@BFMTV) <a target=\"_blank\" href=\"https:\/\/twitter.com\/BFMTV\/status\/1932337622241665512?ref_src=twsrc%5Etfw\" rel=\"nofollow noopener\">June 10, 2025<\/a><\/p>\n<\/blockquote>\n<p>\u00ab\u00a0En fait, <strong>mes enfants, mes a\u00een\u00e9s, le p\u00e8re d\u2019Elias, m\u2019envoient ces messages<\/strong> en me disant : regarde, aujourd\u2019hui, tu dis que tu survis, que tu n\u2019y arrives pas, mais regarde Luis Enrique, regarde ce qu\u2019il dit, a continu\u00e9 la maman d\u2019Elias. Il nous montre qu\u2019on va y arriver, qu\u2019on peut, qu\u2019on doit tenir et qu\u2019on va r\u00e9ussir \u00e0 avoir des projets, \u00e0 avancer et qu\u2019Elias sera toujours \u00e0 c\u00f4t\u00e9 de nous. Alors voil\u00e0, en tant que m\u00e8re, je remercie Luis Enrique en tant que p\u00e8re pour ce qu\u2019il dit.\u202f\u00bb<\/p>\n<p>\t\t\t\t\t\t\t\t\t\t<a class=\"lien-connexe\" href=\"https:\/\/www.sofoot.com\/breves\/le-pere-et-agent-de-neymar-assure-que-son-fils-souhaite-prolonger-son-contrat-avec-santos\" rel=\"nofollow noopener\" target=\"_blank\">Le p\u00e8re de Neymar assure que Junior souhaite prolonger son contrat avec Santos<\/a>\t\t\t\t\t<script async src=\"https:\/\/platform.twitter.com\/widgets.js\" charset=\"utf-8\"><\/script><\/p>\n","protected":false},"excerpt":{"rendered":"Le 24 janvier dernier, Elias, adolescent de 14 ans, \u00e9tait poignard\u00e9 \u00e0 mort en sortant de son entra\u00eenement&hellip;\n","protected":false},"author":2,"featured_media":167283,"comment_status":"","ping_status":"","sticky":false,"template":"","format":"standard","meta":{"footnotes":""},"categories":[2],"tags":[47,11,61,69,65,64,63,1011,27,68,66,12,62,70,25,67],"class_list":{"0":"post-167282","1":"post","2":"type-post","3":"status-publish","4":"format-standard","5":"has-post-thumbnail","7":"category-actualites","8":"tag-actualite","9":"tag-actualites","10":"tag-actus-football","11":"tag-bundesliga","12":"tag-championnats-europeens","13":"tag-equipe-de-france","14":"tag-football","15":"tag-fr","16":"tag-france","17":"tag-ligua","18":"tag-ligue-1","19":"tag-news","20":"tag-news-foot","21":"tag-premier-league","22":"tag-republique-francaise","23":"tag-serie-a"},"share_on_mastodon":{"url":"https:\/\/pubeurope.com\/@fr\/114662764971009093","error":""},"_links":{"self":[{"href":"https:\/\/www.europesays.com\/fr\/wp-json\/wp\/v2\/posts\/167282","targetHints":{"allow":["GET"]}}],"collection":[{"href":"https:\/\/www.europesays.com\/fr\/wp-json\/wp\/v2\/posts"}],"about":[{"href":"https:\/\/www.europesays.com\/fr\/wp-json\/wp\/v2\/types\/post"}],"author":[{"embeddable":true,"href":"https:\/\/www.europesays.com\/fr\/wp-json\/wp\/v2\/users\/2"}],"replies":[{"embeddable":true,"href":"https:\/\/www.europesays.com\/fr\/wp-json\/wp\/v2\/comments?post=167282"}],"version-history":[{"count":0,"href":"https:\/\/www.europesays.com\/fr\/wp-json\/wp\/v2\/posts\/167282\/revisions"}],"wp:featuredmedia":[{"embeddable":true,"href":"https:\/\/www.europesays.com\/fr\/wp-json\/wp\/v2\/media\/167283"}],"wp:attachment":[{"href":"https:\/\/www.europesays.com\/fr\/wp-json\/wp\/v2\/media?parent=167282"}],"wp:term":[{"taxonomy":"category","embeddable":true,"href":"https:\/\/www.europesays.com\/fr\/wp-json\/wp\/v2\/categories?post=167282"},{"taxonomy":"post_tag","embeddable":true,"href":"https:\/\/www.europesays.com\/fr\/wp-json\/wp\/v2\/tags?post=167282"}],"curies":[{"name":"wp","href":"https:\/\/api.w.org\/{rel}","templated":true}]}}