{"id":167284,"date":"2025-06-11T04:08:11","date_gmt":"2025-06-11T04:08:11","guid":{"rendered":"https:\/\/www.europesays.com\/fr\/167284\/"},"modified":"2025-06-11T04:08:11","modified_gmt":"2025-06-11T04:08:11","slug":"direct-meurtre-dune-surveillante-a-nogent-bayrou-promet-dinterdire-tout-de-suite-la-vente-de-certaines-armes-blanches-aux-mineurs","status":"publish","type":"post","link":"https:\/\/www.europesays.com\/fr\/167284\/","title":{"rendered":"DIRECT &#8211; Meurtre d&rsquo;une surveillante \u00e0 Nogent : Bayrou promet d&rsquo;interdire \u00ab\u00a0tout de suite\u00a0\u00bb la vente de certaines armes blanches aux mineurs"},"content":{"rendered":"<p>M\u00e9lenchon appelle \u00e0 \u00ab\u00a0veiller \u00e0 la sant\u00e9 mentale\u00a0\u00bb des jeunes<\/p>\n<p>Jean-Luc M\u00e9lenchon a appel\u00e9 \u00e0 \u00ab\u00a0veiller \u00e0 la sant\u00e9 mentale\u00a0\u00bb des jeunes, en particulier des jeunes gar\u00e7ons, qui \u00ab\u00a0s&rsquo;enfoncent\u00a0\u00bb dans la violence.<\/p>\n<p>\u00ab\u00a0Nous, adultes et parents, notre devoir est engag\u00e9. Quand nos enfants, nos fils le plus souvent, s&rsquo;enfoncent, il faut m\u00e9diter notre r\u00f4le et savoir agir \u00e0 temps et veiller \u00e0 leur sant\u00e9 mentale comme au reste de leur sant\u00e9\u00a0\u00bb, a \u00e9crit le leader de La France insoumise sur les r\u00e9seaux sociaux, en faisant part de son \u00ab\u00a0horreur\u00a0\u00bb apr\u00e8s cet \u00ab\u00a0assassinat\u00a0\u00bb.<\/p>\n<blockquote class=\"twitter-tweet\">\n<p lang=\"fr\" dir=\"ltr\">Horreur avec l&rsquo;assassinat de la surveillante d&rsquo;un coll\u00e8ge par un jeune de quatorze ans. Notre pens\u00e9e \u00e9mue \u00e0 ses proches, ses coll\u00e8gues et toute la communaut\u00e9 \u00e9ducative. Nous, adultes et parents, notre devoir est engag\u00e9. Quand nos enfants, nos fils le plus souvent, s&rsquo;enfoncent, il\u2026<\/p>\n<p>\u2014 Jean-Luc M\u00e9lenchon (@JLMelenchon) <a href=\"https:\/\/twitter.com\/JLMelenchon\/status\/1932427876034379981?ref_src=twsrc%5Etfw\" target=\"_blank\" rel=\"noopener\">June 10, 2025<\/a><\/p><\/blockquote>\n<p>La sant\u00e9 mentale des jeunes est aussi au coeur de ce drame pour Laurent Zameczkowski, porte-parole de la f\u00e9d\u00e9ration de parents d&rsquo;\u00e9l\u00e8ves Peep, \u00ab\u00a0Le v\u00e9ritable probl\u00e8me est la sant\u00e9 mentale de nos jeunes\u00a0\u00bb a-t-il indiqu\u00e9, r\u00e9clamant \u00ab\u00a0un meilleur encadrement (&#8230;) notamment en terme d&rsquo;infirmi\u00e8res, m\u00e9decins scolaires\u00a0\u00bb.<\/p>\n<p><script async src=\"https:\/\/platform.twitter.com\/widgets.js\" charset=\"utf-8\"><\/script><\/p>\n","protected":false},"excerpt":{"rendered":"M\u00e9lenchon appelle \u00e0 \u00ab\u00a0veiller \u00e0 la sant\u00e9 mentale\u00a0\u00bb des jeunes Jean-Luc M\u00e9lenchon a appel\u00e9 \u00e0 \u00ab\u00a0veiller \u00e0 la&hellip;\n","protected":false},"author":2,"featured_media":167285,"comment_status":"","ping_status":"","sticky":false,"template":"","format":"standard","meta":{"footnotes":""},"categories":[2],"tags":[11,1122,765,118,1011,27,777,12,25],"class_list":{"0":"post-167284","1":"post","2":"type-post","3":"status-publish","4":"format-standard","5":"has-post-thumbnail","7":"category-actualites","8":"tag-actualites","9":"tag-ecole","10":"tag-en-continu","11":"tag-faits-divers","12":"tag-fr","13":"tag-france","14":"tag-meurtre","15":"tag-news","16":"tag-republique-francaise"},"share_on_mastodon":{"url":"https:\/\/pubeurope.com\/@fr\/114662768988560466","error":""},"_links":{"self":[{"href":"https:\/\/www.europesays.com\/fr\/wp-json\/wp\/v2\/posts\/167284","targetHints":{"allow":["GET"]}}],"collection":[{"href":"https:\/\/www.europesays.com\/fr\/wp-json\/wp\/v2\/posts"}],"about":[{"href":"https:\/\/www.europesays.com\/fr\/wp-json\/wp\/v2\/types\/post"}],"author":[{"embeddable":true,"href":"https:\/\/www.europesays.com\/fr\/wp-json\/wp\/v2\/users\/2"}],"replies":[{"embeddable":true,"href":"https:\/\/www.europesays.com\/fr\/wp-json\/wp\/v2\/comments?post=167284"}],"version-history":[{"count":0,"href":"https:\/\/www.europesays.com\/fr\/wp-json\/wp\/v2\/posts\/167284\/revisions"}],"wp:featuredmedia":[{"embeddable":true,"href":"https:\/\/www.europesays.com\/fr\/wp-json\/wp\/v2\/media\/167285"}],"wp:attachment":[{"href":"https:\/\/www.europesays.com\/fr\/wp-json\/wp\/v2\/media?parent=167284"}],"wp:term":[{"taxonomy":"category","embeddable":true,"href":"https:\/\/www.europesays.com\/fr\/wp-json\/wp\/v2\/categories?post=167284"},{"taxonomy":"post_tag","embeddable":true,"href":"https:\/\/www.europesays.com\/fr\/wp-json\/wp\/v2\/tags?post=167284"}],"curies":[{"name":"wp","href":"https:\/\/api.w.org\/{rel}","templated":true}]}}