{"id":16730,"date":"2025-04-11T07:26:25","date_gmt":"2025-04-11T07:26:25","guid":{"rendered":"https:\/\/www.europesays.com\/fr\/16730\/"},"modified":"2025-04-11T07:26:25","modified_gmt":"2025-04-11T07:26:25","slug":"inscrivez-vous-a-letape-de-bordeaux-liberation","status":"publish","type":"post","link":"https:\/\/www.europesays.com\/fr\/16730\/","title":{"rendered":"inscrivez-vous \u00e0 l\u2019\u00e9tape de Bordeaux\u00a0! \u2013 Lib\u00e9ration"},"content":{"rendered":"<p class=\"sc-cPiKLX AiZTS text-element\"><b>Jeunesse, transports, logement, biodiversit\u00e9\u2026 En\u00a02025, <\/b><a href=\"https:\/\/www.liberation.fr\/dossier\/climat-libe-tour\/\" rel=\"nofollow noopener\" target=\"_blank\"><b>Lib\u00e9 explore la th\u00e9matique de la transition \u00e9cologique<\/b><\/a><b> lors d\u2019une s\u00e9rie de rendez-vous gratuits et grand public. Objectif\u00a0: trouver des solutions au plus pr\u00e8s des territoires. Troisi\u00e8me \u00e9tape de notre troisi\u00e8me \u00e9dition\u00a0: Bordeaux, les 16 et 17\u00a0mai. Un \u00e9v\u00e9nement r\u00e9alis\u00e9 en partenariat avec la ville, le d\u00e9partement de la Gironde, ainsi qu\u2019avec le soutien du Cr\u00e9dit coop\u00e9ratif, l\u2019Agence de la transition \u00e9cologique, l\u2019Office fran\u00e7ais de la biodiversit\u00e9, la fondation Jean-Jaur\u00e8s, Oxfam, Greenpeace, le Lierre, et <\/b><b>Vert le m\u00e9dia.<\/b><b> D\u00e8s \u00e0 pr\u00e9sent, prenez votre billet.<\/b><\/p>\n<p class=\"sc-cPiKLX AiZTS text-element\">Instabilit\u00e9 politique, contraintes budg\u00e9taires, mont\u00e9e de l\u2019extr\u00eame droite, du climatoscepticisme, de l\u2019\u00e9colobashing et de la d\u00e9sinformation\u2026 Que reste-t-il de l\u2019\u00e9cologie\u00a0? A l\u2019heure o\u00f9 l\u2019acc\u00e9l\u00e9ration du r\u00e9chauffement climatique et des cons\u00e9quences toujours plus dramatiques n\u00e9cessitent de r\u00e9agir rapidement et de prendre \u00e0 bras-le-corps ses responsabilit\u00e9s pour tenter d\u2019inverser la tendance, quelles r\u00e9sistances mettre en \u0153uvre face \u00e0 l\u2019offensive populiste et climaticide\u00a0? Quelles digues \u00e9riger, et sur quelles forces et nouvelles \u00e9nergies s\u2019appuyer\u00a0? Alors que Bordeaux s\u2019appr\u00eate \u00e0 accueillir, en octobre, le Forum mondial de l\u2019\u00e9conomie sociale et solidaire, comment ce carrefour d\u2019initiatives peut-il nourrir les r\u00e9ponses locales\u00a0? Sant\u00e9, urbanisme, sobri\u00e9t\u00e9\u00a0: la capitale de la Gironde a fait du dialogue citoyen un levier de d\u00e9mocratie active pour faire \u00e9voluer son urbanit\u00e9. Longtemps n\u00e9glig\u00e9es et m\u00e9pris\u00e9es, les campagnes, les petites villes et les p\u00e9riph\u00e9ries, n\u2019incarneraient-elles pas l\u2019une des solutions de demain et leurs habitants avec\u00a0? Comment aussi mieux parler d\u2019\u00e9cologie pour mieux rassembler autour de la transition \u00e9cologique\u00a0? Comment d\u00e9passer les clivages et les in\u00e9galit\u00e9s sociales pour r\u00e9ussir enfin \u00e0 faire monde ensemble\u00a0? L\u2019\u00e9tape bordelaise du Climat Lib\u00e9 Tour interroge les paradoxes d\u2019un territoire qui, comme tant d\u2019autres, doit urgemment concilier justice sociale et imp\u00e9ratif climatique.<\/p>\n<p class=\"sc-cPiKLX AiZTS text-element\">Entr\u00e9e libre, gratuite sur inscription\u00a0: <a href=\"https:\/\/www.eventbrite.fr\/e\/climat-libe-tour-bordeaux-tickets-1255557579519?aff=minisite\" target=\"_blank\" rel=\"nofollow noopener\">cliquez ici\u00a0!<\/a><\/p>\n<p class=\"sc-cPiKLX AiZTS text-element\"><b>Vikash Dhorasoo,<\/b> ancien international de football, <b>Lauren Bastide<\/b>, journaliste, essayiste et cr\u00e9atrice du podcast Folie Douce, <b>Pascal Canfin<\/b>, eurod\u00e9put\u00e9, <b>Jean-Baptiste Fressoz, <\/b>historien, <b>Fran\u00e7ois Gemenne<\/b>, politologue et auteur du Giec,<b> Frah <\/b>du groupe <b>Shaka Ponk<\/b>,<b> L\u00e9a Falco,<\/b> militante du collectif Pour un r\u00e9veil \u00e9cologique, <b>Thomas Legrand<\/b>, \u00e9ditorialiste politique, <b>Mathilde Caillard <\/b>alias <b>MC danse pour le climat<\/b>, techno-activiste\u2026<\/p>\n<p class=\"sc-cPiKLX AiZTS text-element\"><b>17\u00a0h\u00a030.<\/b> Mot d\u2019introduction.<\/p>\n<p class=\"sc-cPiKLX AiZTS text-element\"><b>De 18 heures \u00e0 19 heures. Guerre de l\u2019info\u00a0: comment sauver l\u2019\u00e9cologie\u00a0?<\/b><\/p>\n<p class=\"sc-cPiKLX AiZTS text-element\">A l\u2019\u00e8re du trumpisme, du buzz et du clash, comment faire triompher la v\u00e9rit\u00e9 scientifique et climatique\u00a0? Alors que les g\u00e9ants de la tech et certains m\u00e9dias ont bascul\u00e9 dans la d\u00e9sinformation et les fake news, comment r\u00e9sister \u00e0 la prolif\u00e9ration climatosceptique, \u00e0 la haine et la radicalisation\u00a0? Le fact ckecking sauvera-t-il la d\u00e9mocratie\u00a0? Quel discours pour rassembler autour de la transition\u00a0? Et l\u2019humour dans tout \u00e7a\u00a0? <b>D\u00e9bat <\/b>anim\u00e9 par le journaliste de Lib\u00e9ration<b> Thomas Legrand<\/b> avec <b>Fran\u00e7ois Gemenne<\/b>, politologue et auteur du Giec, <b>Frah <\/b>du groupe <b>Shaka Ponk, Vincent Tiberj<\/b>, chercheur au Centre Emile-Durkheim et professeur des universit\u00e9s \u00e0 Sciences-Po Bordeaux.<\/p>\n<p class=\"sc-cPiKLX AiZTS text-element\">Entr\u00e9e libre, gratuite sur inscription\u00a0: <a href=\"https:\/\/www.eventbrite.fr\/e\/climat-libe-tour-bordeaux-tickets-1255557579519?aff=minisite\" rel=\"nofollow noopener\" target=\"_blank\">cliquez ici\u00a0!<\/a><\/p>\n<p class=\"sc-cPiKLX AiZTS text-element\"><b>De 11\u00a0h\u00a030 \u00e0 12 heures.<\/b> <b>Masterclass <\/b>.<\/p>\n<p class=\"sc-cPiKLX AiZTS text-element\"><b>De 12 heures \u00e0 13 heures.<\/b> <b>Villes, campagnes\u00a0: comment faire monde ensemble\u00a0?<\/b><\/p>\n<p class=\"sc-cPiKLX AiZTS text-element\">L\u2019heure de la revanche a-t-elle sonn\u00e9 pour les campagnes, les petites villes et leurs p\u00e9riph\u00e9ries\u00a0? Souvent n\u00e9glig\u00e9s et m\u00e9pris\u00e9es, les citoyens et les pouvoirs publics semblent d\u00e9sormais y voir des territoires d\u2019avenir, capables d\u2019incarner le futur de la transition \u00e9cologique et \u00e9nerg\u00e9tique, ainsi qu\u2019un refuge plus vivable que les m\u00e9tropoles. En quoi incarnent-ils les solutions de demain\u00a0? Est-ce le d\u00e9but de la fin pour les m\u00e9tropoles et leur mod\u00e8le\u00a0? Quelle nouvelle relation b\u00e2tir entre toutes ses \u00e9chelles\u00a0? <b>D\u00e9bat.<\/b> Avec <b>Cl\u00e9ment S\u00e9n\u00e9chal,<\/b> auteur, ancien responsable du plaidoyer chez Greenpeace, <b>Guillaume Faburel<\/b>, g\u00e9ographe.<\/p>\n<p class=\"sc-cPiKLX AiZTS text-element\"><b>De 15 heures \u00e0 16 heures. L\u2019\u00e9cologie, c\u2019est vraiment fini\u00a0?<\/b><\/p>\n<p class=\"sc-cPiKLX AiZTS text-element\">Victime de l\u2019instabilit\u00e9 politique, la transition \u00e9cologique fait d\u00e9sormais face \u00e0 une restriction budg\u00e9taire sans pr\u00e9c\u00e9dent sur fond de mont\u00e9e du climatoscepticisme. Alors que reste-t-il de l\u2019\u00e9cologie\u00a0? A l\u2019heure o\u00f9 les cons\u00e9quences toujours plus dramatiques du r\u00e9chauffement climatique ne cessent de se multiplier en France et dans le monde, \u00able d\u00e9fi du si\u00e8cle\u00bb a-t-il encore une chance d\u2019\u00eatre relev\u00e9\u00a0? Quelles strat\u00e9gies mettre en \u0153uvre\u00a0? Comment d\u00e9passer les r\u00e9sistances \u00e0 l\u2019\u00e9gard des politiques climatiques\u00a0? Comment r\u00e9ussir \u00e0 \u00abfaire monde\u00bb ensemble\u00a0? <b>D\u00e9bat. <\/b>Avec <b>L\u00e9a Falco,<\/b> militante du collectif Pour un r\u00e9veil \u00e9cologique, <b>Mathilde Caillard <\/b>alias <b>MC danse pour le climat<\/b>, techno-activiste, et <b>Th\u00e9odore Tallent, <\/b>doctorant en science politique \u00e0 Sciences-Po.<\/p>\n<p class=\"sc-cPiKLX AiZTS text-element\"><b>De 15\u00a0h\u00a030 \u00e0 16\u00a0h\u00a030. Militantisme\u00a0: comment \u00e7a va\u00a0?<\/b><\/p>\n<p class=\"sc-cPiKLX AiZTS text-element\">Enregistrement live du Podcast Folie Douce de <b>Lauren Bastide<\/b>, journaliste et essayiste. Son invit\u00e9e\u00a0: <b>Sarah Durieux<\/b>, militante f\u00e9ministe, autrice de Militer \u00e0 tout prix\u00a0? et organisatrice de la campagne Ma voix, mon choix.<\/p>\n<p class=\"sc-cPiKLX AiZTS text-element\"><b>De 16 heures \u00e0 17 heures. La croissance fait-elle le bonheur\u00a0?<\/b><\/p>\n<p class=\"sc-cPiKLX AiZTS text-element\">Si la croissance \u00e9conomique a permis de nous enrichir comme jamais, propulsant notre quotidien \u00e0 un niveau de confort in\u00e9dit dans l\u2019histoire de l\u2019humanit\u00e9, des voix s\u2019\u00e9l\u00e8vent pour renverser \u00able mythe\u00bb du \u00abPIB \u00e0 tout prix\u00bb, qui accro\u00eet les in\u00e9galit\u00e9s, d\u00e9truit la nature, et m\u00eame notre sant\u00e9 mentale. Renoncer \u00e0 la croissance (m\u00eame verte) permettra-t-il de sauver la plan\u00e8te\u00a0? En quoi l\u2019id\u00e9ologie de la croissance nous emp\u00eache-t-elle d\u2019inventer le monde de demain\u00a0? A quoi ressemble une soci\u00e9t\u00e9 de la post-croissance\u00a0? Quels imaginaires mobiliser\u00a0? <b>D\u00e9bat <\/b>avec<b> Jean-Baptiste Fressoz, <\/b>historien. (Le reste de la programmation sera vite d\u00e9voil\u00e9)<\/p>\n<p class=\"sc-cPiKLX AiZTS text-element\"><b>De 16\u00a0h\u00a030 \u00e0 17\u00a0h\u00a030. \u00abShow must go on\u00a0?\u00bb<\/b><\/p>\n<p class=\"sc-cPiKLX AiZTS text-element\">Face \u00e0 l\u2019in\u00e9vitable, il faut \u00e0 la fois att\u00e9nuer et adapter. Mais les limites, et parfois la difficile mise en \u0153uvre de ces deux piliers de la lutte contre le r\u00e9chauffement climatique, n\u2019obligent-elles pas aussi \u00e0 \u00abralentir\u00bb \u2013 les tourn\u00e9es, les spectacles\u2026 \u2013 voire \u00e0 y \u00abrenoncer\u00bb\u00a0? Quelles pratiques abandonner pour mieux avancer\u00a0? Un tel mod\u00e8le est-il soutenable ou risque-t-il de mettre en p\u00e9ril la culture\u00a0? <b>Entretien. <\/b>Avec <b>Frah <\/b>du groupe <b>Shaka Ponk.<\/b><\/p>\n<p class=\"sc-cPiKLX AiZTS text-element\"><b>De 17 heures \u00e0 18 heures. Economie sociale et solidaire\u00a0: un autre foot est-il possible\u00a0?<\/b><\/p>\n<p class=\"sc-cPiKLX AiZTS text-element\">Le foot, miroir des fractures sociales et temple du capitalisme d\u00e9brid\u00e9, peut-il incarner un autre mod\u00e8le\u00a0? Si le sport reste vecteur d\u2019espoir, l\u2019\u00e9conomie sociale et solidaire offre une alternative aux in\u00e9galit\u00e9s criantes du syst\u00e8me actuel. Entre supporteurs-actionnaires, inclusion sociale et gouvernance d\u00e9mocratique, en quoi le football peut devenir un rempart contre les extr\u00eames qui instrumentalisent sa popularit\u00e9\u00a0? Utopie d\u2019un sport autrement ou n\u00e9cessit\u00e9 dans un sport o\u00f9 l\u2019argent creuse les \u00e9carts\u00a0? Comment le ballon rond peut-il retrouver sa dimension politique et citoyenne\u00a0? <b>D\u00e9bat <\/b>avec<b> Vikash Dhorasoo, <\/b>ancien international, et <b>Timoth\u00e9e Duverger,<\/b> \u00e9conomiste, responsable de la chaire TerrESS de Sciences-Po Bordeaux, et codirecteur de l\u2019Observatoire de l\u2019exp\u00e9rimentation et de l\u2019innovation locales de la fondation Jean-Jaur\u00e8s. (Le reste de la programmation sera vite d\u00e9voil\u00e9)<\/p>\n<p class=\"sc-cPiKLX AiZTS text-element\">Entr\u00e9e libre, gratuite sur inscription\u00a0: <a href=\"https:\/\/www.eventbrite.fr\/e\/climat-libe-tour-bordeaux-tickets-1255557579519?aff=minisite\" rel=\"nofollow noopener\" target=\"_blank\">cliquez ici\u00a0!<\/a><\/p>\n<p class=\"sc-cPiKLX AiZTS text-element\"><b>De 18\u00a0h\u00a030 \u00e0 20\u00a0h\u00a030. Mathilde Caillard <\/b>alias<b> MC danse pour le climat, <\/b>DJ et techno-activiste<\/p>\n<p class=\"sc-cPiKLX AiZTS text-element\"><b>Mathilde Caillard est une artiste engag\u00e9e et activiste, plus connue sous le nom de MC danse pour le climat.<\/b> Elle est depuis\u00a02019 au sein d\u2019Action justice climat Paris, un mouvement citoyen qui \u0153uvre pour l\u2019\u00e9cologie et la justice sociale. En\u00a02023 elle s\u2019est fait conna\u00eetre en tant que \u00abtechno-activiste\u00bb durant les manifestations contre la r\u00e9forme des retraites, par l\u2019utilisation de la musique \u00e9lectronique et de la danse pour porter des revendications politiques, au sein du cort\u00e8ge de l\u2019Alliance \u00e9cologique et sociale. Depuis elle a cofond\u00e9 Plan\u00e8te Boum Boum, un collectif musical qui met de la manif dans les teufs et de la teuf dans les manifs.<\/p>\n<p class=\"sc-cPiKLX AiZTS text-element\"><b>De 20\u00a0h\u00a030 \u00e0 22\u00a0h\u00a030. La Fine \u00e9quipe, collectif de DJ<\/b><\/p>\n<p class=\"sc-cPiKLX AiZTS text-element\"><b>La Fine \u00e9quipe<\/b> est fortement influenc\u00e9e par la royaut\u00e9 du hip-hop comme J Dilla, Mos Def et Madlib ainsi que par la sc\u00e8ne \u00e9lectronique fran\u00e7aise. Les quatre beatmakers fran\u00e7ais, Oogo, Chomsky, Mr, Gib et Blanka (de Marseille et Paris) posent des productions vernies par l\u2019\u00e9lectronique, dont la base hip-hop a depuis longtemps mut\u00e9 sous l\u2019effet des exp\u00e9rimentations et de l\u2019\u00e9clectisme, des beats up-tempo et des modulations de claviers qui avertissent du compte \u00e0 rebours fatal, celui qui rapproche toujours un peu plus de la zone rouge o\u00f9 le demi-tour ne sera plus possible. Herm\u00e9tique aux menaces d\u2019un baisser de rideau d\u00e9finitif de l\u2019humanit\u00e9, la Fine \u00e9quipe conduit ce road trip musical avec la conviction profonde et tenace que, pass\u00e9 l\u2019orage, tout rena\u00eetra. Et forc\u00e9ment de meilleure mani\u00e8re.<\/p>\n<p class=\"sc-cPiKLX AiZTS text-element\">Si l\u2019h\u00e9ritage laiss\u00e9 \u00e0 la jeunesse est celui du changement climatique et des d\u00e9fis environnementaux, comment leur redonne-t-on le pouvoir\u00a0? Comment leur offrir une voix sur des d\u00e9cisions qui les touchent en premier chef\u00a0? A chaque \u00e9tape du Climat Lib\u00e9 Tour, nous invitons avec Oxfam des \u00e9l\u00e8ves de primaire, de coll\u00e8ge, de lyc\u00e9e \u00e0 d\u00e9battre pour proposer aux \u00e9lus leurs solutions. En somme, nous les invitons \u00e0 prendre leur place de citoyen.<\/p>\n<p class=\"sc-cPiKLX AiZTS text-element\"><b>Dans chacune des villes, ce sont 100 jeunes entre 8 et 20\u00a0ans qui sont r\u00e9unis. Le temps d\u2019une journ\u00e9e, ils r\u00e9inventent leur ville\u00a0: <\/b>des transports aux loisirs en passant par l\u2019alimentation, le logement,\u00a0etc. Ensuite, c\u2019est \u00e0 eux de jouer en construisant six propositions concr\u00e8tes pour faire de nos villes des villes durables, vivables.<\/p>\n<p class=\"sc-cPiKLX AiZTS text-element\">L\u2019objectif\u00a0: en apprendre plus sur l\u2019\u00e9cologie au contact de sp\u00e9cialistes, rencontrer des \u00e9l\u00e8ves d\u2019autres \u00e9tablissements, r\u00e9fl\u00e9chir ensemble \u00e0 des solutions concr\u00e8tes. A la fin de la journ\u00e9e, les jeunes votent et d\u00e9fendent leurs propositions \u00e0 des journalistes, \u00e0 des jeunes engag\u00e9s aupr\u00e8s d\u2019Oxfam et \u00e0 des \u00e9lus de leur ville.<\/p>\n<p class=\"sc-cPiKLX AiZTS text-element\"><b>En partenariat avec le Lierre et l\u2019Ademe, <\/b><b>Lib\u00e9ration<\/b><b> propose une demi-journ\u00e9e de formation d\u00e9di\u00e9e aux agents publics. <\/b>Fond\u00e9 en\u00a02019, le Lierre rassemble plus de 2\u00a0000 fonctionnaires, agents publics, contractuels, experts, consultants, acteurs et actrices des politiques publiques, convaincus que la transformation de l\u2019action publique est indispensable pour r\u00e9pondre aux urgences \u00e9cologiques, sociale et d\u00e9mocratique. Le temps d\u2019une journ\u00e9e, cette formation vise \u00e0 partager des pratiques, des id\u00e9es et organiser des temps de r\u00e9flexion, d\u2019\u00e9changes et de formation entre pairs pour proposer des id\u00e9es et \u00e9laborer des contributions sur les sujets au croisement de l\u2019action publique et de la transition \u00e9cologique et solidaire. Ces solutions, parfois port\u00e9es par la soci\u00e9t\u00e9 civile, peuvent inspirer le travail quotidien des agents publics.<\/p>\n","protected":false},"excerpt":{"rendered":"Jeunesse, transports, logement, biodiversit\u00e9\u2026 En\u00a02025, Lib\u00e9 explore la th\u00e9matique de la transition \u00e9cologique lors d\u2019une s\u00e9rie de rendez-vous&hellip;\n","protected":false},"author":2,"featured_media":16731,"comment_status":"","ping_status":"","sticky":false,"template":"","format":"standard","meta":{"footnotes":""},"categories":[2817],"tags":[1111,11,1997,6842,1777,674,1011,27,12,2219,25],"class_list":{"0":"post-16730","1":"post","2":"type-post","3":"status-publish","4":"format-standard","5":"has-post-thumbnail","7":"category-bordeaux","8":"tag-actu","9":"tag-actualites","10":"tag-bordeaux","11":"tag-climat-libe-tour","12":"tag-eu","13":"tag-europe","14":"tag-fr","15":"tag-france","16":"tag-news","17":"tag-nouvelle-aquitaine","18":"tag-republique-francaise"},"share_on_mastodon":{"url":"https:\/\/pubeurope.com\/@fr\/114318146613001660","error":""},"_links":{"self":[{"href":"https:\/\/www.europesays.com\/fr\/wp-json\/wp\/v2\/posts\/16730","targetHints":{"allow":["GET"]}}],"collection":[{"href":"https:\/\/www.europesays.com\/fr\/wp-json\/wp\/v2\/posts"}],"about":[{"href":"https:\/\/www.europesays.com\/fr\/wp-json\/wp\/v2\/types\/post"}],"author":[{"embeddable":true,"href":"https:\/\/www.europesays.com\/fr\/wp-json\/wp\/v2\/users\/2"}],"replies":[{"embeddable":true,"href":"https:\/\/www.europesays.com\/fr\/wp-json\/wp\/v2\/comments?post=16730"}],"version-history":[{"count":0,"href":"https:\/\/www.europesays.com\/fr\/wp-json\/wp\/v2\/posts\/16730\/revisions"}],"wp:featuredmedia":[{"embeddable":true,"href":"https:\/\/www.europesays.com\/fr\/wp-json\/wp\/v2\/media\/16731"}],"wp:attachment":[{"href":"https:\/\/www.europesays.com\/fr\/wp-json\/wp\/v2\/media?parent=16730"}],"wp:term":[{"taxonomy":"category","embeddable":true,"href":"https:\/\/www.europesays.com\/fr\/wp-json\/wp\/v2\/categories?post=16730"},{"taxonomy":"post_tag","embeddable":true,"href":"https:\/\/www.europesays.com\/fr\/wp-json\/wp\/v2\/tags?post=16730"}],"curies":[{"name":"wp","href":"https:\/\/api.w.org\/{rel}","templated":true}]}}