{"id":167313,"date":"2025-06-11T04:25:15","date_gmt":"2025-06-11T04:25:15","guid":{"rendered":"https:\/\/www.europesays.com\/fr\/167313\/"},"modified":"2025-06-11T04:25:15","modified_gmt":"2025-06-11T04:25:15","slug":"suivez-bien-cette-regle","status":"publish","type":"post","link":"https:\/\/www.europesays.com\/fr\/167313\/","title":{"rendered":"suivez bien cette r\u00e8gle !"},"content":{"rendered":"<p> <img decoding=\"async\" fetchpriority=\"high\" src=\"https:\/\/www.europesays.com\/fr\/wp-content\/uploads\/2025\/06\/votre-cafe-du-matin-peut-etre-un-allie-pour-votre-sante-mais-attention-suivez-cette-regle-1749295373.jpeg\"  width=\"768\" height=\"432\" alt=\"Le caf\u00e9, bon pour la sant\u00e9, mais \u00e0 petites doses ?\" title=\"Le caf\u00e9, bon pour la sant\u00e9, mais \u00e0 petites doses ?\" data-image=\"8brpvdxk7qu8\"\/>Le caf\u00e9, bon pour la sant\u00e9, mais \u00e0 petites doses ?   <img decoding=\"async\" fetchpriority=\"high\" src=\"https:\/\/www.europesays.com\/fr\/wp-content\/uploads\/2025\/05\/cindy-neves.jpg\" alt=\"Cindy Neves\" width=\"40\" height=\"40\"\/>    <a class=\"nombre text-hv\" href=\"https:\/\/www.tameteo.com\/auteur\/cindy-neves\/\" title=\"Cindy Neves\" rel=\"nofollow noopener\" target=\"_blank\">Cindy Neves<\/a>       10\/06\/2025 09:00   4 min   <\/p>\n<p>Rien de tel qu\u2019un bon <strong>caf\u00e9 <\/strong>pour commencer la journ\u00e9e. C\u2019est le sempiternel rituel de millions de personnes. D\u00e8s le r\u00e9veil, la <strong>machine \u00e0 caf\u00e9<\/strong> est en marche. Plusieurs \u00e9tudes ont mis en avant le fait que boire du caf\u00e9 pouvait \u00eatre bon pour la sant\u00e9, notamment pour le <strong>c\u0153ur<\/strong>. Celle publi\u00e9e le 8 janvier dernier, dans la revue <a href=\"https:\/\/www.tameteo.com\/meteo-Europe-Royaume+Uni-1-1-48.html\" data-mrf-recirculation=\"cuerpo_intext\" rel=\"nofollow noopener\" target=\"_blank\">britannique <\/a>European Heart Journal, vient souligner la v\u00e9racit\u00e9 de cette pratique. Mais attention, selon cette derni\u00e8re, cela fonctionne si et seulement si certaines conditions sont suivies et respect\u00e9es.<\/p>\n<p>Boire une seule tasse de caf\u00e9, le matin, aurait des effets b\u00e9n\u00e9fiques<\/p>\n<p>Cette \u00e9tude a suivi les habitudes matinales de plus de 40 000 personnes. Parmi elles, 16 % boivent du caf\u00e9 tout au long de la journ\u00e9e ; 36 % boivent du caf\u00e9 uniquement le matin ; et 48 % ne boivent pas du tout de caf\u00e9. L\u2019\u00e9tude s\u2019int\u00e9resse donc \u00e0 la <strong>quantit\u00e9 de caf\u00e9<\/strong> ingurgit\u00e9e, mais \u00e9galement au moment de la journ\u00e9e durant lequel l\u2019individu boit son caf\u00e9. Les r\u00e9sultats semblent montrer que les personnes ne buvant qu\u2019un seul <strong>caf\u00e9 le matin<\/strong> voyaient leur risque de contracter une <strong>maladie cardiovasculaire<\/strong> chuter de 31%.<\/p>\n<p>Cependant, boire trop de caf\u00e9 peut devenir un risque pour le c\u0153ur<\/p>\n<p>Le r\u00e9sultat appelle une question : pourquoi serait-il b\u00e9n\u00e9fique de ne <strong>boire du caf\u00e9<\/strong> que le matin ? Tout simplement parce que le caf\u00e9 est un excitant. Il a pour objectif de nous maintenir \u00e9veill\u00e9. En boire une <strong>tasse <\/strong>le matin permet donc d\u2019\u00eatre alerte tout au long de la journ\u00e9e, ce qui est positif. Mais, boire du <strong>caf\u00e9 <\/strong>pendant l\u2019apr\u00e8s-midi ou le soir, c\u2019est prendre le risque de perturber tout notre <strong>cycle de sommeil<\/strong>, aussi bien sa dur\u00e9e que sa qualit\u00e9.<\/p>\n<p><a class=\"imagen \" href=\"https:\/\/www.tameteo.com\/actualites\/actualite\/decouverte-d-un-combustible-propre-cache-qui-pourrait-alimenter-la-terre-pendant-170-000-ans-de-quoi-s-agit-il-energie-etude-hydrogene.html\" title=\"Une \u00e9tude r\u00e9v\u00e8le la d\u00e9couverte d\u2019un combustible propre cach\u00e9 qui pourrait alimenter la Terre pendant 170 000 ans ! \" rel=\"nofollow noopener\" target=\"_blank\"><img loading=\"lazy\" decoding=\"async\" fetchpriority=\"low\" class=\"lazy img-body non-editable\" src=\"https:\/\/www.europesays.com\/fr\/wp-content\/uploads\/2025\/06\/descubren-combustible-limpio-oculto-capaz-de-alimentar-la-tierra-por-170-mil-anos-1748587921890_320..jpeg\"  width=\"320\" height=\"225\" alt=\"Une \u00e9tude r\u00e9v\u00e8le la d\u00e9couverte d\u2019un combustible propre cach\u00e9 qui pourrait alimenter la Terre pendant 170 000 ans ! \"\/><\/a><\/p>\n<p>Certains chercheurs souhaitent n\u00e9anmoins nuancer les donn\u00e9es de l\u2019\u00e9tude, affirmant qu\u2019il est n\u00e9cessaire de faire de plus amples recherches sur le sujet. C\u2019est le cas d\u2019Abha Khandelwal, professeure en m\u00e9decine cardiovasculaire \u00e0 Stanford, en <a href=\"https:\/\/www.tameteo.com\/meteo-amerique-du-nord-etats-unis-california-1-3-58-54.html\" data-mrf-recirculation=\"cuerpo_intext\" rel=\"nofollow noopener\" target=\"_blank\">Californie<\/a>. \u201cJe ne pense pas que l\u2019on puisse affirmer que le moment de la <strong>consommation de caf\u00e9ine<\/strong> soit un facteur important dans la r\u00e9duction du risque de mortalit\u00e9. Il n\u2019existe pas de base scientifique solide ou rigoureuse \u00e0 cet \u00e9gard &#8211; tout au plus existe-t-il un lien avec la <strong>consommation de caf\u00e9<\/strong>\u201d.<\/p>\n<p><img loading=\"lazy\" decoding=\"async\" fetchpriority=\"low\" class=\"lazy \" src=\"https:\/\/www.europesays.com\/fr\/wp-content\/uploads\/2025\/06\/votre-cafe-du-matin-peut-etre-un-allie-pour-votre-sante-mais-attention-suivez-cette-regle-1749295431.jpeg\"  width=\"768\" height=\"432\" alt=\"Le th\u00e9, une excellente alternative pour varier les plaisirs\" title=\"Le th\u00e9, une excellente alternative pour varier les plaisirs\" data-image=\"nlbg59rgwcd3\"\/>Le th\u00e9, une excellente alternative pour varier les plaisirs<\/p>\n<p>Un lien de causalit\u00e9 qui reste donc \u00e0 prouver, entre le <strong>risque de d\u00e9c\u00e8s <\/strong>et l\u2019heure de la <strong>consommation<\/strong>. Sans plus d\u2019informations, elle explique que oui, il peut \u00eatre judicieux de se cantonner aux premi\u00e8res heures de la journ\u00e9e pour boire son caf\u00e9.<\/p>\n<p><a class=\"imagen \" href=\"https:\/\/www.tameteo.com\/actualites\/actualite\/des-composes-toxiques-peuvent-passer-des-boites-de-conserve-a-votre-assiette-voici-comment-les-eviter-pollution.html\" title=\"Des compos\u00e9s toxiques peuvent passer des bo\u00eetes de conserve \u00e0 votre assiette. Voici comment les \u00e9viter.\" rel=\"nofollow noopener\" target=\"_blank\"><img loading=\"lazy\" decoding=\"async\" fetchpriority=\"low\" class=\"lazy img-body non-editable\" src=\"https:\/\/www.europesays.com\/fr\/wp-content\/uploads\/2025\/06\/des-composes-toxiques-peuvent-passer-des-boites-de-conserve-a-votre-assiette-voici-comment-les-evite.jpeg\"  width=\"320\" height=\"225\" alt=\"Des compos\u00e9s toxiques peuvent passer des bo\u00eetes de conserve \u00e0 votre assiette. Voici comment les \u00e9viter.\"\/><\/a><\/p>\n<p>\u201cTout au plus, on peut dire que si vous \u00eates un<strong> buveur de caf\u00e9<\/strong>, envisagez de limiter votre consommation aux<strong> heures matinales<\/strong>, mais cette \u00e9tude n\u2019est pas con\u00e7ue ni suffisamment solide pour parler de causalit\u00e9. Je pense qu\u2019il faut faire beaucoup plus, de mani\u00e8re beaucoup plus rigoureuse sur le plan scientifique, pour pouvoir faire des d\u00e9clarations audacieuses visant \u00e0 changer les comportements\u201d.<\/p>\n<p>R\u00e9f\u00e9rences de l\u2019article : <\/p>\n<p><a href=\"https:\/\/www.bbc.com\/afrique\/articles\/cj909g70nmko\" rel=\"nofollow noopener\" target=\"_blank\">Le caf\u00e9 matinal pourrait r\u00e9duire le risque de d\u00e9c\u00e8s li\u00e9 \u00e0 une maladie cardiaque, selon une \u00e9tude <\/a><\/p>\n<p><a href=\"https:\/\/www.science-et-vie.com\/corps-et-sante\/alimentation\/boire-du-cafe-le-matin-reduit-il-vraiment-le-risque-de-deces-dune-maladie-cardiovasculaire-201318.html\" rel=\"nofollow noopener\" target=\"_blank\">Boire du caf\u00e9 le matin r\u00e9duit-il vraiment le risque de d\u00e9c\u00e8s d\u2019une maladie cardiovasculaire ? <\/a><\/p>\n","protected":false},"excerpt":{"rendered":"Le caf\u00e9, bon pour la sant\u00e9, mais \u00e0 petites doses ? Cindy Neves 10\/06\/2025 09:00 4 min Rien&hellip;\n","protected":false},"author":2,"featured_media":167314,"comment_status":"","ping_status":"","sticky":false,"template":"","format":"standard","meta":{"footnotes":""},"categories":[10],"tags":[4586,1011,27,72,30081,71],"class_list":{"0":"post-167313","1":"post","2":"type-post","3":"status-publish","4":"format-standard","5":"has-post-thumbnail","7":"category-sante","8":"tag-cafe","9":"tag-fr","10":"tag-france","11":"tag-health","12":"tag-les-maladies-cardiovasculaires","13":"tag-sante"},"share_on_mastodon":{"url":"https:\/\/pubeurope.com\/@fr\/114662835883671161","error":""},"_links":{"self":[{"href":"https:\/\/www.europesays.com\/fr\/wp-json\/wp\/v2\/posts\/167313","targetHints":{"allow":["GET"]}}],"collection":[{"href":"https:\/\/www.europesays.com\/fr\/wp-json\/wp\/v2\/posts"}],"about":[{"href":"https:\/\/www.europesays.com\/fr\/wp-json\/wp\/v2\/types\/post"}],"author":[{"embeddable":true,"href":"https:\/\/www.europesays.com\/fr\/wp-json\/wp\/v2\/users\/2"}],"replies":[{"embeddable":true,"href":"https:\/\/www.europesays.com\/fr\/wp-json\/wp\/v2\/comments?post=167313"}],"version-history":[{"count":0,"href":"https:\/\/www.europesays.com\/fr\/wp-json\/wp\/v2\/posts\/167313\/revisions"}],"wp:featuredmedia":[{"embeddable":true,"href":"https:\/\/www.europesays.com\/fr\/wp-json\/wp\/v2\/media\/167314"}],"wp:attachment":[{"href":"https:\/\/www.europesays.com\/fr\/wp-json\/wp\/v2\/media?parent=167313"}],"wp:term":[{"taxonomy":"category","embeddable":true,"href":"https:\/\/www.europesays.com\/fr\/wp-json\/wp\/v2\/categories?post=167313"},{"taxonomy":"post_tag","embeddable":true,"href":"https:\/\/www.europesays.com\/fr\/wp-json\/wp\/v2\/tags?post=167313"}],"curies":[{"name":"wp","href":"https:\/\/api.w.org\/{rel}","templated":true}]}}