{"id":167316,"date":"2025-06-11T04:27:10","date_gmt":"2025-06-11T04:27:10","guid":{"rendered":"https:\/\/www.europesays.com\/fr\/167316\/"},"modified":"2025-06-11T04:27:10","modified_gmt":"2025-06-11T04:27:10","slug":"jai-decouvert-que-javais-ete-trompe-peu-apres-nos-fiancailles-diego-el-glaoui-balance-tout-sur-son-ex-iris-mittenaere","status":"publish","type":"post","link":"https:\/\/www.europesays.com\/fr\/167316\/","title":{"rendered":"\u00ab\u00a0J\u2019ai d\u00e9couvert que j\u2019avais \u00e9t\u00e9 tromp\u00e9 peu apr\u00e8s nos fian\u00e7ailles\u00a0\u00bb, Diego El Glaoui balance tout sur son ex, Iris Mittenaere"},"content":{"rendered":"<p>Le 9 juin 2025, le blogueur Aqababe promettait sur ses r\u00e9seaux sociaux qu\u2019il allait faire des r\u00e9v\u00e9lations au sujet d\u2019<a href=\"https:\/\/www.public.fr\/tag\/iris-mittenaere\" rel=\"nofollow noopener\" target=\"_blank\">Iris Mittenaere<\/a>. Selon lui, l\u2019ancienne Miss France <a href=\"https:\/\/www.public.fr\/iris-mittenaere-a-volontairement-nui-au-parcours-de-diane-leyre-les-lourdes-accusations-daqababe-qui-promet-de-reveler-son-vrai-visage\" rel=\"nofollow noopener\" target=\"_blank\">aurait nui au parcours de Diane Leyre<\/a> au concours de Miss Univers.<\/p>\n<p>De plus, \u00ab\u00a0certains sujets extr\u00eamement graves comme les violences conjugales semblent \u00eatre abord\u00e9s par elle non pas par engagement, mais dans une logique de calcul m\u00e9diatique\u00a0\u00bb, ajoutait-il.<\/p>\n<p>Diego El Glaoui tromp\u00e9 par Iris Mittenaere ? <\/p>\n<p>Ce mardi 10 juin 2025, Aqababe a publi\u00e9 du nouveau contenu au sujet d\u2019<a href=\"https:\/\/vsd.fr\/tag\/iris-mittenaere\/\" rel=\"nofollow noopener\" target=\"_blank\">Iris Mittenaere<\/a> dans son canal Instagram. Dans celui-ci, il indique que l\u2019ex-reine de beaut\u00e9 se serait montr\u00e9e infid\u00e8le envers Diego El Glaoui.<\/p>\n<p>Et visiblement, le principal int\u00e9ress\u00e9 en aurait pris connaissance. En effet, l\u2019ancien compagnon de l\u2019ex-reine de beaut\u00e9, vient de prendre la parole sur ses r\u00e9seaux sociaux pour r\u00e9agir.\u00a0<\/p>\n<p>\u00ab\u00a0<strong>Je n&rsquo;ai jamais souhait\u00e9 que la v\u00e9rit\u00e9 soit rendue publique et jamais je n&rsquo;aurais pens\u00e9 devoir l&rsquo;\u00e9voquer ici<\/strong>. J&rsquo;ai choisi le silence par pudeur, par respect pour notre histoire, par fiert\u00e9 aussi, mais aussi pour prot\u00e9ger son image, malgr\u00e9 l&rsquo;injustice et la douleur que j&rsquo;ai travers\u00e9es\u00a0\u00bb, a d\u2019abord \u00e9crit l\u2019influenceur.<\/p>\n<p>Si Diego El Glaoui n\u2019a \u00ab\u00a0jamais souhait\u00e9 exposer cette partie\u00a0\u00bb de sa vie, il doit \u00ab\u00a0reconna\u00eetre que ce qui a \u00e9t\u00e9 dit ce soir est vrai\u00a0\u00bb. \u00ab\u00a0<strong>J\u2019ai d\u00e9couvert que j&rsquo;avais \u00e9t\u00e9 tromp\u00e9 peu apr\u00e8s nos fiancailles et durant plusieurs mois<\/strong>. Et malgr\u00e9 cela, j&rsquo;ai choisi de pardonner, de me battre pour notre promesse d&rsquo;engagement \u00e9ternel, de redonner une chance \u00e0 notre couple, et de ne pas l\u2019exposer\u00a0\u00bb, a \u00e9galement pr\u00e9cis\u00e9 l\u2019ancien compagnon d\u2019Iris Mittenaere.\u00a0<\/p>\n<p>D\u00e9j\u00e0 \u00ab\u00a0s\u00e9par\u00e9s\u00a0\u00bb au moment de leur documentaire Prime Vid\u00e9o ? <\/p>\n<p>Toujours dans son long texte publi\u00e9, l\u2019influenceur indique qu\u2019\u00e0 travers quelques images et s\u00e9quences film\u00e9es retra\u00e7ant certains moments de leur vie dans leur s\u00e9rie diffus\u00e9e sur Prime Video, <strong>Influence(s)<\/strong>, il tentait d\u00e9j\u00e0 de \u00ab\u00a0se battre avec ce poids\u00a0\u00bb.<\/p>\n<p>\u00ab\u00a0Ce que l&rsquo;on ne voyait pas, c&rsquo;est que je savais d\u00e9j\u00e0 et que je me battais avec ce poids devant les cam\u00e9ras. Je portais la douleur de la trahison, et l&rsquo;envie, malgr\u00e9 tout, d&rsquo;y croire encore. J&rsquo;ai voulu pardonner, j&rsquo;ai voulu r\u00e9parer. J&rsquo;ai voulu sauver ce qui pouvait l&rsquo;\u00eatre. Dans cette s\u00e9rie et en dehors parfois j&rsquo;ai \u00e9t\u00e9 jug\u00e9, critiqu\u00e9, toujours durement, alors que je tentais simplement de sauver mon couple malgr\u00e9 la douleur insoutenable\u00a0\u00bb, a-t-il poursuivi au sujet d&rsquo;Iris Mittenaere.<\/p>\n<p>Avant de conclure : \u00ab\u00a0<strong>Je n&rsquo;ai pas r\u00e9ussi \u00e0 surmonter cette \u00e9preuve<\/strong>, et j&rsquo;ai d\u00e9cid\u00e9 de tourner d\u00e9finitivement la page. Aujourd&rsquo;hui, je ne souhaite ni raviver les blessures, ni pointer du doigt. Je demande simplement que nos vies priv\u00e9es soient respect\u00e9es, \u00e0 moi comme \u00e0 elle. Quant \u00e0 moi, je suis pass\u00e9 \u00e0 autre chose et je suis d\u00e9sormais en paix et heureux\u00a0\u00bb.<\/p>\n<p>Pour le moment, Iris Mittenaere n\u2019a pas r\u00e9agi \u00e0 cette histoire, que ce soit les accusations du blogueur Aqababe ou la r\u00e9action de son ancien compagnon. Reste \u00e0 savoir si celle qui coule aujourd\u2019hui des jours heureux avec Antoine Dupont le fera ou pas. \u00c0 l\u2019heure actuelle, une seule version de cette histoire circule et celle-ci doit donc \u00eatre prise avec des pincettes.\u00a0<\/p>\n<p><img loading=\"lazy\" decoding=\"async\" width=\"474\" height=\"1024\" src=\"data:image\/svg+xml,%3Csvg%20xmlns=\" http:=\"\" alt=\"&quot;J\u2019ai d\u00e9couvert que j\u2019avais \u00e9t\u00e9 tromp\u00e9 peu apr\u00e8s nos fian\u00e7ailles&quot;, Diego El Glaoui balance tout sur son ex, Iris Mittenaere\" data-lazy- data-lazy- data-lazy-src=\"https:\/\/www.europesays.com\/fr\/wp-content\/uploads\/2025\/06\/WhatsApp-Image-2025-06-11-at-00.45.27-474x1024.jpeg\"\/><\/p>\n<p>      Mentionn\u00e9s dans cet article<\/p>\n<p>\u00c0 lire aussi<\/p>\n","protected":false},"excerpt":{"rendered":"Le 9 juin 2025, le blogueur Aqababe promettait sur ses r\u00e9seaux sociaux qu\u2019il allait faire des r\u00e9v\u00e9lations au&hellip;\n","protected":false},"author":2,"featured_media":167317,"comment_status":"","ping_status":"","sticky":false,"template":"","format":"standard","meta":{"footnotes":""},"categories":[8],"tags":[514,58,59,1011,27,7308],"class_list":{"0":"post-167316","1":"post","2":"type-post","3":"status-publish","4":"format-standard","5":"has-post-thumbnail","7":"category-divertissement","8":"tag-antoine-dupont","9":"tag-divertissement","10":"tag-entertainment","11":"tag-fr","12":"tag-france","13":"tag-iris-mittenaere"},"share_on_mastodon":{"url":"https:\/\/pubeurope.com\/@fr\/114662843656984385","error":""},"_links":{"self":[{"href":"https:\/\/www.europesays.com\/fr\/wp-json\/wp\/v2\/posts\/167316","targetHints":{"allow":["GET"]}}],"collection":[{"href":"https:\/\/www.europesays.com\/fr\/wp-json\/wp\/v2\/posts"}],"about":[{"href":"https:\/\/www.europesays.com\/fr\/wp-json\/wp\/v2\/types\/post"}],"author":[{"embeddable":true,"href":"https:\/\/www.europesays.com\/fr\/wp-json\/wp\/v2\/users\/2"}],"replies":[{"embeddable":true,"href":"https:\/\/www.europesays.com\/fr\/wp-json\/wp\/v2\/comments?post=167316"}],"version-history":[{"count":0,"href":"https:\/\/www.europesays.com\/fr\/wp-json\/wp\/v2\/posts\/167316\/revisions"}],"wp:featuredmedia":[{"embeddable":true,"href":"https:\/\/www.europesays.com\/fr\/wp-json\/wp\/v2\/media\/167317"}],"wp:attachment":[{"href":"https:\/\/www.europesays.com\/fr\/wp-json\/wp\/v2\/media?parent=167316"}],"wp:term":[{"taxonomy":"category","embeddable":true,"href":"https:\/\/www.europesays.com\/fr\/wp-json\/wp\/v2\/categories?post=167316"},{"taxonomy":"post_tag","embeddable":true,"href":"https:\/\/www.europesays.com\/fr\/wp-json\/wp\/v2\/tags?post=167316"}],"curies":[{"name":"wp","href":"https:\/\/api.w.org\/{rel}","templated":true}]}}