{"id":167318,"date":"2025-06-11T04:28:10","date_gmt":"2025-06-11T04:28:10","guid":{"rendered":"https:\/\/www.europesays.com\/fr\/167318\/"},"modified":"2025-06-11T04:28:10","modified_gmt":"2025-06-11T04:28:10","slug":"ce-videoprojecteur-4k-triple-laser-danker-promet-de-remplacer-votre-televiseur-meme-en-plein-jour-frandroid","status":"publish","type":"post","link":"https:\/\/www.europesays.com\/fr\/167318\/","title":{"rendered":"Ce vid\u00e9oprojecteur 4K triple laser d\u2019Anker promet de remplacer votre t\u00e9l\u00e9viseur, m\u00eame en plein jour ! &#8211; Frandroid"},"content":{"rendered":"<ol>\n<li><a href=\"https:\/\/news.google.com\/rss\/articles\/CBMi_wFBVV95cUxNVVFHV2h6d0JwZ0YwRnZfRWN6NmR1S3FJMWtyUHZyNEppTTNoOTU3VlJCLXdkaWI0WVdfaXhqYmxKMi13S1g4Z3pmQl9TSy11WUJFWVFwR0E0b1U3b291MW83UXVyWnl5S0FpZk5ESUxSZG4tXzFna0hkX2lOZktwSDU2VlNkeWg1SkhLY3NTRFNSemlSZnI2WTE4Nzh4Si1XQ1NSVFBuM1J4UTJtaVZaUWg5aC1PQnQtb2ptcVFMaHQ1TzVNT3dJTWhkZE1iMTRXTDlOQ0RxQnVkeGVLc2h2aDNQUm5zQ0ZJdHJGTXE3TVlqaWZ4TmdRWW0tOGkzQnM?oc=5\" target=\"_blank\" rel=\"nofollow noopener\">Ce vid\u00e9oprojecteur 4K triple laser d\u2019Anker promet de remplacer votre t\u00e9l\u00e9viseur, m\u00eame en plein jour !<\/a>&nbsp;&nbsp;Frandroid<\/li>\n<li><a href=\"https:\/\/news.google.com\/rss\/articles\/CBMiygFBVV95cUxQNVB4VG90T05ZdF9NMjlzQ1JsNzZma2syLTh3WUlQcVFkMnltZVJEWmpQVy1DdU9QWk9Lc1oyZHlQbWtFYndPNEVMeGhqVnVJR3dCUXpEejI5X0RSZy1XbEVQQmNnTms3RWdXcU1maFBmcU5vM2RzT3E3SkRaUUM0NmR5eWNuR0pmUmwyVXJxd1NJZ3NIOW5KX1h2eXBzTXZILW1mSHUtQzhBeFhaSGkyTUxqZFN6bGlGOEpZLU5qRUd5SlhUTHBNQXF3?oc=5\" target=\"_blank\" rel=\"nofollow noopener\">Nebula X1 : le meilleur vid\u00e9oprojecteur portable est \u00e0 prix cass\u00e9 en ce moment<\/a>&nbsp;&nbsp;Le Figaro<\/li>\n<li><a href=\"https:\/\/news.google.com\/rss\/articles\/CBMiggFBVV95cUxPYXliQ3g3amtIVFZ5NW9fSTZqYlZMZXIzbVQ4Rk9GVTRsS2MwOGtBRmdSR3VkOUhIRTdTSjFwTnJqTklOaGs2N0hZbGI2eFNtekJSNzVuS1JEXzRsOEhaRERfNFlaekNfTVhGOWM3SV96UUVQYUlBLWdsYWZaY1pQSXVn?oc=5\" target=\"_blank\" rel=\"nofollow noopener\">Du jamais vu sur le march\u00e9 des vid\u00e9oprojecteurs ? Anker lance un nouveau mod\u00e8le 4K \u00e0 la luminosit\u00e9 d\u00e9mentielle<\/a>&nbsp;&nbsp;Ecran Large<\/li>\n<li><a href=\"https:\/\/news.google.com\/rss\/articles\/CBMib0FVX3lxTFA4dWlDY0Y3eGduTWlkaDdwZGNGLW04S2xmVWExdHB2S2RTRnQ5V1JzVk4yRmhSZlFvRW50bnNjMFdsVXVkX05RZGVFM2QzbUtRclJoU3dkMmcxdmc4NHFaaGk4OWVNNUoxOTcwTFNxQQ?oc=5\" target=\"_blank\" rel=\"nofollow noopener\">Test Anker Nebula X1 : un vid\u00e9oprojecteur triple laser qui en donne bien plus que pr\u00e9vu<\/a>&nbsp;&nbsp;Clubic<\/li>\n<li><a href=\"https:\/\/news.google.com\/rss\/articles\/CBMi4gFBVV95cUxNeGxLaWVKeURyS0pqNW1iSEN2M2dSNC1HSEhjUjFvdVRyalJCN0luWXFxVnlfRER2VHBqUnRXbW0wakxSSjY4Q0kzRHNvLUlLMkJHcGdSbXJ1WkQxR0h1UW5qYjVGY3NPNF8yT2RJd2JEeFlqdVhMdmRXdG9ZX1J4Z2dNUTNUQnJscXozS1BQM2QybnItdllkbGprS1lSWGlKTFZoWnQycWZLRWxhZWo1cU1HVTlqcllCYzBHQWhDMEt4OHhzTGJzX2YybnRHdS12dzdVWTE1QnoyeWJOVndWMFhn?oc=5\" target=\"_blank\" rel=\"nofollow noopener\">Nebula X1 : le nouveau vid\u00e9oprojecteur 4K laser d\u2019Anker embarque un refroidissement liquide<\/a>&nbsp;&nbsp;Les Num\u00e9riques<\/li>\n<\/ol>\n","protected":false},"excerpt":{"rendered":"Ce vid\u00e9oprojecteur 4K triple laser d\u2019Anker promet de remplacer votre t\u00e9l\u00e9viseur, m\u00eame en plein jour !&nbsp;&nbsp;Frandroid Nebula X1&hellip;\n","protected":false},"author":2,"featured_media":1445,"comment_status":"","ping_status":"","sticky":false,"template":"","format":"standard","meta":{"footnotes":""},"categories":[7],"tags":[1011,27,43,40,41,39,42,44],"class_list":{"0":"post-167318","1":"post","2":"type-post","3":"status-publish","4":"format-standard","5":"has-post-thumbnail","7":"category-sciences-et-technologies","8":"tag-fr","9":"tag-france","10":"tag-science","11":"tag-science-and-technology","12":"tag-sciences","13":"tag-sciences-et-technologies","14":"tag-technologies","15":"tag-technology"},"share_on_mastodon":{"url":"https:\/\/pubeurope.com\/@fr\/114662847529805847","error":""},"_links":{"self":[{"href":"https:\/\/www.europesays.com\/fr\/wp-json\/wp\/v2\/posts\/167318","targetHints":{"allow":["GET"]}}],"collection":[{"href":"https:\/\/www.europesays.com\/fr\/wp-json\/wp\/v2\/posts"}],"about":[{"href":"https:\/\/www.europesays.com\/fr\/wp-json\/wp\/v2\/types\/post"}],"author":[{"embeddable":true,"href":"https:\/\/www.europesays.com\/fr\/wp-json\/wp\/v2\/users\/2"}],"replies":[{"embeddable":true,"href":"https:\/\/www.europesays.com\/fr\/wp-json\/wp\/v2\/comments?post=167318"}],"version-history":[{"count":0,"href":"https:\/\/www.europesays.com\/fr\/wp-json\/wp\/v2\/posts\/167318\/revisions"}],"wp:featuredmedia":[{"embeddable":true,"href":"https:\/\/www.europesays.com\/fr\/wp-json\/wp\/v2\/media\/1445"}],"wp:attachment":[{"href":"https:\/\/www.europesays.com\/fr\/wp-json\/wp\/v2\/media?parent=167318"}],"wp:term":[{"taxonomy":"category","embeddable":true,"href":"https:\/\/www.europesays.com\/fr\/wp-json\/wp\/v2\/categories?post=167318"},{"taxonomy":"post_tag","embeddable":true,"href":"https:\/\/www.europesays.com\/fr\/wp-json\/wp\/v2\/tags?post=167318"}],"curies":[{"name":"wp","href":"https:\/\/api.w.org\/{rel}","templated":true}]}}