{"id":167321,"date":"2025-06-11T04:30:10","date_gmt":"2025-06-11T04:30:10","guid":{"rendered":"https:\/\/www.europesays.com\/fr\/167321\/"},"modified":"2025-06-11T04:30:10","modified_gmt":"2025-06-11T04:30:10","slug":"trump-se-lache-contre-les-manifestants-de-los-angeles-ou-un-couvre-feu-partiel-a-ete-declare","status":"publish","type":"post","link":"https:\/\/www.europesays.com\/fr\/167321\/","title":{"rendered":"Trump se l\u00e2che contre les manifestants de Los Angeles, o\u00f9 un couvre-feu partiel a \u00e9t\u00e9 d\u00e9clar\u00e9"},"content":{"rendered":"<p>        <img decoding=\"async\" loading=\"lazy\" src=\"https:\/\/www.europesays.com\/fr\/wp-content\/uploads\/2025\/06\/de6d87d_sirius-fs-upload-1-z6pb5mffoes0-1749596365291-063-2218964526.jpg\"  width=\"728\" height=\"410\" alt=\"Le pr\u00e9sident Donald Trump s\u2019exprime lors d\u2019un rassemblement devant des milliers de soldats de l\u2019arm\u00e9e am\u00e9ricaine, le 10\u00a0juin 2025, \u00e0 Fort Bragg, en Caroline du Nord.\"\/>  <\/p>\n<p>MELISSA SUE GERRITS \/ Getty Images via AFP<\/p>\n<p>Le pr\u00e9sident Donald Trump s\u2019exprime lors d\u2019un rassemblement devant des milliers de soldats de l\u2019arm\u00e9e am\u00e9ricaine, le 10\u00a0juin 2025, \u00e0 Fort Bragg, en Caroline du Nord.<\/p>\n<p class=\"asset asset-text\">\u00c9TATS-UNIS &#8211; Un discours de haine. Lors d\u2019une prise de parole sur une base militaire, <a href=\"https:\/\/www.huffingtonpost.fr\/international\/video\/en-californie-donald-trump-envoie-la-garde-nationale-apres-des-heurts-entre-police-de-l-immigration-et-manifestants_251078.html\" target=\"_blank\" rel=\"noopener\">Donald Trump<\/a> a assur\u00e9 ce mardi 10\u00a0juin que <a href=\"https:\/\/www.huffingtonpost.fr\/international\/article\/l-administration-trump-approuve-le-deploiement-de-marines-a-los-angeles-face-aux-manifestations_251137.html\" target=\"_blank\" rel=\"noopener\">Los Angeles<\/a>, o\u00f9 ont eu lieu des affrontements entre forces de l\u2019ordre et des manifestants oppos\u00e9s aux expulsions muscl\u00e9es de sans-papiers, \u00e9tait \u00ab\u00a0envahie\u00a0\u00bb par des \u00ab\u00a0ennemis \u00e9trangers\u00a0\u00bb. Le pr\u00e9sident am\u00e9ricain les a aussi qualifi\u00e9s d\u2019\u00ab\u00a0animaux\u00a0\u00bb. <\/p>\n<p class=\"asset asset-text\">Une saillie verbale qui survient peu de temps avant que la maire de Los Angeles, Karen Bass, a d\u00e9cr\u00e9t\u00e9 un\u00a0couvre-feu\u00a0pour la nuit dans le centre-ville \u00ab\u00a0pour mettre fin aux actes de vandalisme et de pillage\u00a0\u00bb. Cette mesure est d\u00e9sormais en vigueur de 20\u00a0h locales \u00e0 6\u00a0h du matin.<\/p>\n<p class=\"asset asset-text\">\u00ab\u00a0Cette anarchie ne se poursuivra pas. Nous ne permettrons pas que des agents f\u00e9d\u00e9raux soient attaqu\u00e9s et ne laisserons pas une ville am\u00e9ricaine \u00eatre envahie et conquise par des ennemis \u00e9trangers\u00a0\u00bb, a fustig\u00e9 le locataire du Bureau Ovale, qui a ordonn\u00e9 le d\u00e9ploiement de milliers de soldats dans la m\u00e9gapole californienne.<\/p>\n<p class=\"asset asset-text\">\u00ab\u00a0Ce que vous voyez en Californie, c\u2019est un assaut g\u00e9n\u00e9ralis\u00e9 contre la paix, l\u2019ordre public et la souverainet\u00e9 nationale, men\u00e9 par des \u00e9meutiers portant des drapeaux \u00e9trangers et ayant pour objectif de poursuivre une invasion \u00e9trang\u00e8re de notre pays\u00a0\u00bb, a encore d\u00e9clar\u00e9 Donald Trump, devant quelques milliers de personnes, des militaires en treillis et des civils.<\/p>\n<p>                     Attaques contre Joe Biden, Gavin Newsom et l\u2019Europe    <\/p>\n<p class=\"asset asset-text\">Dans son discours \u00e0 la tonalit\u00e9 tr\u00e8s dure prononc\u00e9 dans l\u2019une des plus grandes bases militaires du pays, le milliardaire r\u00e9publicain a \u00e9galement qualifi\u00e9 les manifestants d\u2019\u00ab\u00a0animaux\u00a0\u00bb et a estim\u00e9 qu\u2019ils \u00ab\u00a0portaient fi\u00e8rement les drapeaux d\u2019autres pays\u00a0\u00bb.<\/p>\n<p class=\"asset asset-text\">Reprenant un angle d\u2019attaque devenu r\u00e9current depuis son retour au pouvoir, Donald Trump a ensuite affirm\u00e9 que l\u2019Europe devait agir contre \u00ab\u00a0l\u2019immigration hors de contr\u00f4le\u00a0\u00bb et \u00ab\u00a0avant qu\u2019il ne soit trop tard\u00a0\u00bb.<\/p>\n<p class=\"asset asset-text\">Il a aussi fait huer les noms du gouverneur de Californie, Gavin Newsom, et de l\u2019ancien pr\u00e9sident Joe Biden, tous deux d\u00e9mocrates.<\/p>\n<p class=\"asset asset-text\">Donald Trump a d\u00e9ploy\u00e9 \u00e0 Los Angeles des milliers de soldats, dont 700 Marines, des militaires d\u2019active, contre l\u2019avis des autorit\u00e9s californiennes qui estiment que la situation est sous contr\u00f4le. Gavin Newsom a qualifi\u00e9 ces actions de \u00ab\u00a0dictatoriales\u00a0\u00bb et\u00a0s\u2019est tourn\u00e9 vers la\u00a0justice\u00a0pour emp\u00eacher le d\u00e9ploiement des militaires mobilis\u00e9s.<\/p>\n<p class=\"asset asset-text\">Le 47e pr\u00e9sident des \u00c9tats-Unis fait \u00e9galement planer la menace de recourir \u00e0 l\u2019\u00e9tat d\u2019urgence. \u00ab\u00a0S\u2019il y a une insurrection, je l\u2019invoquerai certainement\u00a0\u00bb, a r\u00e9pondu Donald Trump \u00e0 propos d\u2019un \u00e9ventuel recours \u00e0 l\u2019Insurrection Act, r\u00e9gime d\u2019\u00e9tat d\u2019urgence qui conf\u00e8re au pr\u00e9sident le pouvoir d\u2019utiliser les forces arm\u00e9es dans des missions de maintien de l\u2019ordre sur le territoire am\u00e9ricain.<\/p>\n","protected":false},"excerpt":{"rendered":"MELISSA SUE GERRITS \/ Getty Images via AFP Le pr\u00e9sident Donald Trump s\u2019exprime lors d\u2019un rassemblement devant des&hellip;\n","protected":false},"author":2,"featured_media":167322,"comment_status":"","ping_status":"","sticky":false,"template":"","format":"standard","meta":{"footnotes":""},"categories":[5],"tags":[11,75,73,1011,27,14,6116,12,28],"class_list":{"0":"post-167321","1":"post","2":"type-post","3":"status-publish","4":"format-standard","5":"has-post-thumbnail","7":"category-international","8":"tag-actualites","9":"tag-donald-trump","10":"tag-etats-unis","11":"tag-fr","12":"tag-france","13":"tag-international","14":"tag-los-angeles","15":"tag-news","16":"tag-world"},"share_on_mastodon":{"url":"https:\/\/pubeurope.com\/@fr\/114662855426939099","error":""},"_links":{"self":[{"href":"https:\/\/www.europesays.com\/fr\/wp-json\/wp\/v2\/posts\/167321","targetHints":{"allow":["GET"]}}],"collection":[{"href":"https:\/\/www.europesays.com\/fr\/wp-json\/wp\/v2\/posts"}],"about":[{"href":"https:\/\/www.europesays.com\/fr\/wp-json\/wp\/v2\/types\/post"}],"author":[{"embeddable":true,"href":"https:\/\/www.europesays.com\/fr\/wp-json\/wp\/v2\/users\/2"}],"replies":[{"embeddable":true,"href":"https:\/\/www.europesays.com\/fr\/wp-json\/wp\/v2\/comments?post=167321"}],"version-history":[{"count":0,"href":"https:\/\/www.europesays.com\/fr\/wp-json\/wp\/v2\/posts\/167321\/revisions"}],"wp:featuredmedia":[{"embeddable":true,"href":"https:\/\/www.europesays.com\/fr\/wp-json\/wp\/v2\/media\/167322"}],"wp:attachment":[{"href":"https:\/\/www.europesays.com\/fr\/wp-json\/wp\/v2\/media?parent=167321"}],"wp:term":[{"taxonomy":"category","embeddable":true,"href":"https:\/\/www.europesays.com\/fr\/wp-json\/wp\/v2\/categories?post=167321"},{"taxonomy":"post_tag","embeddable":true,"href":"https:\/\/www.europesays.com\/fr\/wp-json\/wp\/v2\/tags?post=167321"}],"curies":[{"name":"wp","href":"https:\/\/api.w.org\/{rel}","templated":true}]}}