{"id":167327,"date":"2025-06-11T04:33:15","date_gmt":"2025-06-11T04:33:15","guid":{"rendered":"https:\/\/www.europesays.com\/fr\/167327\/"},"modified":"2025-06-11T04:33:15","modified_gmt":"2025-06-11T04:33:15","slug":"education-luniversite-jean-monnet-nest-pas-un-probleme-mais-la-solution-assure-son-president","status":"publish","type":"post","link":"https:\/\/www.europesays.com\/fr\/167327\/","title":{"rendered":"\u00c9ducation. \u00ab\u00a0L\u2019universit\u00e9 Jean-Monnet n\u2019est pas un probl\u00e8me mais la solution\u00a0\u00bb, assure son pr\u00e9sident"},"content":{"rendered":"<p>Sur les cendres d\u2019une fusion avec des \u00e9tablissements lyonnais dans le cadre de <a href=\"https:\/\/www.leprogres.fr\/education\/2021\/05\/24\/florent-pigeon-replacer-l-etudiant-au-coeur-des-preoccupations\" target=\"_blank\" rel=\"nofollow noopener\">feu le projet Idex<\/a>, Florent Pigeon et son \u00e9quipe ont assur\u00e9 un premier mandat de 2021 \u00e0 2025 \u00e0 la t\u00eate de l\u2019universit\u00e9 Jean-Monnet (UJM). \u00ab\u00a0Sur le site Lyon-Saint-\u00c9tienne, nous sommes la seule universit\u00e9 pluridisciplinaire et nous en avons certains b\u00e9n\u00e9fices, explique-t-il. \u00c7a nous a permis de d\u00e9velopper des choses que d\u2019autres ne peuvent pas faire en d\u00e9veloppant \u00e0 la fois la recherche et la r\u00e9ussite \u00e9tudiante. \u00bb<\/p>\n<p>Le projet de mandat 2025-2029 se d\u00e9cline en cinq axes\u00a0: r\u00e9ussite et sant\u00e9 des \u00e9tudiants\u00a0; une politique scientifique \u00e9quilibr\u00e9e, responsable et distinctive\u00a0; d\u00e9velopper l\u2019internationalisation\u00a0; d\u00e9velopper l\u2019UJM \u00e0 travers les partenariats et promouvoir une gouvernance responsable et engag\u00e9e.<\/p>\n<p>  \u00ab\u00a0Nous sommes d\u00e9ficitaires comme les deux tiers des universit\u00e9s fran\u00e7aises\u00a0\u00bb<\/p>\n<p>Il faudra faire tout cela avec un budget \u00ab\u00a0d\u00e9ficitaire mais ambitieux\u00a0\u00bb, assure <a href=\"https:\/\/www.leprogres.fr\/education\/2024\/09\/17\/l-universite-jean-monnet-poursuit-son-developpement-tout-en-contenant-son-deficit\" target=\"_blank\" rel=\"nofollow noopener\">St\u00e9phane Riou, vice-pr\u00e9sident de charge du d\u00e9veloppement<\/a> : \u00ab\u00a0La fin d\u2019ann\u00e9e 2024 a \u00e9t\u00e9 tr\u00e8s compliqu\u00e9e en raison du manque de visibilit\u00e9, sans budget vot\u00e9 au niveau national. Nous sommes d\u00e9ficitaires comme les deux tiers des universit\u00e9s fran\u00e7aises. C\u2019est une premi\u00e8re depuis 2017. Nous allons d\u00e9marrer 2025 avec des indicateurs d\u00e9grad\u00e9s. Mais aujourd\u2019hui la situation s\u2019est am\u00e9lior\u00e9e avec une subvention et un certain nombre de mesures qui permettent de r\u00e9duire le d\u00e9ficit \u00e0 2,9\u00a0millions d\u2019euros.\u00a0\u00bb<\/p>\n<p>Ce que \u00e7a implique pour cette structure comptant 1\u00a0600 salari\u00e9s et 20\u00a0000 \u00e9tudiants\u00a0? \u00ab\u00a0Nous allons reporter certains investissements imagin\u00e9s pour 2026-2027 mais nous pouvons nous appuyer sur un fonds de roulement.\u00a0\u00bb L\u2019encha\u00eenement de trois exercices d\u00e9ficitaires pourrait compliquer la donne\u00a0: \u00ab\u00a0Mais nous n\u2019en sommes pas l\u00e0\u00a0!\u00a0\u00bb<\/p>\n<p>  \u00ab\u00a0Chaque euro investi dans l\u2019universit\u00e9 est un euro qui g\u00e9n\u00e8re une richesse importante\u00a0\u00bb<\/p>\n<p>Florent Pigeon tient tout de m\u00eame \u00e0 rappeler que \u00ab\u00a0la question des moyens est un point qui devrait tous nous alerter. On met en grande difficult\u00e9 des universit\u00e9s. Nous avons presque l\u2019impression que l\u2019universit\u00e9 pose probl\u00e8me \u00e0 la soci\u00e9t\u00e9. L\u2019universit\u00e9 Jean-Monnet n\u2019est pas un probl\u00e8me mais la solution. Avec une \u00e9tude men\u00e9e en local par l\u2019\u00e9cole d\u2019\u00e9conomie, nous d\u00e9montrerons que chaque euro investi dans l\u2019universit\u00e9 est un euro qui g\u00e9n\u00e8re une richesse importante en termes d\u2019emploi, de consommation, de revenus,\u00a0etc.\u00a0\u00bb<\/p>\n<p>  Un centre de sant\u00e9 \u00e9tudiants, dans l\u2019ancien Manufrance<\/p>\n<p>Pour ce nouveau mandat, l\u2019universit\u00e9 souhaite s\u2019engager dans la sant\u00e9 de ses \u00e9tudiants. Un service de sant\u00e9 \u00e9tudiants sera d\u00e9ploy\u00e9 d\u00e8s septembre. Une premi\u00e8re \u00e9tape qui doit mener \u00e0 l\u2019ouverture d\u2019un centre de sant\u00e9 \u00e9tudiants, en 2027, comme le d\u00e9taille Alexandra Leyrit, vice-pr\u00e9sidente d\u00e9l\u00e9gu\u00e9e \u00e0 la r\u00e9ussite et qualit\u00e9 de vie des \u00e9tudiants.<\/p>\n<p>\u00ab\u00a0Ce centre de sant\u00e9 comprenant un volet social et une offre de pr\u00e9vention et de soins diversifi\u00e9s, sera accessible \u00e0 tous les \u00e9tudiants du territoire. On a acquis des locaux cours Fauriel, \u00e0 Saint-\u00c9tienne, dans un ancien b\u00e2timent Manufrance.\u00a0\u00bb L\u2019id\u00e9e est de cr\u00e9er un v\u00e9ritable centre m\u00e9dical dans lequel les \u00e9tudiants pourront consulter des m\u00e9decins.<\/p>\n<p class=\"point\">La fac de m\u00e9decine va \u00e9galement se diversifier pour devenir fac de sant\u00e9, courant 2025. Il ne s\u2019agit pas un simple changement de nom comme le souligne Alain Trouillet, vice-pr\u00e9sident en charge de la formation\u00a0: \u00ab\u00a0Il s\u2019agit d\u2019une \u00e9volution statutaire pour r\u00e9unir les formations m\u00e9dicales avec le param\u00e9dical. La fac de sant\u00e9 permettra une int\u00e9gration des formations de kin\u00e9s, infirmiers ou encore manipulateurs radio avec la fac de m\u00e9decine pour un pilotage plus coordonn\u00e9. La volont\u00e9 est d\u2019avancer vers quelque chose de plus simple et de plus lisible.\u00a0\u00bb<\/p>\n","protected":false},"excerpt":{"rendered":"Sur les cendres d\u2019une fusion avec des \u00e9tablissements lyonnais dans le cadre de feu le projet Idex, Florent&hellip;\n","protected":false},"author":2,"featured_media":167328,"comment_status":"","ping_status":"","sticky":false,"template":"","format":"standard","meta":{"footnotes":""},"categories":[9653],"tags":[1111,11,2430,7539,1057,4854,1777,674,107,1011,27,3367,12,25,4001,7538],"class_list":{"0":"post-167327","1":"post","2":"type-post","3":"status-publish","4":"format-standard","5":"has-post-thumbnail","7":"category-saint-etienne","8":"tag-actu","9":"tag-actualites","10":"tag-auvergne-rhone-alpes","11":"tag-edition-loire-sud","12":"tag-education","13":"tag-enseignement-superieur","14":"tag-eu","15":"tag-europe","16":"tag-fil-info","17":"tag-fr","18":"tag-france","19":"tag-loire","20":"tag-news","21":"tag-republique-francaise","22":"tag-saint-etienne","23":"tag-saint-etienne-ville"},"share_on_mastodon":{"url":"https:\/\/pubeurope.com\/@fr\/114662867161374926","error":""},"_links":{"self":[{"href":"https:\/\/www.europesays.com\/fr\/wp-json\/wp\/v2\/posts\/167327","targetHints":{"allow":["GET"]}}],"collection":[{"href":"https:\/\/www.europesays.com\/fr\/wp-json\/wp\/v2\/posts"}],"about":[{"href":"https:\/\/www.europesays.com\/fr\/wp-json\/wp\/v2\/types\/post"}],"author":[{"embeddable":true,"href":"https:\/\/www.europesays.com\/fr\/wp-json\/wp\/v2\/users\/2"}],"replies":[{"embeddable":true,"href":"https:\/\/www.europesays.com\/fr\/wp-json\/wp\/v2\/comments?post=167327"}],"version-history":[{"count":0,"href":"https:\/\/www.europesays.com\/fr\/wp-json\/wp\/v2\/posts\/167327\/revisions"}],"wp:featuredmedia":[{"embeddable":true,"href":"https:\/\/www.europesays.com\/fr\/wp-json\/wp\/v2\/media\/167328"}],"wp:attachment":[{"href":"https:\/\/www.europesays.com\/fr\/wp-json\/wp\/v2\/media?parent=167327"}],"wp:term":[{"taxonomy":"category","embeddable":true,"href":"https:\/\/www.europesays.com\/fr\/wp-json\/wp\/v2\/categories?post=167327"},{"taxonomy":"post_tag","embeddable":true,"href":"https:\/\/www.europesays.com\/fr\/wp-json\/wp\/v2\/tags?post=167327"}],"curies":[{"name":"wp","href":"https:\/\/api.w.org\/{rel}","templated":true}]}}