{"id":167343,"date":"2025-06-11T04:46:14","date_gmt":"2025-06-11T04:46:14","guid":{"rendered":"https:\/\/www.europesays.com\/fr\/167343\/"},"modified":"2025-06-11T04:46:14","modified_gmt":"2025-06-11T04:46:14","slug":"top-14-fcg-perpignan-sur-quelle-chaine-regarder-laccess-match","status":"publish","type":"post","link":"https:\/\/www.europesays.com\/fr\/167343\/","title":{"rendered":"Top 14. FCG-Perpignan : sur quelle cha\u00eene regarder l&rsquo;access match ?"},"content":{"rendered":"<p>Derni\u00e8re chance pour le FC Grenoble. Apr\u00e8s une nouvelle d\u00e9faite en finale de Pro D2, la troisi\u00e8me cons\u00e9cutive, ce samedi 7 juin au stade Ernest-Wallon de Toulouse contre Montauban <a href=\"https:\/\/www.ledauphine.com\/sport\/2025\/06\/07\/le-fcg-a-un-match-de-la-montee-en-top-14-suivez-la-finale-de-pro-d2\" target=\"_blank\" rel=\"nofollow noopener\">(24-19)<\/a>, les joueurs du FCG ont une derni\u00e8re opportunit\u00e9 pour acc\u00e9der au Top 14.\u00a0Ils accueilleront Perpignan, 13e de Top 14, ce samedi 14 juin \u00e0 18 heures au Stade des Alpes.<\/p>\n<p>Dans un stade \u00e0 guichets ferm\u00e9s, les hommes du duo Nicolas Nadau et Patrick P\u00e9zery auront bien besoin de tout le soutien du peuple grenoblois pour renverser des Perpignanais habitu\u00e9s de ce match couperet, trois victoires, dont une \u00e0 Grenoble, sur les quatre derni\u00e8res ann\u00e9es, et qui viennent de s&rsquo;offrir le scalp de Toulouse lors de la derni\u00e8re journ\u00e9e de Top 14.<\/p>\n<p>  Pas de diffusion en clair<\/p>\n<p>Si vous ne faites pas partie des heureux \u00e9lus \u00e0 avoir obtenu votre s\u00e9same pour cette rencontre, le match devrait \u00eatre diffus\u00e9 dans plusieurs \u00e9tablissements grenoblois.<\/p>\n<p><a href=\"https:\/\/www.ledauphine.com\/sport\/2025\/06\/06\/fcg-montauban-ou-et-comment-suivre-la-finale-de-pro-d2\" target=\"_blank\" rel=\"nofollow noopener\">Contrairement \u00e0 la finale de Pro D2<\/a> qui \u00e9tait \u00e0 la fois en crypt\u00e9e (Canal +) et en clair (CStar), le match d&rsquo;accession en\u00a0Top 14 sera uniquement diffus\u00e9 sur les antennes de Canal +.<\/p>\n<p>La prise d&rsquo;antenne aura lieu 15 minutes avant le coup d&rsquo;envoi de la rencontre.<\/p>\n","protected":false},"excerpt":{"rendered":"Derni\u00e8re chance pour le FC Grenoble. Apr\u00e8s une nouvelle d\u00e9faite en finale de Pro D2, la troisi\u00e8me cons\u00e9cutive,&hellip;\n","protected":false},"author":2,"featured_media":167344,"comment_status":"","ping_status":"","sticky":false,"template":"","format":"standard","meta":{"footnotes":""},"categories":[9566],"tags":[1111,11,2430,112,113,114,1777,674,107,1701,1011,27,2731,2732,108,12,25,479,517,1947,478],"class_list":{"0":"post-167343","1":"post","2":"type-post","3":"status-publish","4":"format-standard","5":"has-post-thumbnail","7":"category-grenoble","8":"tag-actu","9":"tag-actualites","10":"tag-auvergne-rhone-alpes","11":"tag-edition-grenoble-agglomeration","12":"tag-edition-gresivaudan-oisans","13":"tag-edition-voiron-saint-marcellin","14":"tag-eu","15":"tag-europe","16":"tag-fil-info","17":"tag-fil-info-sport","18":"tag-fr","19":"tag-france","20":"tag-grenoble","21":"tag-grenoble-bassin","22":"tag-isere","23":"tag-news","24":"tag-republique-francaise","25":"tag-rugby","26":"tag-sport","27":"tag-sport-national","28":"tag-top-14"},"share_on_mastodon":{"url":"https:\/\/pubeurope.com\/@fr\/114662918277618263","error":""},"_links":{"self":[{"href":"https:\/\/www.europesays.com\/fr\/wp-json\/wp\/v2\/posts\/167343","targetHints":{"allow":["GET"]}}],"collection":[{"href":"https:\/\/www.europesays.com\/fr\/wp-json\/wp\/v2\/posts"}],"about":[{"href":"https:\/\/www.europesays.com\/fr\/wp-json\/wp\/v2\/types\/post"}],"author":[{"embeddable":true,"href":"https:\/\/www.europesays.com\/fr\/wp-json\/wp\/v2\/users\/2"}],"replies":[{"embeddable":true,"href":"https:\/\/www.europesays.com\/fr\/wp-json\/wp\/v2\/comments?post=167343"}],"version-history":[{"count":0,"href":"https:\/\/www.europesays.com\/fr\/wp-json\/wp\/v2\/posts\/167343\/revisions"}],"wp:featuredmedia":[{"embeddable":true,"href":"https:\/\/www.europesays.com\/fr\/wp-json\/wp\/v2\/media\/167344"}],"wp:attachment":[{"href":"https:\/\/www.europesays.com\/fr\/wp-json\/wp\/v2\/media?parent=167343"}],"wp:term":[{"taxonomy":"category","embeddable":true,"href":"https:\/\/www.europesays.com\/fr\/wp-json\/wp\/v2\/categories?post=167343"},{"taxonomy":"post_tag","embeddable":true,"href":"https:\/\/www.europesays.com\/fr\/wp-json\/wp\/v2\/tags?post=167343"}],"curies":[{"name":"wp","href":"https:\/\/api.w.org\/{rel}","templated":true}]}}