{"id":167373,"date":"2025-06-11T05:04:15","date_gmt":"2025-06-11T05:04:15","guid":{"rendered":"https:\/\/www.europesays.com\/fr\/167373\/"},"modified":"2025-06-11T05:04:15","modified_gmt":"2025-06-11T05:04:15","slug":"metropole-de-lyon-beaucoup-trop-de-personnes-sont-a-la-recherche-dun-logement-et-ne-trouvent-pas","status":"publish","type":"post","link":"https:\/\/www.europesays.com\/fr\/167373\/","title":{"rendered":"M\u00e9tropole de Lyon. \u00ab\u00a0Beaucoup trop de personnes sont \u00e0 la recherche d\u2019un logement et ne trouvent pas\u00a0\u00bb"},"content":{"rendered":"<p class=\"question\"><strong>40 ans d\u2019Habitat et Humanisme, \u00e7a se f\u00eate\u00a0?<\/strong><\/p>\n<p>\u00ab\u00a0Non, l\u2019heure n\u2019est pas \u00e0 faire la f\u00eate. Seule une d\u00e9faite du mal logement permettrait de l\u2019envisager. On n\u2019en est malheureusement pas l\u00e0. La situation s\u2019est plut\u00f4t aggrav\u00e9e.\u00a0\u00bb<\/p>\n<p class=\"question\"><strong>Quel constat dressez-vous\u00a0?<\/strong><\/p>\n<p>\u00ab\u00a0Celui d\u2019une crise, m\u00eame si le terme est peu adapt\u00e9. D\u2019une crise, on sort, alors que dans celle-ci, on s\u2019enfonce. Beaucoup trop de personnes sont \u00e0 la recherche d\u2019un logement et ne trouvent pas. M\u00eame si en 40 ans, on a pu r\u00e9duire un peu des situations de squat, r\u00e9duire le nombre de tentes sur les trottoirs, de nouveau elles les jonchent. Le constat est difficile. Ce qu\u2019on a fait, n\u2019est pas une anecdote, mais reste dramatiquement insuffisant.\u00a0\u00bb<\/p>\n<p>\u00ab\u00a0Nous travaillons \u00e0 r\u00e9duire la vacance\u00a0\u00bb<\/p>\n<p class=\"question\"><strong>L\u2019acceptabilit\u00e9 du logement social recule encore.<\/strong><\/p>\n<p>\u00ab\u00a0Notre soci\u00e9t\u00e9 a peur du lendemain et manque d\u2019esp\u00e9rance. D\u2019o\u00f9 la tentation d\u2019un repli sur soi. S\u2019ajoute une mont\u00e9e ph\u00e9nom\u00e9nale des charges fonci\u00e8res. M\u00eame les classes moyennes ne trouvent pas leur place. Elles ont&#8230;<\/p>\n","protected":false},"excerpt":{"rendered":"40 ans d\u2019Habitat et Humanisme, \u00e7a se f\u00eate\u00a0? \u00ab\u00a0Non, l\u2019heure n\u2019est pas \u00e0 faire la f\u00eate. Seule une&hellip;\n","protected":false},"author":2,"featured_media":167374,"comment_status":"","ping_status":"","sticky":false,"template":"","format":"standard","meta":{"footnotes":""},"categories":[1889],"tags":[1111,11,2430,2757,1777,674,107,1011,27,1908,2428,2756,12,25,2429,3151,801,104],"class_list":{"0":"post-167373","1":"post","2":"type-post","3":"status-publish","4":"format-standard","5":"has-post-thumbnail","7":"category-lyon","8":"tag-actu","9":"tag-actualites","10":"tag-auvergne-rhone-alpes","11":"tag-edition-lyon-villeurbanne","12":"tag-eu","13":"tag-europe","14":"tag-fil-info","15":"tag-fr","16":"tag-france","17":"tag-logement","18":"tag-lyon","19":"tag-lyon-bassin","20":"tag-news","21":"tag-republique-francaise","22":"tag-rhone","23":"tag-selection-de-la-redaction-69","24":"tag-social","25":"tag-societe"},"share_on_mastodon":{"url":"https:\/\/pubeurope.com\/@fr\/114662989132762791","error":""},"_links":{"self":[{"href":"https:\/\/www.europesays.com\/fr\/wp-json\/wp\/v2\/posts\/167373","targetHints":{"allow":["GET"]}}],"collection":[{"href":"https:\/\/www.europesays.com\/fr\/wp-json\/wp\/v2\/posts"}],"about":[{"href":"https:\/\/www.europesays.com\/fr\/wp-json\/wp\/v2\/types\/post"}],"author":[{"embeddable":true,"href":"https:\/\/www.europesays.com\/fr\/wp-json\/wp\/v2\/users\/2"}],"replies":[{"embeddable":true,"href":"https:\/\/www.europesays.com\/fr\/wp-json\/wp\/v2\/comments?post=167373"}],"version-history":[{"count":0,"href":"https:\/\/www.europesays.com\/fr\/wp-json\/wp\/v2\/posts\/167373\/revisions"}],"wp:featuredmedia":[{"embeddable":true,"href":"https:\/\/www.europesays.com\/fr\/wp-json\/wp\/v2\/media\/167374"}],"wp:attachment":[{"href":"https:\/\/www.europesays.com\/fr\/wp-json\/wp\/v2\/media?parent=167373"}],"wp:term":[{"taxonomy":"category","embeddable":true,"href":"https:\/\/www.europesays.com\/fr\/wp-json\/wp\/v2\/categories?post=167373"},{"taxonomy":"post_tag","embeddable":true,"href":"https:\/\/www.europesays.com\/fr\/wp-json\/wp\/v2\/tags?post=167373"}],"curies":[{"name":"wp","href":"https:\/\/api.w.org\/{rel}","templated":true}]}}