{"id":167377,"date":"2025-06-11T05:07:11","date_gmt":"2025-06-11T05:07:11","guid":{"rendered":"https:\/\/www.europesays.com\/fr\/167377\/"},"modified":"2025-06-11T05:07:11","modified_gmt":"2025-06-11T05:07:11","slug":"voici-les-secteurs-concernes-selon-meteo-france","status":"publish","type":"post","link":"https:\/\/www.europesays.com\/fr\/167377\/","title":{"rendered":"voici les secteurs concern\u00e9s selon M\u00e9t\u00e9o France"},"content":{"rendered":"<p>            Par<br \/>\n        <strong><br \/>\n            <a href=\"https:\/\/actu.fr\/auteur\/thomas-martin\" title=\"Consulter tous les articles de Thomas Martin\" target=\"_blank\" rel=\"noopener\">Thomas Martin<\/a><br \/>\n        <\/strong><\/p>\n<p>        Publi\u00e9 le<\/p>\n<p>            11 juin 2025 \u00e0 6h16        <\/p>\n<p><a href=\"https:\/\/actu.fr\/tag\/vague-de-chaleur\" target=\"_blank\" rel=\"noopener\">Pic de chaleur<\/a> en approche. Les temp\u00e9ratures sont appel\u00e9es \u00e0 <a href=\"https:\/\/actu.fr\/meteo\/un-changement-spectaculaire-de-la-meteo-les-temperatures-vont-grimper-en-fleche-a-paris-et-en-ile-de-france_62745318.html\" target=\"_blank\" rel=\"noopener\">grimper en fl\u00e8che<\/a> \u00e0 Paris et en \u00cele-de-France cette semaine, comme dans le reste de l\u2019Hexagone. Des temp\u00e9ratures estivales, sup\u00e9rieures aux normales de saison sont attendues selon <a href=\"https:\/\/actu.fr\/tag\/meteo-france\" target=\"_blank\" rel=\"noopener\">M\u00e9t\u00e9o-France<\/a> mais elles devraient \u00eatre suivies par des <a href=\"https:\/\/actu.fr\/tag\/orages\" target=\"_blank\" rel=\"noopener\">orages<\/a> dans la r\u00e9gion.\u00a0<\/p>\n<p>Pic de chaleur attendu \u00e0 partir de jeudi \u00e0 Paris et en \u00cele-de-France<\/p>\n<p class=\" wall-content\">L\u2019\u00cele-de-France n\u2019est pas la plus concern\u00e9e d\u2019embl\u00e9e. La chaleur a \u00e9t\u00e9 notable dans le Sud-Ouest d\u00e8s ce mardi et il y fera encore tr\u00e8s chaud ce mercredi avec 35\u00b0C \u00e0 Toulouse ou \u00e0 La Rochelle. Il fera \u00e9galement 35 \u00b0C \u00e0 N\u00eemes ou Limoges. Des pointes \u00e0 36-37 \u00b0C sont pr\u00e9vues entre les Landes, la Gironde, les Charentes, le P\u00e9rigord et le long de la Garonne. \u00ab\u00a0La barre des 30 \u00b0C sera franchie de mani\u00e8re g\u00e9n\u00e9rale au sud de la Loire ainsi que sur une partie de la Bretagne et des Pays de la Loire\u00a0\u00bb, annonce M\u00e9t\u00e9o-France.\u00a0<\/p>\n<p class=\" wall-content\">En comparaison, si le soleil va briller \u00e9galement g\u00e9n\u00e9reusement en \u00cele-de-France, on attend \u00ab\u00a0seulement\u00a0\u00bb 25\u00b0C \u00e0 Paris en d\u00e9but d\u2019apr\u00e8s-midi<\/p>\n<p class=\" wall-content\">Jeudi et vendredi, l\u2019air chaud se d\u00e9calera vers l\u2019est du pays o\u00f9 il fera entre 30 et 34 \u00b0C avec des pics localement \u00e0 35 \u00e0 36 \u00b0C en vall\u00e9e du Rh\u00f4ne. Les Franciliens sentiront la diff\u00e9rence avec la veille.\u00a0<\/p>\n<p class=\" wall-content\">A Paris, les temp\u00e9ratures devraient atteindre les 31\u00b0C. Ils devraient \u00eatre m\u00eame d\u00e9pass\u00e9s ailleurs dans la r\u00e9gion. En petite couronne, les 32\u00b0C pourraient \u00eatre relev\u00e9s et m\u00eame 33\u00b0C dans le sud de la Seine-et-Marne et en Essonne.\u00a0<\/p>\n<p>Vid\u00e9os : en ce moment sur Actu<\/p>\n<p class=\" wall-content\">Si des temp\u00e9ratures \u00e9lev\u00e9es vont se maintenir vendredi, elles pourraient \u00eatre accompagn\u00e9es d\u2019orages car la France va se retrouver entre l\u2019air tr\u00e8s chaud remontant du sud et l\u2019air plus frais encore pr\u00e9sent sur l\u2019Atlantique.\u00a0<\/p>\n<p>    <img   decoding=\"async\" loading=\"lazy\" src=\"https:\/\/www.europesays.com\/fr\/wp-content\/uploads\/2025\/06\/orages-960x640.png\" alt=\"Des orages sont annonc\u00e9s jeudi en \u00cele-de-France\" width=\"960\" height=\"640\"\/><br \/>\n    Des orages sont annonc\u00e9s jeudi en \u00cele-de-France (\u00a9M\u00e9t\u00e9o-France)<\/p>\n<p class=\" wall-content\">Ceux-ci pourraient \u00e9clater d\u00e8s le matin, dans toute la r\u00e9gion, et \u00eatre accompagn\u00e9s de pluie. A l\u2019heure actuelle, il n\u2019est pas exclu qu\u2019ils soient encore pr\u00e9sents sur une partie de l\u2019\u00cele-de-France samedi. Seuls les Yvelines et le Val-d\u2019Oise pourraient alors ne pas \u00eatre concern\u00e9s.\u00a0<\/p>\n<p class=\" wall-content\">Suivez toute l\u2019actualit\u00e9 de vos villes et m\u00e9dias favoris en vous inscrivant \u00e0 <a href=\"https:\/\/moncompte.actu.fr\" title=\"D\u00e9couvez Mon Actu\" rel=\"nofollow noopener\" data-trk=\"{&quot;cta&quot;:{&quot;action&quot;:&quot;https:\\\/\\\/moncompte.actu.fr&quot;,&quot;category&quot;:&quot;mon compte&quot;,&quot;from&quot;:&quot;article footer&quot;,&quot;name&quot;:&quot;Mon actu&quot;,&quot;type&quot;:&quot;cta&quot;}}\" target=\"_blank\">Mon Actu<\/a>.<\/p>\n","protected":false},"excerpt":{"rendered":"Par Thomas Martin Publi\u00e9 le 11 juin 2025 \u00e0 6h16 Pic de chaleur en approche. Les temp\u00e9ratures sont&hellip;\n","protected":false},"author":2,"featured_media":167378,"comment_status":"","ping_status":"","sticky":false,"template":"","format":"standard","meta":{"footnotes":""},"categories":[1592],"tags":[1111,11,1777,674,1011,27,662,2487,2357,12,4594,626,25,15637],"class_list":{"0":"post-167377","1":"post","2":"type-post","3":"status-publish","4":"format-standard","5":"has-post-thumbnail","7":"category-ile-de-france","8":"tag-actu","9":"tag-actualites","10":"tag-eu","11":"tag-europe","12":"tag-fr","13":"tag-france","14":"tag-ile-de-france","15":"tag-meteo","16":"tag-meteo-france","17":"tag-news","18":"tag-orages","19":"tag-paris","20":"tag-republique-francaise","21":"tag-vague-de-chaleur"},"share_on_mastodon":{"url":"https:\/\/pubeurope.com\/@fr\/114663000979865875","error":""},"_links":{"self":[{"href":"https:\/\/www.europesays.com\/fr\/wp-json\/wp\/v2\/posts\/167377","targetHints":{"allow":["GET"]}}],"collection":[{"href":"https:\/\/www.europesays.com\/fr\/wp-json\/wp\/v2\/posts"}],"about":[{"href":"https:\/\/www.europesays.com\/fr\/wp-json\/wp\/v2\/types\/post"}],"author":[{"embeddable":true,"href":"https:\/\/www.europesays.com\/fr\/wp-json\/wp\/v2\/users\/2"}],"replies":[{"embeddable":true,"href":"https:\/\/www.europesays.com\/fr\/wp-json\/wp\/v2\/comments?post=167377"}],"version-history":[{"count":0,"href":"https:\/\/www.europesays.com\/fr\/wp-json\/wp\/v2\/posts\/167377\/revisions"}],"wp:featuredmedia":[{"embeddable":true,"href":"https:\/\/www.europesays.com\/fr\/wp-json\/wp\/v2\/media\/167378"}],"wp:attachment":[{"href":"https:\/\/www.europesays.com\/fr\/wp-json\/wp\/v2\/media?parent=167377"}],"wp:term":[{"taxonomy":"category","embeddable":true,"href":"https:\/\/www.europesays.com\/fr\/wp-json\/wp\/v2\/categories?post=167377"},{"taxonomy":"post_tag","embeddable":true,"href":"https:\/\/www.europesays.com\/fr\/wp-json\/wp\/v2\/tags?post=167377"}],"curies":[{"name":"wp","href":"https:\/\/api.w.org\/{rel}","templated":true}]}}