{"id":167381,"date":"2025-06-11T05:09:14","date_gmt":"2025-06-11T05:09:14","guid":{"rendered":"https:\/\/www.europesays.com\/fr\/167381\/"},"modified":"2025-06-11T05:09:14","modified_gmt":"2025-06-11T05:09:14","slug":"note-confidentielle-de-bercy-vers-un-carnage-social-et-un-demantelement-de-laudiovisuel-public","status":"publish","type":"post","link":"https:\/\/www.europesays.com\/fr\/167381\/","title":{"rendered":"Note confidentielle de Bercy\u00a0: vers un carnage social et un d\u00e9mant\u00e8lement de l&rsquo;audiovisuel public\u00a0?"},"content":{"rendered":"<p>Ass\u00e9cher l\u2019audiovisuel public n\u2019est-il pas la meilleure fa\u00e7on de le tuer\u00a0? Dans la note de Bercy, la cr\u00e9ation d\u2019une holding regrouperait France T\u00e9l\u00e9visions, Radio France, l\u2019INA et France M\u00e9dias Monde (France 24 et RFI), mais ni Arte ni TV5 Monde. Ces pr\u00e9conisations sont d\u00e9j\u00e0 largement avanc\u00e9es\u00a0: elles sont le c\u0153ur de <a href=\"https:\/\/www.humanite.fr\/culture-et-savoir\/assemblee-nationale\/audiovisuel-public-rachida-dati-sacharne-sur-sa-reforme\" target=\"_blank\" rel=\"noopener\">la proposition de loi de la ministre de la Culture Rachida Dati<\/a>, qui devrait passer devant l\u2019Assembl\u00e9e nationale d\u2019ici fin juin.<\/p>\n<p>Ce que pr\u00e9conise Bercy, c\u2019est la fusion de <a href=\"https:\/\/www.humanite.fr\/medias\/audiovisuel-public\/ligne-editoriale-bousculee-degradation-de-la-qualite-de-linformation-ce-qui-va-changer-avec-la-fusion-de-laudiovisuel-public\" target=\"_blank\" rel=\"noopener\">France 24 en fran\u00e7ais et de Franceinfo<\/a>, mais aussi la \u00ab\u00a0mutualisation des correspondants \u00e0 l\u2019\u00e9tranger ainsi que celle des fonctions supports\u00a0\u00bb. Or, les mutualisations, entre France 2, France 3 et France Bleu montrent leurs limites\u00a0: perte de sujets, redondance des reportages, voire ass\u00e8chement des antennes.<\/p>\n<p><img loading=\"lazy\" decoding=\"async\" width=\"850\" height=\"262\" data-wp-class--hide=\"state.isContentHidden\" data-wp-class--show=\"state.isContentVisible\" data-wp-init=\"callbacks.setButtonStyles\" data-wp-on-async--click=\"actions.showLightbox\" data-wp-on-async--load=\"callbacks.setButtonStyles\" data-wp-on-async-window--resize=\"callbacks.setButtonStyles\" src=\"https:\/\/www.europesays.com\/fr\/wp-content\/uploads\/2025\/06\/image-5-doc-eco-1-1.jpg\" alt=\"\" class=\"wp-image-3011092\"  \/><\/p>\n<p>D\u00e9gommer les statuts et licencier \u00e0 tour de bras<\/p>\n<p>Encore plus dangereux et cynique\u00a0: la note \u2013 et c\u2019est l\u2019une des grandes inqui\u00e9tudes des syndicats \u2013 pr\u00e9conise \u00ab\u00a0une fusion ou n\u00e9gociation d\u2019un accord collectif unique\u00a0\u00bb, qui \u00ab\u00a0engendrera une harmonisation des r\u00e9mun\u00e9rations g\u00e9n\u00e9rant d\u2019abord des d\u00e9penses suppl\u00e9mentaires avant l\u2019obtention d\u2019\u00e9conomies\u00a0\u00bb. <\/p>\n<p>Autrement dit\u00a0: on d\u00e9gomme les statuts des uns et des autres, et on licencie \u00e0 tour de bras. La derni\u00e8re harmonisation de ce type, lorsque les cha\u00eenes de t\u00e9l\u00e9vision ont \u00e9t\u00e9 fusionn\u00e9es, en 2009, a n\u00e9cessit\u00e9 quatre ans de n\u00e9gociations, et a co\u00fbt\u00e9 40\u00a0millions d\u2019euros \u00e0 l\u2019\u00c9tat. Elle a aussi cr\u00e9\u00e9 de la casse sociale. Delphine Ernotte, la PDG de France T\u00e9l\u00e9visions, en fait un chantier prioritaire.<\/p>\n<p>Depuis le premier mandat d\u2019Emmanuel Macron, <a href=\"https:\/\/www.humanite.fr\/en-debat\/audiovisuel-public\/comment-sauver-laudiovisuel-public\" target=\"_blank\" rel=\"noopener\">les moyens de ce secteur n\u2019ont cess\u00e9 de baisser<\/a>. La contribution \u00e0 l\u2019audiovisuel public a \u00e9t\u00e9 supprim\u00e9e et remplac\u00e9e par une ponction sur la fraction de la TVA, mais pas de mani\u00e8re p\u00e9renne. La publicit\u00e9 apr\u00e8s 20\u00a0heures a \u00e9t\u00e9 interdite, ce qui a co\u00fbt\u00e9 450\u00a0millions d\u2019euros aux cha\u00eenes publiques.<\/p>\n<p>La note de Bercy s\u2019appuie en permanence sur les \u00e9conomies \u00e0 r\u00e9aliser, quitte \u00e0 casser ces outils, plut\u00f4t que de s\u2019int\u00e9resser aux recettes potentielles. <a href=\"https:\/\/www.humanite.fr\/medias\/audiovisuel-public\/audiovisuel-public-les-personnels-se-rebiffent-contre-lextreme-droite\" target=\"_blank\" rel=\"noopener\">Le RN, qui r\u00eave de privatiser l\u2019audiovisuel public<\/a>, se frotte les mains.<\/p>\n<p>Le m\u00e9dia que les milliardaires ne peuvent pas s\u2019acheter<\/p>\n<p>Nous ne sommes financ\u00e9s par aucun milliardaire. Et nous en sommes fiers\u00a0! Mais nous sommes confront\u00e9s \u00e0 des d\u00e9fis financiers constants. Soutenez-nous\u00a0! Votre don sera d\u00e9fiscalis\u00e9\u00a0: donner 5\u20ac vous reviendra \u00e0 1.65\u20ac. Le prix d\u2019un caf\u00e9.<br \/><a href=\"https:\/\/www.humanite.fr\/lhumanite-cest-vous\" target=\"_blank\" rel=\"noopener\">Je veux en savoir plus\u00a0!<\/a><\/p>\n","protected":false},"excerpt":{"rendered":"Ass\u00e9cher l\u2019audiovisuel public n\u2019est-il pas la meilleure fa\u00e7on de le tuer\u00a0? Dans la note de Bercy, la cr\u00e9ation&hellip;\n","protected":false},"author":2,"featured_media":167382,"comment_status":"","ping_status":"","sticky":false,"template":"","format":"standard","meta":{"footnotes":""},"categories":[1888],"tags":[1111,1928,11,1927,6586,11255,1777,674,1011,27,12,1926,626,1925,417,25],"class_list":{"0":"post-167381","1":"post","2":"type-post","3":"status-publish","4":"format-standard","5":"has-post-thumbnail","7":"category-paris","8":"tag-actu","9":"tag-actu-paris","10":"tag-actualites","11":"tag-actualites-paris","12":"tag-audiovisuel-public","13":"tag-delphine-ernotte","14":"tag-eu","15":"tag-europe","16":"tag-fr","17":"tag-france","18":"tag-news","19":"tag-news-paris","20":"tag-paris","21":"tag-paris-news","22":"tag-rachida-dati","23":"tag-republique-francaise"},"share_on_mastodon":{"url":"https:\/\/pubeurope.com\/@fr\/114663008833123241","error":""},"_links":{"self":[{"href":"https:\/\/www.europesays.com\/fr\/wp-json\/wp\/v2\/posts\/167381","targetHints":{"allow":["GET"]}}],"collection":[{"href":"https:\/\/www.europesays.com\/fr\/wp-json\/wp\/v2\/posts"}],"about":[{"href":"https:\/\/www.europesays.com\/fr\/wp-json\/wp\/v2\/types\/post"}],"author":[{"embeddable":true,"href":"https:\/\/www.europesays.com\/fr\/wp-json\/wp\/v2\/users\/2"}],"replies":[{"embeddable":true,"href":"https:\/\/www.europesays.com\/fr\/wp-json\/wp\/v2\/comments?post=167381"}],"version-history":[{"count":0,"href":"https:\/\/www.europesays.com\/fr\/wp-json\/wp\/v2\/posts\/167381\/revisions"}],"wp:featuredmedia":[{"embeddable":true,"href":"https:\/\/www.europesays.com\/fr\/wp-json\/wp\/v2\/media\/167382"}],"wp:attachment":[{"href":"https:\/\/www.europesays.com\/fr\/wp-json\/wp\/v2\/media?parent=167381"}],"wp:term":[{"taxonomy":"category","embeddable":true,"href":"https:\/\/www.europesays.com\/fr\/wp-json\/wp\/v2\/categories?post=167381"},{"taxonomy":"post_tag","embeddable":true,"href":"https:\/\/www.europesays.com\/fr\/wp-json\/wp\/v2\/tags?post=167381"}],"curies":[{"name":"wp","href":"https:\/\/api.w.org\/{rel}","templated":true}]}}