{"id":167383,"date":"2025-06-11T05:10:13","date_gmt":"2025-06-11T05:10:13","guid":{"rendered":"https:\/\/www.europesays.com\/fr\/167383\/"},"modified":"2025-06-11T05:10:13","modified_gmt":"2025-06-11T05:10:13","slug":"paris-en-2026-la-taxe-de-sejour-des-hotels-de-luxe-augmentera-de-33-centimes-deuros","status":"publish","type":"post","link":"https:\/\/www.europesays.com\/fr\/167383\/","title":{"rendered":"Paris\u00a0: en 2026, la taxe de s\u00e9jour des h\u00f4tels de luxe augmentera de\u2026 33\u00a0centimes d\u2019euros"},"content":{"rendered":"<p class=\"paragraph text_align_left\">Combien co\u00fbte une nuit dans un palace \u00e0 Paris ? Pour un s\u00e9jour d\u2019une nuit\u00e9e du 11 au 12 juin au Bristol <a href=\"https:\/\/www.leparisien.fr\/paris-75\/paris-de-vendome-aux-champs-elysees-les-quartiers-de-prestige-sunissent-pour-accroitre-leur-pouvoir-dinfluence-10-06-2025-34LL66KWZVDO3BYBCTGLASROO4.php\" target=\"_blank\" rel=\"noreferrer nofollow noopener\">rue du Faubourg Saint-Honor\u00e9<\/a> (VIIIe), la \u00ab chambre double sup\u00e9rieure \u00bb de 40 m2 et meubl\u00e9e dans le style Louis XV ou Louis XVI pour un adulte est \u00e0 2 105,60 euros. La nuit dans la \u00ab suite imp\u00e9riale \u00bb, la plus grande de l\u2019\u00e9tablissement, vous sera factur\u00e9e 45 016 euros. Pour ces deux prix, la taxe de s\u00e9jour est comprise et de somme \u00e9gale : 15,60 euros par personne (et par nuit).<\/p>\n<p class=\"paragraph text_align_left\">Son montant va augmenter au 1er janvier 2026 en vue de la revalorisation du plafond national. \u00c0 Paris, les palaces et les h\u00e9bergements (h\u00f4tels, meubl\u00e9s et r\u00e9sidences) class\u00e9s 5 \u00e9toiles sont concern\u00e9s. Tel est le fruit d\u2019une d\u00e9lib\u00e9ration adopt\u00e9e lors du dernier Conseil de Paris, bien que non d\u00e9battue faute de temps.<\/p>\n","protected":false},"excerpt":{"rendered":"Combien co\u00fbte une nuit dans un palace \u00e0 Paris ? Pour un s\u00e9jour d\u2019une nuit\u00e9e du 11 au&hellip;\n","protected":false},"author":2,"featured_media":167384,"comment_status":"","ping_status":"","sticky":false,"template":"","format":"standard","meta":{"footnotes":""},"categories":[1888],"tags":[11,33,1777,674,1011,27,1944,12,626,25],"class_list":{"0":"post-167383","1":"post","2":"type-post","3":"status-publish","4":"format-standard","5":"has-post-thumbnail","7":"category-paris","8":"tag-actualites","9":"tag-economie","10":"tag-eu","11":"tag-europe","12":"tag-fr","13":"tag-france","14":"tag-ma-ville","15":"tag-news","16":"tag-paris","17":"tag-republique-francaise"},"share_on_mastodon":{"url":"https:\/\/pubeurope.com\/@fr\/114663012722840758","error":""},"_links":{"self":[{"href":"https:\/\/www.europesays.com\/fr\/wp-json\/wp\/v2\/posts\/167383","targetHints":{"allow":["GET"]}}],"collection":[{"href":"https:\/\/www.europesays.com\/fr\/wp-json\/wp\/v2\/posts"}],"about":[{"href":"https:\/\/www.europesays.com\/fr\/wp-json\/wp\/v2\/types\/post"}],"author":[{"embeddable":true,"href":"https:\/\/www.europesays.com\/fr\/wp-json\/wp\/v2\/users\/2"}],"replies":[{"embeddable":true,"href":"https:\/\/www.europesays.com\/fr\/wp-json\/wp\/v2\/comments?post=167383"}],"version-history":[{"count":0,"href":"https:\/\/www.europesays.com\/fr\/wp-json\/wp\/v2\/posts\/167383\/revisions"}],"wp:featuredmedia":[{"embeddable":true,"href":"https:\/\/www.europesays.com\/fr\/wp-json\/wp\/v2\/media\/167384"}],"wp:attachment":[{"href":"https:\/\/www.europesays.com\/fr\/wp-json\/wp\/v2\/media?parent=167383"}],"wp:term":[{"taxonomy":"category","embeddable":true,"href":"https:\/\/www.europesays.com\/fr\/wp-json\/wp\/v2\/categories?post=167383"},{"taxonomy":"post_tag","embeddable":true,"href":"https:\/\/www.europesays.com\/fr\/wp-json\/wp\/v2\/tags?post=167383"}],"curies":[{"name":"wp","href":"https:\/\/api.w.org\/{rel}","templated":true}]}}