{"id":167387,"date":"2025-06-11T05:12:09","date_gmt":"2025-06-11T05:12:09","guid":{"rendered":"https:\/\/www.europesays.com\/fr\/167387\/"},"modified":"2025-06-11T05:12:09","modified_gmt":"2025-06-11T05:12:09","slug":"la-slovaquie-pourrait-bloquer-les-sanctions-europeennes-contre-la-russie","status":"publish","type":"post","link":"https:\/\/www.europesays.com\/fr\/167387\/","title":{"rendered":"La Slovaquie pourrait bloquer les sanctions europ\u00e9ennes contre la Russie"},"content":{"rendered":"<p class=\"ap-StoryElement ap-StoryElement--mb ap-StoryText\">La fin du transit de gaz russe via l&rsquo;Ukraine a mis sous pression son approvisionnement, donn\u00e9 lieu \u00e0 un diff\u00e9rend avec Kiev et nourri de vives inqui\u00e9tudes \u00e0 Bratislava.<\/p>\n<p class=\"ap-StoryElement ap-StoryElement--mb ap-StoryText\">La semaine derni\u00e8re, le Parlement slovaque a approuv\u00e9 \u00e0 une faible majorit\u00e9 une r\u00e9solution non-contraignante exhortant les repr\u00e9sentants du gouvernement \u00e0 s&rsquo;opposer \u00e0 toute future sanction qui pourrait nuire \u00e0 l&rsquo;\u00e9conomie nationale.<\/p>\n<p class=\"ap-StoryElement ap-StoryElement--mb ap-StoryText\">M. Fico a critiqu\u00e9 \u00e0 plusieurs reprises les sanctions europ\u00e9ennes, arguant qu&rsquo;elles nuiraient davantage \u00e0 la Slovaquie qu&rsquo;\u00e0 la Russie.<\/p>\n<p class=\"ap-StoryElement ap-StoryElement--mb ap-StoryText\">Cependant, contrairement \u00e0 la Hongrie, le gouvernement slovaque a toujours approuv\u00e9 les paquets de sanctions contre la Russie sans exception.<\/p>\n<p class=\"ap-StoryElement ap-StoryElement--mb ap-StoryText\">La Slovaquie, tout comme la Hongrie et initialement la R\u00e9publique tch\u00e8que, a obtenu une exemption temporaire de l&rsquo;interdiction de l&rsquo;UE sur les importations de p\u00e9trole russe afin de lui donner le temps de d\u00e9velopper d&rsquo;autres voies d&rsquo;approvisionnement.<\/p>\n","protected":false},"excerpt":{"rendered":"La fin du transit de gaz russe via l&rsquo;Ukraine a mis sous pression son approvisionnement, donn\u00e9 lieu \u00e0&hellip;\n","protected":false},"author":2,"featured_media":2837,"comment_status":"","ping_status":"","sticky":false,"template":"","format":"standard","meta":{"footnotes":""},"categories":[1591],"tags":[11,893,674,1887,12,1885,1886,132,10845,220],"class_list":{"0":"post-167387","1":"post","2":"type-post","3":"status-publish","4":"format-standard","5":"has-post-thumbnail","7":"category-russie","8":"tag-actualites","9":"tag-energie","10":"tag-europe","11":"tag-federation-de-russie","12":"tag-news","13":"tag-russia","14":"tag-russian-federation","15":"tag-russie","16":"tag-slovaquie","17":"tag-ukraine"},"share_on_mastodon":{"url":"https:\/\/pubeurope.com\/@fr\/114663020821636271","error":""},"_links":{"self":[{"href":"https:\/\/www.europesays.com\/fr\/wp-json\/wp\/v2\/posts\/167387","targetHints":{"allow":["GET"]}}],"collection":[{"href":"https:\/\/www.europesays.com\/fr\/wp-json\/wp\/v2\/posts"}],"about":[{"href":"https:\/\/www.europesays.com\/fr\/wp-json\/wp\/v2\/types\/post"}],"author":[{"embeddable":true,"href":"https:\/\/www.europesays.com\/fr\/wp-json\/wp\/v2\/users\/2"}],"replies":[{"embeddable":true,"href":"https:\/\/www.europesays.com\/fr\/wp-json\/wp\/v2\/comments?post=167387"}],"version-history":[{"count":0,"href":"https:\/\/www.europesays.com\/fr\/wp-json\/wp\/v2\/posts\/167387\/revisions"}],"wp:featuredmedia":[{"embeddable":true,"href":"https:\/\/www.europesays.com\/fr\/wp-json\/wp\/v2\/media\/2837"}],"wp:attachment":[{"href":"https:\/\/www.europesays.com\/fr\/wp-json\/wp\/v2\/media?parent=167387"}],"wp:term":[{"taxonomy":"category","embeddable":true,"href":"https:\/\/www.europesays.com\/fr\/wp-json\/wp\/v2\/categories?post=167387"},{"taxonomy":"post_tag","embeddable":true,"href":"https:\/\/www.europesays.com\/fr\/wp-json\/wp\/v2\/tags?post=167387"}],"curies":[{"name":"wp","href":"https:\/\/api.w.org\/{rel}","templated":true}]}}