{"id":167388,"date":"2025-06-11T05:13:14","date_gmt":"2025-06-11T05:13:14","guid":{"rendered":"https:\/\/www.europesays.com\/fr\/167388\/"},"modified":"2025-06-11T05:13:14","modified_gmt":"2025-06-11T05:13:14","slug":"ukraine-deux-morts-et-54-blesses-dans-de-nouvelles-frappes-russes-sur-kharkiv","status":"publish","type":"post","link":"https:\/\/www.europesays.com\/fr\/167388\/","title":{"rendered":"Ukraine: deux morts et 54 bless\u00e9s dans de nouvelles frappes russes sur Kharkiv"},"content":{"rendered":"<p>La Russie et l&rsquo;Ukraine ont proc\u00e9d\u00e9 mardi \u00e0 la deuxi\u00e8me phase d&rsquo;un <a href=\"https:\/\/www.nicematin.com\/conflits\/attaque-russe-massive-sur-kiev-avant-un-deuxieme-echange-de-prisonniers-987208\" target=\"_blank\" rel=\"noopener\">\u00e9change d&rsquo;ampleur de prisonniers de guerre<\/a>, seule avanc\u00e9e concr\u00e8te de r\u00e9cents pourparlers de paix \u00e0 Istanbul.<\/p>\n<p>Mais ceux-ci sont dans l&rsquo;impasse et <a href=\"https:\/\/www.nicematin.com\/conflits\/de-nouvelles-frappes-russes-font-cinq-morts-en-ukraine-989200\" target=\"_blank\" rel=\"noopener\">les attaques nocturnes<\/a> visant la population civile ukrainienne se poursuivent \u00e0 un rythme soutenu.<\/p>\n<p>Celle visant Kharkiv dans la nuit de mardi \u00e0 mercredi a fait deux morts et au moins 54 bless\u00e9s, a indiqu\u00e9 le maire, Igor Terekhov.<\/p>\n<p>\u00ab\u00a0Dix-sept frappes de drones ont eu lieu dans deux districts\u00a0\u00bb de cette ville \u00e0 majorit\u00e9 russophone, a-t-il pr\u00e9cis\u00e9. Huit des bless\u00e9s sont des enfants, selon les services de secours.<\/p>\n<p>\u00a0<\/p>\n<p>              <img ci-src=\"https:\/\/www.nicematin.com\/conflits\/afp\/bf7ddfc4c509021b6f8ed043f5ca2a95e68e14b1-4KxtKtj9.jpg?vh=a130c0&amp;ci_seal=f67bc46800\" alt=\"\"\/><br \/>\n        Un pompier \u00e9teint un incendie \u00e0 Kharkiv, le 7 juin 2025 <strong>AFP\/Archives \/ SERGEY BOBOK.<\/strong> <\/p>\n<p>Les frappes ont eu lieu \u00ab\u00a0vers 0h30\u00a0\u00bb (21h30 GMT mardi) et ont touch\u00e9 notamment des immeubles d&rsquo;habitation, a pr\u00e9cis\u00e9 le bureau du procureur local, soulignant que l&rsquo;arme utilis\u00e9e avait \u00e9t\u00e9 des Geran-2, la version russe du drone iranien Shahed.<\/p>\n<p>Situ\u00e9e \u00e0 moins de 50 km de la fronti\u00e8re russe, Kharkiv voit se multiplier les attaques nocturnes d&rsquo;ampleur depuis une semaine, comme l&rsquo;ensemble du pays.<\/p>\n<p>Elle avait connu dans la nuit de vendredi \u00e0 samedi son \u00ab\u00a0attaque la plus puissante depuis le d\u00e9but de la guerre\u00a0\u00bb en f\u00e9vrier, avec une cinquantaine d&rsquo;explosions. Deux personnes avaient alors \u00e9t\u00e9 tu\u00e9es et 17 bless\u00e9es.<\/p>\n<p> \u00ab\u00a0Action concr\u00e8te\u00a0\u00bb <\/p>\n<p>A l&rsquo;\u00e9chelle nationale, la Russie a lanc\u00e9 sur l&rsquo;Ukraine 315 drones explosifs dans la nuit de lundi \u00e0 mardi, faisant trois morts et 13 bless\u00e9s.<\/p>\n<p>L&rsquo;Ukraine en parall\u00e8le multiplie \u00e9galement les attaques de drones sur la Russie, mais dit viser essentiellement des \u00e9quipements strat\u00e9giques.<\/p>\n<p>\u00a0<\/p>\n<p>              <img ci-src=\"https:\/\/www.nicematin.com\/conflits\/afp\/3446830897a6451073210fb9e9298a3dd0a4fbf2-tTYS2foG.jpg?vh=91da8a&amp;ci_seal=38cb5faf11\" alt=\"\"\/><br \/>\n        Un pompier combat un incendie \u00e0 Kharkiv, le 7 juin 2025 <strong>AFP\/Archives \/ SERGEY BOBOK.<\/strong> <\/p>\n<p>Mardi, une personne a toutefois \u00e9t\u00e9 tu\u00e9e et quatre autres bless\u00e9es dans une attaque de drone ayant d\u00e9truit une sup\u00e9rette dans la r\u00e9gion russe de Belgorod, selon le gouverneur Viatcheslav Gladkov.<\/p>\n<p>Dans ce contexte, les deux pays ont tout de m\u00eame proc\u00e9d\u00e9 mardi \u00e0 la deuxi\u00e8me phase d&rsquo;un \u00e9change d&rsquo;ampleur de prisonniers de guerre d\u00e9cid\u00e9 lors de pourparlers direct \u00e0 Istanbul d\u00e9but juin.<\/p>\n<p>Les deux capitales n&rsquo;ont pas pr\u00e9cis\u00e9 \u00e0 ce stade le nombre de soldats impliqu\u00e9s dans cet \u00e9change, dont la premi\u00e8re phase avait eu lieu lundi.<\/p>\n<p>Apr\u00e8s les frappes de la nuit de lundi \u00e0 mardi, le pr\u00e9sident ukrainien Volodymyr Zelensky a jug\u00e9 \u00ab\u00a0vital\u00a0\u00bb que la r\u00e9ponse \u00ab\u00a0ne soit pas le silence du monde, mais une action concr\u00e8te\u00a0\u00bb.<\/p>\n<p>Il a appel\u00e9 \u00e0 \u00ab\u00a0une action de l&rsquo;Am\u00e9rique, qui a le pouvoir de contraindre la Russie \u00e0 la paix\u00a0\u00bb et \u00e0 \u00ab\u00a0une action de l&rsquo;Europe, qui n&rsquo;a pas d&rsquo;autre choix que d&rsquo;\u00eatre forte\u00a0\u00bb.<\/p>\n<p>Apr\u00e8s avoir promis en vain de r\u00e9gler le conflit en quelques heures et renou\u00e9 \u00e0 cette fin <a href=\"https:\/\/www.nicematin.com\/conflits\/je-crois-qu-il-veut-y-mettre-fin-ce-qu-il-faut-retenir-de-l-appel-entre-vladimir-poutine-et-donald-trump-986588\" target=\"_blank\" rel=\"noopener\">le contact avec son homologue russe Vladimir Poutine<\/a>, le pr\u00e9sident am\u00e9ricain Donald Trump s&rsquo;est mis en retrait du conflit ces derni\u00e8res semaines.<\/p>\n<p>Il a notamment compar\u00e9 l&rsquo;invasion russe de l&rsquo;Ukraine \u00e0 \u00ab\u00a0des jeunes enfants qui se battent\u00a0\u00bb, sous-entendant qu&rsquo;il pourrait laisser la guerre se poursuivre.<\/p>\n<p>Les Europ\u00e9ens de leur c\u00f4t\u00e9, apr\u00e8s avoir menac\u00e9 la Russie de nouvelles \u00ab\u00a0sanctions massives\u00a0\u00bb si comme cela a \u00e9t\u00e9 le cas Moscou refusait un cessez-le-feu, peinent \u00e0 trouver une r\u00e9ponse sans le soutien de Washington.<\/p>\n<p>Moscou a rejet\u00e9 la tr\u00eave \u00ab\u00a0inconditionnelle\u00a0\u00bb voulue par Kiev et les Europ\u00e9ens, tandis que l&rsquo;Ukraine a qualifi\u00e9 d'\u00a0\u00bbultimatums\u00a0\u00bb les demandes russes.<\/p>\n","protected":false},"excerpt":{"rendered":"La Russie et l&rsquo;Ukraine ont proc\u00e9d\u00e9 mardi \u00e0 la deuxi\u00e8me phase d&rsquo;un \u00e9change d&rsquo;ampleur de prisonniers de guerre,&hellip;\n","protected":false},"author":2,"featured_media":167389,"comment_status":"","ping_status":"","sticky":false,"template":"","format":"standard","meta":{"footnotes":""},"categories":[1590],"tags":[11,10411,1777,674,12,220],"class_list":{"0":"post-167388","1":"post","2":"type-post","3":"status-publish","4":"format-standard","5":"has-post-thumbnail","7":"category-ukraine","8":"tag-actualites","9":"tag-conflits","10":"tag-eu","11":"tag-europe","12":"tag-news","13":"tag-ukraine"},"share_on_mastodon":{"url":"https:\/\/pubeurope.com\/@fr\/114663024511434360","error":""},"_links":{"self":[{"href":"https:\/\/www.europesays.com\/fr\/wp-json\/wp\/v2\/posts\/167388","targetHints":{"allow":["GET"]}}],"collection":[{"href":"https:\/\/www.europesays.com\/fr\/wp-json\/wp\/v2\/posts"}],"about":[{"href":"https:\/\/www.europesays.com\/fr\/wp-json\/wp\/v2\/types\/post"}],"author":[{"embeddable":true,"href":"https:\/\/www.europesays.com\/fr\/wp-json\/wp\/v2\/users\/2"}],"replies":[{"embeddable":true,"href":"https:\/\/www.europesays.com\/fr\/wp-json\/wp\/v2\/comments?post=167388"}],"version-history":[{"count":0,"href":"https:\/\/www.europesays.com\/fr\/wp-json\/wp\/v2\/posts\/167388\/revisions"}],"wp:featuredmedia":[{"embeddable":true,"href":"https:\/\/www.europesays.com\/fr\/wp-json\/wp\/v2\/media\/167389"}],"wp:attachment":[{"href":"https:\/\/www.europesays.com\/fr\/wp-json\/wp\/v2\/media?parent=167388"}],"wp:term":[{"taxonomy":"category","embeddable":true,"href":"https:\/\/www.europesays.com\/fr\/wp-json\/wp\/v2\/categories?post=167388"},{"taxonomy":"post_tag","embeddable":true,"href":"https:\/\/www.europesays.com\/fr\/wp-json\/wp\/v2\/tags?post=167388"}],"curies":[{"name":"wp","href":"https:\/\/api.w.org\/{rel}","templated":true}]}}