{"id":167394,"date":"2025-06-11T05:16:18","date_gmt":"2025-06-11T05:16:18","guid":{"rendered":"https:\/\/www.europesays.com\/fr\/167394\/"},"modified":"2025-06-11T05:16:18","modified_gmt":"2025-06-11T05:16:18","slug":"allemagne-les-femmes-etrangeres-plus-violentes-que-les-hommes-autochtones-un-constat-statistique-qui-interroge","status":"publish","type":"post","link":"https:\/\/www.europesays.com\/fr\/167394\/","title":{"rendered":"Allemagne. Les femmes \u00e9trang\u00e8res plus violentes que les hommes autochtones ? Un constat statistique qui interroge"},"content":{"rendered":"<p>Un rapport r\u00e9cent des\u00a0<a href=\"https:\/\/www.bka.de\/EN\/CurrentInformation\/Statistics\/PoliceCrimeStatistics\/policecrimestatistics_node.html\" target=\"_blank\" rel=\"noopener\"><strong>Police Criminal Statistics<\/strong>\u00a0<\/a>(PKS) en Allemagne modifie radicalement la vision traditionnelle sur la criminalit\u00e9 en dresser un portrait bien diff\u00e9rent de ce que l\u2019on croit.<\/p>\n<p><a href=\"https:\/\/rmx.news\/article\/are-men-really-behind-the-crime-problem-german-statistics-show-foreign-women-are-more-violent\/\" target=\"_blank\" rel=\"noopener\">Selon les donn\u00e9es 2024,<\/a> pour 100\u202f000 habitants,\u00a0<strong>272 hommes allemands<\/strong>\u00a0sont suspect\u00e9s d\u2019infractions violentes. En revanche, plusieurs cat\u00e9gories de\u00a0<strong>femmes \u00e9trang\u00e8res<\/strong>\u00a0d\u00e9passent nettement ce ratio :<\/p>\n<ul>\n<li><strong>336 Syriennes<\/strong><\/li>\n<li><strong>359 Afghanes<\/strong><\/li>\n<li><strong>371 Serbes<\/strong><\/li>\n<li><strong>394 Irakiennes<\/strong><\/li>\n<li><strong>359\u202fBulgares<\/strong><\/li>\n<\/ul>\n<p>\u00c0 titre de comparaison, seulement\u00a0<strong>60 femmes allemandes<\/strong>\u00a0sont suspect\u00e9es pour crimes violents. Ce constat inattendu remet en question le st\u00e9r\u00e9otype selon lequel les hommes seraient syst\u00e9matiquement \u00e0 l\u2019origine de la violence. Il met en lumi\u00e8re la r\u00e9alit\u00e9 : au sein de certaines communaut\u00e9s immigr\u00e9es, m\u00eame les femmes participent significativement au ph\u00e9nom\u00e8ne de violence.<\/p>\n<p>Et quid des hommes ? Une r\u00e9alit\u00e9 choquante<\/p>\n<p>\u00c0 l\u2019\u00e9chelle masculine, les contrastes sont saisissants :<\/p>\n<ul>\n<li><strong>2\u202f608 Syriens<\/strong><\/li>\n<li><strong>2\u202f479 Irakiens<\/strong><\/li>\n<li><strong>2\u202f409 Afghans<\/strong><\/li>\n<li><strong>3\u202f388 Marocains<\/strong><\/li>\n<\/ul>\n<p>Ces chiffres repr\u00e9sentent une surrepr\u00e9sentation de\u00a0<strong>plus de 900 \u00e0 1\u202f100\u202f%<\/strong>\u00a0par rapport \u00e0 la population masculine allemande. Les hommes originaires de pays comme la Syrie ou le Maroc pr\u00e9sentent des taux de suspicion pour crimes violents\u00a0<strong>9 \u00e0 12 fois<\/strong>\u00a0sup\u00e9rieurs \u00e0 ceux des Allemands natifs.<\/p>\n<p>Une faillite des politiques migratoires ?<\/p>\n<p>Les autorit\u00e9s allemandes commencent timidement \u00e0 reconna\u00eetre l\u2019ampleur du ph\u00e9nom\u00e8ne. Mais, en France et ailleurs, peu s\u2019interrogent sur les\u00a0<strong>choix politiques<\/strong>\u00a0ayant permis des vagues d\u2019immigration sans contr\u00f4le effectif.<\/p>\n<p>Pourquoi accueillir des populations \u00e0 risque sans dispositifs de <strong>s\u00e9lection<\/strong>,\u00a0<strong>int\u00e9gration<\/strong>, ou\u00a0<strong>suivi<\/strong> renforc\u00e9s ? Un d\u00e9bat importe : pourquoi la violence import\u00e9e est-elle une donn\u00e9e presque occult\u00e9e dans les discours officiels ?<\/p>\n<p>Ce constat met un miroir cru devant nos soci\u00e9t\u00e9s : l\u2019immigration massive, sans adaptation ni tri, peut faire na\u00eetre des tensions durables. \u00c0 l\u2019heure o\u00f9 les fractures sociales se creusent, o\u00f9 notre mod\u00e8le repose sur la coh\u00e9sion r\u00e9publicaine, ces donn\u00e9es ne sauraient \u00eatre ignor\u00e9es.<\/p>\n<p>Le d\u00e9bat est lanc\u00e9 :\u00a0<strong>assumer la r\u00e9alit\u00e9 statistique pour mieux orienter les politiques migratoires<\/strong>\u00a0ou se retrancher dans un discours id\u00e9ologique d\u00e9connect\u00e9 des faits ?<\/p>\n<p>Cr\u00e9dit photo : DR<\/p>\n<p>[cc]\u00a0<a class=\"vglnk\" href=\"https:\/\/www.breizh-info.com\/\" target=\"_blank\" rel=\"nofollow noopener noreferrer\" data-wpel-link=\"external\">Breizh-info.com<\/a>, 2025 d\u00e9p\u00eaches libres de copie et de diffusion sous r\u00e9serve de mention et de lien vers la source d\u2019origine<\/p>\n","protected":false},"excerpt":{"rendered":"Un rapport r\u00e9cent des\u00a0Police Criminal Statistics\u00a0(PKS) en Allemagne modifie radicalement la vision traditionnelle sur la criminalit\u00e9 en dresser&hellip;\n","protected":false},"author":2,"featured_media":167395,"comment_status":"","ping_status":"","sticky":false,"template":"","format":"standard","meta":{"footnotes":""},"categories":[1587],"tags":[11,672,1804,1805,1803,1777,674,4651,1801,1061,12,1802,809],"class_list":{"0":"post-167394","1":"post","2":"type-post","3":"status-publish","4":"format-standard","5":"has-post-thumbnail","7":"category-allemagne","8":"tag-actualites","9":"tag-allemagne","10":"tag-bundesrepublik-deutschland","11":"tag-de","12":"tag-deutschland","13":"tag-eu","14":"tag-europe","15":"tag-femmes","16":"tag-germany","17":"tag-immigration","18":"tag-news","19":"tag-republique-federale-dallemagne","20":"tag-violence"},"share_on_mastodon":{"url":"https:\/\/pubeurope.com\/@fr\/114663036374695409","error":""},"_links":{"self":[{"href":"https:\/\/www.europesays.com\/fr\/wp-json\/wp\/v2\/posts\/167394","targetHints":{"allow":["GET"]}}],"collection":[{"href":"https:\/\/www.europesays.com\/fr\/wp-json\/wp\/v2\/posts"}],"about":[{"href":"https:\/\/www.europesays.com\/fr\/wp-json\/wp\/v2\/types\/post"}],"author":[{"embeddable":true,"href":"https:\/\/www.europesays.com\/fr\/wp-json\/wp\/v2\/users\/2"}],"replies":[{"embeddable":true,"href":"https:\/\/www.europesays.com\/fr\/wp-json\/wp\/v2\/comments?post=167394"}],"version-history":[{"count":0,"href":"https:\/\/www.europesays.com\/fr\/wp-json\/wp\/v2\/posts\/167394\/revisions"}],"wp:featuredmedia":[{"embeddable":true,"href":"https:\/\/www.europesays.com\/fr\/wp-json\/wp\/v2\/media\/167395"}],"wp:attachment":[{"href":"https:\/\/www.europesays.com\/fr\/wp-json\/wp\/v2\/media?parent=167394"}],"wp:term":[{"taxonomy":"category","embeddable":true,"href":"https:\/\/www.europesays.com\/fr\/wp-json\/wp\/v2\/categories?post=167394"},{"taxonomy":"post_tag","embeddable":true,"href":"https:\/\/www.europesays.com\/fr\/wp-json\/wp\/v2\/tags?post=167394"}],"curies":[{"name":"wp","href":"https:\/\/api.w.org\/{rel}","templated":true}]}}