{"id":167419,"date":"2025-06-11T05:31:10","date_gmt":"2025-06-11T05:31:10","guid":{"rendered":"https:\/\/www.europesays.com\/fr\/167419\/"},"modified":"2025-06-11T05:31:10","modified_gmt":"2025-06-11T05:31:10","slug":"et-cette-fois-cest-pour-de-bon-ophelie-winter-hackee-elle-fait-une-grande-annonce-a-ses-abonnes","status":"publish","type":"post","link":"https:\/\/www.europesays.com\/fr\/167419\/","title":{"rendered":"\u00ab\u00a0Et cette fois, c\u2019est pour de bon !\u00a0\u00bb, Oph\u00e9lie Winter hack\u00e9e, elle fait une grande annonce \u00e0 ses abonn\u00e9s"},"content":{"rendered":"<p>Un soulagement pour <a href=\"https:\/\/www.public.fr\/tag\/ophelie-winter\" target=\"_blank\" rel=\"noopener\">Oph\u00e9lie Winter<\/a>. Depuis quelques jours, nombre d\u2019internautes se demandaient si les r\u00e9seaux sociaux de <a href=\"https:\/\/vsd.fr\/tag\/ophelie-winter\/\" target=\"_blank\" rel=\"noopener\">la chanteuse de 51 ans<\/a> <strong>avaient \u00e9t\u00e9 pirat\u00e9s<\/strong>. Visiblement, cela \u00e9tait le cas \u00e0 en croire la derni\u00e8re publication de l\u2019interpr\u00e8te de <strong>\u00ab\u00a0Dieu m\u2019a donn\u00e9 la foi\u00a0\u00bb<\/strong>.\u00a0<\/p>\n<p>Ces derni\u00e8res semaines, <a href=\"https:\/\/www.public.fr\/ophelie-winter-en-larmes-dans-c-a-vous-en-revoyant-prince-grosse-revelation-sur-ce-quils-faisaient-a-deux-en-studio\" target=\"_blank\" rel=\"noopener\">l\u2019ancienne acolyte de Prince<\/a> a fait parler d\u2019elle. Outre le piratage de ses comptes, <a href=\"https:\/\/www.public.fr\/il-me-regardait-les-fesses-le-decollete-cest-honteux-ophelie-winter-outree-par-son-passage-dans-cette-celebre-emission-francaise\" target=\"_blank\" rel=\"noopener\">son passage dans <strong>\u00ab\u00a0C \u00e0 Vous\u00a0\u00bb<\/strong><\/a><strong>,<\/strong> le mardi 27 mai 2025 a beaucoup \u00e9tonn\u00e9. Notamment parce qu\u2019en seize ans, elle n\u2019avait jamais accept\u00e9 aucune invitation de la quotidienne de France 5.<\/p>\n<p>Justifiant ce refus par le fait qu\u2019elle \u00ab\u00a0vive dans les \u00eeles\u00a0\u00bb, Oph\u00e9lie Winter a finalement reconnu qu\u2019elle n\u2019\u00e9tait pas une grande fan des interviews\u00a0et des plateaux de t\u00e9l\u00e9vision. Sans doute parce qu\u2019elle sait \u00e0 quel point les r\u00e9seaux sociaux peuvent entrainer de violentes critiques.<\/p>\n<p>Oph\u00e9lie Winter violemment critiqu\u00e9e apr\u00e8s son passage dans \u00ab\u00a0C \u00e0 Vous\u00a0\u00bb<\/p>\n<p>Et justement, la chanteuse de 51 ans en a fait les frais apr\u00e8s son passage. En effet, nombre d\u2019internautes ont violemment critiqu\u00e9 l\u2019artiste. <\/p>\n<p>\u00ab\u00a0Faut r\u00e9instaurer la peine de mort pour le dentiste qui lui a fait des dents blanches fluorescentes\u00a0\u00bb, \u00ab\u00a0C\u2019est quoi ce truc en plastique ?\u00a0\u00bb, \u00ab\u00a0On dirait Loana\u00a0\u00bb, \u00ab\u00a0Elle a pris tellement de coco qu&rsquo;elle n&rsquo;a plus de cloison nasale\u00a0\u00bb, \u00ab\u00a0L\u2019\u00e9pouvantail qui fait peur \u00e0 tous les gosses\u00a0\u00bb, ont l\u00e2ch\u00e9 certains d\u2019entre eux\u2026<\/p>\n<p>Heureusement, d\u2019autres ont apport\u00e9 leur soutien \u00e0 Oph\u00e9lie Winter face au torrent de haine auquel elle faisait face. \u00ab\u00a0Cela fait plaisir de la revoir. Elle s\u2019en est sortie et c\u2019est tant mieux\u00a0\u00bb, \u00ab\u00a0Je voudrais bien voir la gueule des gens qui la critiquent&#8230; c&rsquo;est bien facile de le faire derri\u00e8re son petit \u00e9cran\u00a0\u00bb, ont r\u00e9agi nombre de fid\u00e8les de la chanteuse.<\/p>\n<p>La chanteuse r\u00e9cup\u00e8re ses r\u00e9seaux sociaux<\/p>\n<p>Les m\u00eames fid\u00e8les qui se sont r\u00e9jouis de l\u2019annonce de la chanteuse il y a quelques heures. En effet, l\u2019ancienne acolyte de Prince a pris la parole sur son compte Instagram ce mardi 10 juin 2025 afin de rassurer sa communaut\u00e9.<\/p>\n<p>Visiblement victime d\u2019un piratage depuis quelques jours, Oph\u00e9lie Winter a finalement r\u00e9ussi \u00e0 r\u00e9cup\u00e9rer son compte. \u00ab\u00a0Guess who\u2019s back ?! <strong>Apr\u00e8s m\u2019\u00eatre fait hacker, j\u2019ai enfin r\u00e9cup\u00e9r\u00e9 mon compte Insta\u2026 et cette fois, c\u2019est pour de bon<\/strong> ! Vous m\u2019avez grave manqu\u00e9 mes amours\u00a0\u00bb, a-t-elle annonc\u00e9 dans un premier temps.<\/p>\n<p>Avant de poursuivre : \u00ab\u00a0Trop heureuse de vous retrouver ici. Petit flashback sur deux jours de folie avec la troupe de Stars 80-90\u2026 \u00e9nergie de dingue, vibes r\u00e9tro, que du love et des paillettes. Merci pour votre patience, votre soutien, vos messages\u2026 Vous \u00eates les meilleurs\u00a0\u00bb, en l\u00e9gende de deux clich\u00e9s dont un, dans lequel elle prend la pose avec H\u00e9l\u00e8ne S\u00e9gara.\u00a0<\/p>\n<p>      Mentionn\u00e9s dans cet article<\/p>\n<p>\u00c0 lire aussi<\/p>\n","protected":false},"excerpt":{"rendered":"Un soulagement pour Oph\u00e9lie Winter. Depuis quelques jours, nombre d\u2019internautes se demandaient si les r\u00e9seaux sociaux de la&hellip;\n","protected":false},"author":2,"featured_media":167420,"comment_status":"","ping_status":"","sticky":false,"template":"","format":"standard","meta":{"footnotes":""},"categories":[1359],"tags":[58,59,1011,27,2440,25836,973,30089],"class_list":{"0":"post-167419","1":"post","2":"type-post","3":"status-publish","4":"format-standard","5":"has-post-thumbnail","7":"category-people","8":"tag-divertissement","9":"tag-entertainment","10":"tag-fr","11":"tag-france","12":"tag-instagram","13":"tag-ophelie-winter","14":"tag-people","15":"tag-piratage-informatique"},"share_on_mastodon":{"url":"https:\/\/pubeurope.com\/@fr\/114663095293030573","error":""},"_links":{"self":[{"href":"https:\/\/www.europesays.com\/fr\/wp-json\/wp\/v2\/posts\/167419","targetHints":{"allow":["GET"]}}],"collection":[{"href":"https:\/\/www.europesays.com\/fr\/wp-json\/wp\/v2\/posts"}],"about":[{"href":"https:\/\/www.europesays.com\/fr\/wp-json\/wp\/v2\/types\/post"}],"author":[{"embeddable":true,"href":"https:\/\/www.europesays.com\/fr\/wp-json\/wp\/v2\/users\/2"}],"replies":[{"embeddable":true,"href":"https:\/\/www.europesays.com\/fr\/wp-json\/wp\/v2\/comments?post=167419"}],"version-history":[{"count":0,"href":"https:\/\/www.europesays.com\/fr\/wp-json\/wp\/v2\/posts\/167419\/revisions"}],"wp:featuredmedia":[{"embeddable":true,"href":"https:\/\/www.europesays.com\/fr\/wp-json\/wp\/v2\/media\/167420"}],"wp:attachment":[{"href":"https:\/\/www.europesays.com\/fr\/wp-json\/wp\/v2\/media?parent=167419"}],"wp:term":[{"taxonomy":"category","embeddable":true,"href":"https:\/\/www.europesays.com\/fr\/wp-json\/wp\/v2\/categories?post=167419"},{"taxonomy":"post_tag","embeddable":true,"href":"https:\/\/www.europesays.com\/fr\/wp-json\/wp\/v2\/tags?post=167419"}],"curies":[{"name":"wp","href":"https:\/\/api.w.org\/{rel}","templated":true}]}}