{"id":16742,"date":"2025-04-11T07:33:19","date_gmt":"2025-04-11T07:33:19","guid":{"rendered":"https:\/\/www.europesays.com\/fr\/16742\/"},"modified":"2025-04-11T07:33:19","modified_gmt":"2025-04-11T07:33:19","slug":"travailler-un-projet-solide-et-utile-aux-grands-lyonnais","status":"publish","type":"post","link":"https:\/\/www.europesays.com\/fr\/16742\/","title":{"rendered":"Travailler un projet solide et utile aux Grands Lyonnais"},"content":{"rendered":"<p>V\u00e9ronique Sarselli : \u00ab\u00a0Travailler un projet solide et utile aux Grands Lyonnais\u00a0\u00bb &#8211; LyonMag<\/p>\n<p>Cheffe de file de la droite pour les \u00e9lections m\u00e9tropolitaines, la maire de Sainte-Foy-les-Lyon est d\u00e9terminer \u00e0 \u00ab\u00a0travailler un projet solide et utile aux Grands Lyonnais\u00a0\u00bb. Des propositions fortes doivent arriver prochainement, notamment sur le th\u00e8me des transports. Forte de la \u00ab\u00a0premi\u00e8re victoire historique contre les Verts\u00a0\u00bb avec le t\u00e9l\u00e9ph\u00e9rique, V\u00e9ronique Sarselli regrette que le plan m\u00e9tro a \u00e9t\u00e9 mis \u00e0 la poubelle : \u00ab\u00a0Le financement ne doit plus \u00eatre la raison du \u00ab\u00a0non\u00a0\u00bb\u00a0\u00bb.<\/p>\n<p>Le cas lyonnais est \u00e9galement dans son viseur. Selon elle, \u00ab\u00a0la rue Grenette est symbolique d&rsquo;une volont\u00e9 de fermer Lyon\u00a0\u00bb. Elle veut toutefois apaiser les relations entre usagers : \u00ab\u00a0Il ne faut pas de guerre de tranch\u00e9es entre ceux qui font du v\u00e9lo et ceux qui font de la voiture\u00a0\u00bb.<\/p>\n<\/p>\n<p><strong><a href=\"https:\/\/www.lyonmag.com\/category\/50\/les-coulisses-du-grand-lyon\" target=\"_blank\" rel=\"nofollow noopener\">Les Coulisses du Grand Lyon<\/a> sont \u00e0 retrouver tous les jours \u00e0 12h sur LyonMag.com et sur <a href=\"https:\/\/www.youtube.com\/channel\/UCepdRYTQt5vKtrz-CuaFzpg\" target=\"_blank\" rel=\"nofollow noopener\">la cha\u00eene Youtube de LyonMag<\/a>.<\/strong><\/p>\n<p>00:00 Candidate en 2026 ?<br \/>&#13;<br \/>\n02:50 Loi PLM<br \/>&#13;<br \/>\n04:43 Propositions<br \/>&#13;<br \/>\n08:50 Rouvrir des rues pi\u00e9tonnes aux voitures<br \/>&#13;<br \/>\n10:03 Mineurs isol\u00e9s<br \/>&#13;<br \/>\n12:07 Pr\u00e9sidence des R\u00e9publicains<\/p>\n<p>            <a href=\"#\" class=\"back-page\" rel=\"back\">X<\/a><\/p>\n","protected":false},"excerpt":{"rendered":"V\u00e9ronique Sarselli : \u00ab\u00a0Travailler un projet solide et utile aux Grands Lyonnais\u00a0\u00bb &#8211; LyonMag Cheffe de file de&hellip;\n","protected":false},"author":2,"featured_media":16743,"comment_status":"","ping_status":"","sticky":false,"template":"","format":"standard","meta":{"footnotes":""},"categories":[1889],"tags":[1111,11,2813,2190,2430,1109,251,1112,2811,1777,674,118,1011,27,1922,1110,1114,2428,2810,12,241,316,25,2812,517,800],"class_list":{"0":"post-16742","1":"post","2":"type-post","3":"status-publish","4":"format-standard","5":"has-post-thumbnail","7":"category-lyon","8":"tag-actu","9":"tag-actualites","10":"tag-article","11":"tag-asvel","12":"tag-auvergne-rhone-alpes","13":"tag-breves","14":"tag-culture","15":"tag-depeches","16":"tag-economique","17":"tag-eu","18":"tag-europe","19":"tag-faits-divers","20":"tag-fr","21":"tag-france","22":"tag-info","23":"tag-informations","24":"tag-infos","25":"tag-lyon","26":"tag-lyonmag","27":"tag-news","28":"tag-ol","29":"tag-politique","30":"tag-republique-francaise","31":"tag-sociale","32":"tag-sport","33":"tag-transports"},"share_on_mastodon":{"url":"https:\/\/pubeurope.com\/@fr\/114318174074080028","error":""},"_links":{"self":[{"href":"https:\/\/www.europesays.com\/fr\/wp-json\/wp\/v2\/posts\/16742","targetHints":{"allow":["GET"]}}],"collection":[{"href":"https:\/\/www.europesays.com\/fr\/wp-json\/wp\/v2\/posts"}],"about":[{"href":"https:\/\/www.europesays.com\/fr\/wp-json\/wp\/v2\/types\/post"}],"author":[{"embeddable":true,"href":"https:\/\/www.europesays.com\/fr\/wp-json\/wp\/v2\/users\/2"}],"replies":[{"embeddable":true,"href":"https:\/\/www.europesays.com\/fr\/wp-json\/wp\/v2\/comments?post=16742"}],"version-history":[{"count":0,"href":"https:\/\/www.europesays.com\/fr\/wp-json\/wp\/v2\/posts\/16742\/revisions"}],"wp:featuredmedia":[{"embeddable":true,"href":"https:\/\/www.europesays.com\/fr\/wp-json\/wp\/v2\/media\/16743"}],"wp:attachment":[{"href":"https:\/\/www.europesays.com\/fr\/wp-json\/wp\/v2\/media?parent=16742"}],"wp:term":[{"taxonomy":"category","embeddable":true,"href":"https:\/\/www.europesays.com\/fr\/wp-json\/wp\/v2\/categories?post=16742"},{"taxonomy":"post_tag","embeddable":true,"href":"https:\/\/www.europesays.com\/fr\/wp-json\/wp\/v2\/tags?post=16742"}],"curies":[{"name":"wp","href":"https:\/\/api.w.org\/{rel}","templated":true}]}}