{"id":167423,"date":"2025-06-11T05:33:12","date_gmt":"2025-06-11T05:33:12","guid":{"rendered":"https:\/\/www.europesays.com\/fr\/167423\/"},"modified":"2025-06-11T05:33:12","modified_gmt":"2025-06-11T05:33:12","slug":"gaza-trois-livres-a-lire-durgence","status":"publish","type":"post","link":"https:\/\/www.europesays.com\/fr\/167423\/","title":{"rendered":"Gaza : trois livres \u00e0 lire d\u2019urgence"},"content":{"rendered":"<p>Le livre de Jean-Pierre Filiu, Un historien \u00e0 Gaza, a valeur de document. Filiu est en effet parvenu \u00e0 entrer dans l\u2019enclave palestinienne avec une mission de M\u00e9decins sans fronti\u00e8res (<a href=\"https:\/\/www.googleadservices.com\/pagead\/aclk?sa=L&amp;ai=DChcSEwiNqfzVvuaNAxUKOgYAHRZ_IyIYABADGgJ3cw&amp;co=1&amp;gclid=CjwKCAjwr5_CBhBlEiwAzfwYuPGyPu0j-oUKXCsQN6SsP5Jqg3vuAwbgUzSX6XTnQ933hlA7YwZtyBoC8VYQAvD_BwE&amp;ohost=www.google.com&amp;cid=CAESVuD2RbMENOdpUGmrNUopBq4PGMiWgtf5Dq141AmUos2tSh7Xw7x4wHFuL9ljK8XzJLWbBqL93DaekgFSKKeRt3aKucDr9CLzy_AQoHnTxR9QnUrXdovY&amp;category=acrcp_v1_40&amp;sig=AOD64_0qqSjm_OJ2daMJKoYQyiSnnCuEAA&amp;q&amp;adurl&amp;ved=2ahUKEwil-vfVvuaNAxVdbKQEHQyzOZIQqyQoAHoECAkQDQ\" target=\"_blank\" rel=\"noreferrer noopener nofollow\">MSF<\/a>). Il y est rest\u00e9 un mois, du 19\u00a0d\u00e9cembre 2024 au 21\u00a0janvier 2025. Il en a rapport\u00e9 un t\u00e9moignage d\u2019autant plus pr\u00e9cieux que les journalistes \u00e9trangers ou ind\u00e9pendants sont <strong>interdits d\u2019entr\u00e9e<\/strong> par les autorit\u00e9s isra\u00e9liennes.<\/p>\n<p class=\"p1\"><b>Un historien \u00e0 Gaza, <\/b>Jean-Pierre Filiu, Les Ar\u00e8nes, 203 pages, 19 euros.<\/p>\n<p>Filiu avait plusieurs atouts\u00a0: il parle arabe, il conna\u00eet Gaza, o\u00f9 il est all\u00e9 plusieurs fois, et il est l\u2019auteur de la seule monographie parue \u00e0 ce jour sur ce territoire frapp\u00e9 de mal\u00e9diction. S\u2019il fait \u0153uvre de journaliste, c\u2019est tout de m\u00eame l\u2019historien qui op\u00e8re des <strong>va-et-vient<\/strong> entre pr\u00e9sent et pass\u00e9. Le mot qui ouvre son livre est synonyme de n\u00e9ant\u00a0: \u00ab\u00a0Rien\u00a0\u00bb. \u00ab\u00a0Rien, dit-il, ne me pr\u00e9parait \u00e0 ce que j\u2019ai vu \u00e0 Gaza.\u00a0\u00bb <\/p>\n<p>Le ton est donn\u00e9\u00a0: \u00ab\u00a0Le territoire que j\u2019ai connu et arpent\u00e9 n\u2019existe plus. Ce qu\u2019il en reste d\u00e9fie les mots.\u00a0\u00bb Son r\u00e9cit est d\u2019une grande densit\u00e9, depuis son entr\u00e9e par une cl\u00f4ture d\u00e9chir\u00e9e par le Hamas le 7\u00a0octobre 2023 jusqu\u2019\u00e0 la parole recueillie de ceux qui racontent \u00ab\u00a0les fuites affol\u00e9es, la peur au ventre, en serrant contre soi <a href=\"https:\/\/www.politis.fr\/articles\/2025\/06\/enquete-avoir-moins-de-20-ans-dans-la-bande-de-gaza\/\" target=\"_blank\" rel=\"noreferrer noopener nofollow\">les enfants<\/a>\u00a0\u00bb.<\/p>\n<p><a href=\"https:\/\/www.europesays.com\/fr\/wp-content\/uploads\/2025\/06\/Un-historien-a-Gaza.jpeg\" class=\"zoom\"><img fetchpriority=\"high\" decoding=\"async\" width=\"400\" height=\"606\" src=\"https:\/\/www.europesays.com\/fr\/wp-content\/uploads\/2025\/06\/Un-historien-a-Gaza.jpeg\" alt=\"\" class=\"wp-image-388236\" style=\"width:289px\"  \/><\/a><\/p>\n<p>Le journaliste de circonstance voit <a href=\"https:\/\/www.politis.fr\/articles\/2025\/06\/enquete-avoir-moins-de-20-ans-dans-la-bande-de-gaza\/\" target=\"_blank\" rel=\"noreferrer noopener nofollow\">des gamins<\/a> tra\u00eener \u00ab\u00a0des jerricans de la moiti\u00e9 de leur taille\u00a0\u00bb. C\u2019est la terrible bataille de l\u2019eau. Et l\u2019historien rappelle que \u00ab\u00a0Gaza a \u00e9t\u00e9 durant des mill\u00e9naires une oasis r\u00e9put\u00e9e pour la richesse de sa v\u00e9g\u00e9tation et la douceur de son climat\u00a0\u00bb. Le grand t\u00e9moin d\u00e9crit la mort qui est partout\u00a0: \u00ab\u00a0Ces familles fauch\u00e9es ensemble par un seul bombardement, entass\u00e9es dans une fosse commune et ensevelies par un engin de chantier\u00a0\u00bb. Et ces destructions d\u2019\u00e9coles qui condamnent les enfants \u00e0 l\u2019errance.<\/p>\n<p>            <a href=\"https:\/\/www.politis.fr\/articles\/2025\/06\/entretien-khaled-benboutrif-a-gaza-les-enfants-sont-en-train-detre-extermines\/\" target=\"_blank\" class=\" gt_sujet\" rel=\"nofollow noopener\"><\/p>\n<p>            <strong>Sur le m\u00eame sujet :<\/strong> \u00c0 Gaza, \u00ab\u00a0les enfants sont en train d\u2019\u00eatre extermin\u00e9s\u00a0\u00bb<\/p>\n<p>    <\/a><\/p>\n<p>Filiu n\u2019oublie pas qu\u2019il fut \u00e0 Gaza un privil\u00e9gi\u00e9 qui n\u2019a manqu\u00e9 ni de nourriture ni d\u2019eau potable, et qui jouissait du privil\u00e8ge incomparable de celui qui sait qu\u2019il ne fait <strong>que passer<\/strong> dans cet enfer. On pense donc aux <a href=\"https:\/\/www.politis.fr\/articles\/2025\/06\/temoignage-mohammed-zaanoun-nous-avons-du-creuser-des-fosses-le-temoignage-dun-journaliste-palestinien\/\" target=\"_blank\" rel=\"noreferrer noopener nofollow\">journalistes palestiniens<\/a> qui n\u2019ont pas d\u2019autre destin que celui de tous les Gazaouis, et qui sont \u00e0 tout instant dans le viseur des soldats isra\u00e9liens. On retient enfin ce mot terrible que l\u2019auteur a beaucoup entendu, et qui t\u00e9moigne du sentiment d\u2019abandon de la population\u00a0: \u00ab\u00a0Le seul ami du Palestinien, c\u2019est son \u00e2ne.\u00a0\u00bb<\/p>\n<p class=\"p1\"><b>Permis de tuer, <\/b>Pascal Boniface, Max Milo, 280 pages, 21,90\u00a0euros.<\/p>\n<p>Le livre de Pascal Boniface, Permis de tuer, nous ram\u00e8ne dans nos salles de r\u00e9daction et sur nos plateaux de t\u00e9l\u00e9vision. Le directeur de <a href=\"https:\/\/www.iris-france.org\/\" target=\"_blank\" rel=\"noreferrer noopener nofollow\">l\u2019Iris<\/a> s\u2019attaque \u00e0 la couverture m\u00e9diatique de la trag\u00e9die de Gaza. Il note les <strong>interdits d\u2019antenne<\/strong> d\u2019experts qui ne pensent pas bien. Rony Brauman, par exemple, \u00e9vinc\u00e9 sur ordre direct de Patrick Drahi quand celui-ci \u00e9tait encore patron de BFM. Le traitement grossi\u00e8rement favorable \u00e0 l\u2019\u00c9tat h\u00e9breu r\u00e9sulte, nous dit Boniface, d\u2019un \u00ab\u00a0point de vue occidental sur l\u2019actualit\u00e9 qui place Isra\u00ebl au c\u0153ur d\u2019une bataille de civilisation\u00a0\u00bb. M\u00e9lange de culpabilit\u00e9 apr\u00e8s la Shoah, de confusion entre islam, islamisme et terrorisme, et d\u2019un <a href=\"https:\/\/www.politis.fr\/articles\/2025\/03\/parti-pris-le-colonialisme-installe-le-racisme\/\" target=\"_blank\" rel=\"noreferrer noopener nofollow\">racisme anti-arabe<\/a> tellement \u00ab\u00a0pr\u00e9gnant\u00a0\u00bb dans notre soci\u00e9t\u00e9.<\/p>\n<p><a href=\"https:\/\/www.europesays.com\/fr\/wp-content\/uploads\/2025\/06\/Permis-de-tuer-728x1024.jpeg\" class=\"zoom\"><img loading=\"lazy\" decoding=\"async\" width=\"728\" height=\"1024\" src=\"https:\/\/www.europesays.com\/fr\/wp-content\/uploads\/2025\/06\/Permis-de-tuer-728x1024.jpeg\" alt=\"\" class=\"wp-image-388296\" style=\"width:289px\"  \/><\/a><\/p>\n<p>Boniface retourne aux origines de ce point de vue occidentaliste qui renvoie \u00e0 la question coloniale. Par ignorance, mauvaise foi ou malhonn\u00eatet\u00e9, certains m\u00e9dias construisent <strong>un r\u00e9cit <\/strong>qui transforme Isra\u00ebl en mod\u00e8le de d\u00e9mocratie qui m\u00e8ne une guerre propre. Il cite Laurence Ferrari, pr\u00e9sentatrice vedette de CNews et d\u2019Europe 1\u00a0: \u00ab\u00a0Je rappelle \u00adqu\u2019Isra\u00ebl pr\u00e9vient chaque bombardement.\u00a0\u00bb Autant dire que son unique source est le porte-parole de l\u2019arm\u00e9e, l\u2019omnipr\u00e9sent Olivier Rafowicz. Sur BFM, le journaliste Benjamin Duhamel re\u00e7oit, en direct, les f\u00e9licitations du m\u00eame Rafowicz\u00a0: \u00ab\u00a0Votre cha\u00eene fait un travail excellent.\u00a0\u00bb<\/p>\n<p>            <a href=\"https:\/\/www.politis.fr\/articles\/2025\/03\/midinale-edwy-plenel-cest-francois-hollande-qui-a-fait-basculer-la-france-dans-le-soutien-inconditionnel-a-israel\/\" target=\"_blank\" class=\" gt_sujet\" rel=\"nofollow noopener\"><\/p>\n<p>            <strong>Sur le m\u00eame sujet :<\/strong> \u00ab\u00a0C\u2019est Fran\u00e7ois Hollande qui a fait basculer la France dans le soutien inconditionnel \u00e0 Isra\u00ebl\u00a0\u00bb<\/p>\n<p>    <\/a><\/p>\n<p>L\u2019auteur n\u2019\u00e9pargne pas la classe politique fran\u00e7aise quasi unanime. Il est vrai que le soutien \u00e0 Isra\u00ebl correspond au \u00ab\u00a0virage de la droite\u00a0\u00bb entam\u00e9 sous Sarkozy et \u00e0 la \u00ab\u00a0perc\u00e9e de l\u2019extr\u00eame droite\u00a0\u00bb. Il analyse les <strong>contrefeux<\/strong> dress\u00e9s pour interdire tout mouvement de solidarit\u00e9 avec les Palestiniens\u2009: <a href=\"https:\/\/www.politis.fr\/articles\/2024\/09\/critique-israel-une-nouvelle-police-de-la-pensee\/\" target=\"_blank\" rel=\"noreferrer noopener nofollow\">l\u2019instrumentalisation de l\u2019antis\u00e9mitisme<\/a>, par ailleurs \u00e9videmment bien r\u00e9el, et la <a href=\"https:\/\/www.politis.fr\/articles\/2023\/11\/antisionisme-et-antisemitisme-une-operation-politique-avortee\/\" target=\"_blank\" rel=\"noreferrer noopener nofollow\">confusion avec l\u2019antisionisme<\/a>. Il traite d\u2019une question explicative de beaucoup d\u2019indiff\u00e9rence\u00a0: la propagande qui plonge nos pays, en toute inconscience, dans <a href=\"https:\/\/www.politis.fr\/dossiers\/les-etats-restent-inactifs-face-au-genocide-perpetre-par-le-gouvernement-israelien-a-gaza\/\" target=\"_blank\" rel=\"noreferrer noopener nofollow\">\u00ab\u00a0une faillite morale\u00a0\u00bb<\/a> qui n\u2019est pas seulement celle d\u2019Isra\u00ebl.<\/p>\n<p>An\u00e9antissement<\/p>\n<p class=\"p1\"><b>Gaza, une guerre coloniale, <\/b>sous la direction de V\u00e9ronique Bontemps et St\u00e9phanie Latte Abdallah, Actes Sud, 317 pages, 23\u00a0euros.<\/p>\n<p>Le troisi\u00e8me livre est une \u0153uvre collective men\u00e9e sous la direction de V\u00e9ronique Bontemps et St\u00e9phanie Latte Abdallah. Son titre est sobrement essentiel\u2009: Gaza, une guerre coloniale. Quand tant d\u2019efforts ont \u00e9t\u00e9 d\u00e9ploy\u00e9s pour \u00e9garer l\u2019opinion sur la nature de ce conflit du c\u00f4t\u00e9 du \u00ab\u00a0choc des civilisations\u00a0\u00bb, cette <strong>\u00e9vidence<\/strong> devait \u00eatre rappel\u00e9e. Une quinzaine d\u2019auteurs argumentent sur ce th\u00e8me, inscrivant le 7-Octobre dans l\u2019histoire du conflit, puis traitant l\u2019entreprise isra\u00e9lienne <a href=\"https:\/\/www.politis.fr\/articles\/2024\/09\/palestine-israel-a-gaza-leffacement-dun-peuple\/\" target=\"_blank\" rel=\"noreferrer noopener nofollow\">d\u2019an\u00e9antissement de la soci\u00e9t\u00e9 gazaouie <\/a>dans tous ses aspects, humains, \u00e9conomiques et culturels.<\/p>\n<p><a href=\"https:\/\/www.europesays.com\/fr\/wp-content\/uploads\/2025\/06\/Gaza-une-guerre-coloniale-637x1024.jpeg\" class=\"zoom\"><img loading=\"lazy\" decoding=\"async\" width=\"637\" height=\"1024\" src=\"https:\/\/www.europesays.com\/fr\/wp-content\/uploads\/2025\/06\/Gaza-une-guerre-coloniale-637x1024.jpeg\" alt=\"\" class=\"wp-image-388310\" style=\"width:289px\"  \/><\/a><\/p>\n<p>L\u2019ensemble brosse un tableau de ce qu\u2019il faut bien appeler <a href=\"https:\/\/www.politis.fr\/articles\/2024\/12\/gaza-le-rapport-damnesty-qui-demontre-le-genocide\/\" target=\"_blank\" rel=\"noreferrer noopener nofollow\">un g\u00e9nocide<\/a>. Deux articles traitent de sujets peu abord\u00e9s par ailleurs. La politiste Leila Seurat analyse les \u00e9volutions politiques au sein du Hamas, que le mot \u00ab\u00a0terroriste\u00a0\u00bb \u00e2nonn\u00e9 dans tous les m\u00e9dias ne suffit pas \u00e0 r\u00e9sumer. Elle <strong>r\u00e9fute<\/strong> l\u2019id\u00e9e des \u00ab\u00a0deux Hamas\u00a0\u00bb, celui de Doha, qui serait ouvert au compromis, et celui de Gaza, irascible et radical. <\/p>\n<p>            <a href=\"https:\/\/www.politis.fr\/dossiers\/7-octobre-lavant-et-lapres\/\" target=\"_blank\" class=\" gt_sujet\" rel=\"nofollow noopener\"><\/p>\n<p>            <strong>Sur le m\u00eame sujet :<\/strong> Dossier : l\u2019avant et l\u2019apr\u00e8s 7-Octobre<\/p>\n<p>    <\/a><\/p>\n<p>Un autre article, de l\u2019historien palestinien Maher Charif, analyse la configuration politique palestinienne <a href=\"https:\/\/www.politis.fr\/dossiers\/7-octobre-lavant-et-lapres\/\" target=\"_blank\" rel=\"noreferrer noopener nofollow\">avant et apr\u00e8s le 7-Octobre<\/a>. Enfin, l\u2019\u00e9tude qu\u2019Am\u00e9lie F\u00e9rey, sp\u00e9cialiste des questions de d\u00e9fense en poste \u00e0 Tel-Aviv, consacre \u00e0 une <a href=\"https:\/\/www.politis.fr\/articles\/2024\/04\/aider-israel-a-rompre-avec-ses-demons\/\" target=\"_blank\" rel=\"noreferrer noopener nofollow\">soci\u00e9t\u00e9 isra\u00e9lienne gav\u00e9e de propagande<\/a> fournit des <strong>\u00e9l\u00e9ments indispensables<\/strong> de compr\u00e9hension.<\/p>\n<p>        <a href=\"https:\/\/www.politis.fr\/boutique\/\" target=\"_blank\" class=\"gt_abonnement\" rel=\"nofollow noopener\"><\/p>\n<p>            Recevez Politis chez vous chaque semaine !<\/p>\n<p>    <\/a><\/p>\n","protected":false},"excerpt":{"rendered":"Le livre de Jean-Pierre Filiu, Un historien \u00e0 Gaza, a valeur de document. Filiu est en effet parvenu&hellip;\n","protected":false},"author":2,"featured_media":167424,"comment_status":"","ping_status":"","sticky":false,"template":"","format":"standard","meta":{"footnotes":""},"categories":[1357],"tags":[1379,58,59,1011,27,664,2003,1380,3518],"class_list":{"0":"post-167423","1":"post","2":"type-post","3":"status-publish","4":"format-standard","5":"has-post-thumbnail","7":"category-livres","8":"tag-books","9":"tag-divertissement","10":"tag-entertainment","11":"tag-fr","12":"tag-france","13":"tag-israel","14":"tag-livre","15":"tag-livres","16":"tag-palestine"},"share_on_mastodon":{"url":"https:\/\/pubeurope.com\/@fr\/114663103208478563","error":""},"_links":{"self":[{"href":"https:\/\/www.europesays.com\/fr\/wp-json\/wp\/v2\/posts\/167423","targetHints":{"allow":["GET"]}}],"collection":[{"href":"https:\/\/www.europesays.com\/fr\/wp-json\/wp\/v2\/posts"}],"about":[{"href":"https:\/\/www.europesays.com\/fr\/wp-json\/wp\/v2\/types\/post"}],"author":[{"embeddable":true,"href":"https:\/\/www.europesays.com\/fr\/wp-json\/wp\/v2\/users\/2"}],"replies":[{"embeddable":true,"href":"https:\/\/www.europesays.com\/fr\/wp-json\/wp\/v2\/comments?post=167423"}],"version-history":[{"count":0,"href":"https:\/\/www.europesays.com\/fr\/wp-json\/wp\/v2\/posts\/167423\/revisions"}],"wp:featuredmedia":[{"embeddable":true,"href":"https:\/\/www.europesays.com\/fr\/wp-json\/wp\/v2\/media\/167424"}],"wp:attachment":[{"href":"https:\/\/www.europesays.com\/fr\/wp-json\/wp\/v2\/media?parent=167423"}],"wp:term":[{"taxonomy":"category","embeddable":true,"href":"https:\/\/www.europesays.com\/fr\/wp-json\/wp\/v2\/categories?post=167423"},{"taxonomy":"post_tag","embeddable":true,"href":"https:\/\/www.europesays.com\/fr\/wp-json\/wp\/v2\/tags?post=167423"}],"curies":[{"name":"wp","href":"https:\/\/api.w.org\/{rel}","templated":true}]}}