{"id":167452,"date":"2025-06-11T05:51:11","date_gmt":"2025-06-11T05:51:11","guid":{"rendered":"https:\/\/www.europesays.com\/fr\/167452\/"},"modified":"2025-06-11T05:51:11","modified_gmt":"2025-06-11T05:51:11","slug":"top-14-villiere-forfait-contre-castres-toulon-sans-son-dynamiteur-pour-le-barrage","status":"publish","type":"post","link":"https:\/\/www.europesays.com\/fr\/167452\/","title":{"rendered":"Top 14 &#8211; Villi\u00e8re forfait contre Castres : Toulon sans son dynamiteur pour le barrage"},"content":{"rendered":"<p><strong>Coup dur pour le RCT<\/strong> : <a href=\"https:\/\/www.xvovalie.com\/tag\/gabin-villiere\/\" target=\"_blank\" rel=\"noopener\">Gabin Villi\u00e8re<\/a> ne jouera pas samedi soir contre <strong><a data-ilj-link-preview=\"true\" data-excerpt=\"Le Castres Olympiques est un club du sud-ouest, fond\u00e9 en 1906, qui \u00e9volue en Top 14.&#013;&#010;Staff et pr\u00e9sidence :&#013;&#010;&#013;&#010; &#009;Pr\u00e9sident : Pierre-Yves Revol&#013;&#010; &#009;Entra\u00eeneur : Xavier Sadourny&#013;&#010; &#009;Yannick Caballero (touche)&#013;&#010; &#009;Karena Wihongi (m\u00eal\u00e9e)&#013;&#010; &#009;Steven Setephano (d\u00e9fense)&#013;&#010;&#013;&#010;Le palmar\u00e8s du CO :&#013;&#010;&#013;&#010;&#013;&#010;&#013;&#010;Comp\u00e9tition&#013;&#010;Titres&#013;&#010;Ann\u00e9es&#013;&#010;&#013;&#010;&#013;&#010;Championnat de France&#013;&#010;5&#013;&#010;1949, 1950, 1993, 2013, 2018&#013;&#010;&#013;&#010;&#013;&#010;Championnat de France de 2e division&#013;&#010;1&#013;&#010;1989&#013;&#010;&#013;&#010;&#013;&#010;Coupe de France&#013;&#010;1&#013;&#010;1948&#013;&#010;&#013;&#010;&#013;&#010;Bouclier europ\u00e9en&#013;&#010;1&#013;&#010;2003&#013;&#010;&#013;&#010;&#013;&#010;Vice-champion de France&#013;&#010;3&#013;&#010;1995, 2014, 2022&#013;&#010;&#013;&#010;&#013;&#010;Finaliste du Challenge europ\u00e9en&#013;&#010;2&#013;&#010;1997, 2000&#013;&#010;&#013;&#010;&#013;&#010;&#013;&#010;\u00a0\" href=\"https:\/\/www.xvovalie.com\/castres-olympique\/\" target=\"_blank\" rel=\"noopener\">Castres<\/a><\/strong> en barrage du Top 14. L\u2019ailier toulonnais, touch\u00e9 contre <strong><a data-ilj-link-preview=\"true\" data-excerpt=\"Fond\u00e9 en 1904, l&#039;Aviron bayonnais \u00e9volue actuellement en Top 14.&#013;&#010;Staff et pr\u00e9sidence :&#013;&#010;&#013;&#010; &#009;Pr\u00e9sident : Philippe Tayeb&#013;&#010; &#009;Entra\u00eeneur : Gr\u00e9gory Patat (manager g\u00e9n\u00e9ral)&#013;&#010; &#009;Gerard Fraser (arri\u00e8res)&#013;&#010; &#009;Jo\u00ebl Rey (avants)&#013;&#010; &#009;Nick Abendanon (skills)&#013;&#010;&#013;&#010;Palmar\u00e8s de l&#039;Aviron bayonnais&#013;&#010;&#013;&#010;&#013;&#010;&#013;&#010;Comp\u00e9tition&#013;&#010;Titres&#013;&#010;Ann\u00e9es des Victoires&#013;&#010;&#013;&#010;&#013;&#010;&#013;&#010;&#013;&#010;Championnat de France&#013;&#010;3&#013;&#010;1913, 1934, 1943&#013;&#010;&#013;&#010;&#013;&#010;Championnat de France de 2e division&#013;&#010;2&#013;&#010;2019, 2022&#013;&#010;&#013;&#010;&#013;&#010;Challenge Yves du Manoir&#013;&#010;2&#013;&#010;1936, 1980&#013;&#010;&#013;&#010;&#013;&#010;Coupe Andr\u00e9 Moga&#013;&#010;1&#013;&#010;1995&#013;&#010;&#013;&#010;&#013;&#010;&#013;&#010;\u00a0\" href=\"https:\/\/www.xvovalie.com\/aviron-bayonnais\/\" target=\"_blank\" rel=\"noopener\">Bayonne<\/a><\/strong>, n\u2019a pas re\u00e7u le feu vert m\u00e9dical pour reprendre l\u2019entra\u00eenement cette semaine. <a data-ilj-link-preview=\"true\" data-excerpt=\"Le club de rugby de Toulon est un club professionnel fran\u00e7ais bas\u00e9 dans le d\u00e9partement du Var. Fond\u00e9 en 1908, il \u00e9volue en Top 14.&#013;&#010;Staff et pr\u00e9sidence :&#013;&#010;&#013;&#010; &#009;Pr\u00e9sident : Bernard Lema\u00eetre&#013;&#010; &#009;Entra\u00eeneur : Pierre Mignoni&#013;&#010;&#013;&#010;Palmar\u00e8s du RCT :&#013;&#010;Palmar\u00e8s du Rugby Club Toulonnais&#013;&#010;&#013;&#010;&#013;&#010;Comp\u00e9tition&#013;&#010;Titres&#013;&#010;Ann\u00e9es&#013;&#010;&#013;&#010;&#013;&#010;&#013;&#010;&#013;&#010;Championnat de France de premi\u00e8re division&#013;&#010;Champion (4)&#013;&#010;1931, 1987, 1992, 2014&#013;&#010;&#013;&#010;&#013;&#010;Championnat de France de deuxi\u00e8me division&#013;&#010;Champion (2)&#013;&#010;2005, 2008&#013;&#010;&#013;&#010;&#013;&#010;Coupe d&#039;Europe&#013;&#010;Champion (3)&#013;&#010;2013, 2014, 2015&#013;&#010;&#013;&#010;&#013;&#010;Challenge Cup&#013;&#010;Champion (1)&#013;&#010;2023\" href=\"https:\/\/www.xvovalie.com\/toulon\/\" target=\"_blank\" rel=\"noopener\">Toulon<\/a> devra donc faire sans l\u2019un de ses moteurs habituels pour ce match couperet \u00e0 Mayol.<\/p>\n<p>Sorti sur protocole, et pas de retour cette semaine<\/p>\n<p>Tout s\u2019est jou\u00e9 samedi dernier, \u00e0 <strong>Jean-Dauger<\/strong>. En premi\u00e8re p\u00e9riode, Villi\u00e8re re\u00e7oit un coup apparemment anodin, mais son prot\u00e8ge-dents connect\u00e9 d\u00e9clenche imm\u00e9diatement une alerte. Verdict : protocole commotion, fin de match imm\u00e9diate.<\/p>\n<p>Le staff esp\u00e9rait un retour express pour le barrage, et <strong>Pierre Mignoni<\/strong> ne l\u2019excluait pas totalement lundi. Mais la r\u00e9alit\u00e9 est tomb\u00e9e plus t\u00f4t que pr\u00e9vu : Villi\u00e8re n\u2019a pas mis les pieds \u00e0 l\u2019entra\u00eenement cette semaine. Et \u00e0 72 heures du choc, l\u2019affaire est pli\u00e9e. Il ne sera pas sur la feuille de match.<\/p>\n<p>Dr\u00e9an, Tuicuvu\u2026 ou une surprise ?<\/p>\n<p>Avec Villi\u00e8re out, <strong>la question du rempla\u00e7ant est ouverte<\/strong>. Logiquement, <strong>Ga\u00ebl Dr\u00e9an<\/strong> tient la corde. Solide depuis plusieurs semaines, il conna\u00eet bien le syst\u00e8me et a l\u2019habitude de ces matchs \u00e0 enjeu.<\/p>\n<p>Autre piste : <strong>Setariki Tuicuvu<\/strong>, utilis\u00e9 par intermittence cette saison, mais capable de fulgurances. Tout d\u00e9pendra du profil recherch\u00e9. Mignoni pourrait aussi opter pour une option plus polyvalente, voire une compo \u00e0 trois arri\u00e8res si le besoin s\u2019en fait sentir. Mais sans Villi\u00e8re, c\u2019est un vrai cr\u00e9ateur qui manque.<\/p>\n<p>Un RCT qui avance sur une jambe<\/p>\n<p>C\u2019est une habitude cette saison : <strong>Toulon doit composer sans plusieurs cadres<\/strong> au moment des grands rendez-vous. <strong>Ollivon<\/strong>, bless\u00e9 au genou, est d\u00e9j\u00e0 forfait. Idem pour <strong>Lucchesi<\/strong>. Dans ce contexte, l\u2019absence de Villi\u00e8re fait encore plus mal. Parce qu\u2019il sait allumer la m\u00e8che dans les moments o\u00f9 l\u2019\u00e9quipe peine \u00e0 avancer.<\/p>\n<p>Dans un barrage qui s\u2019annonce serr\u00e9 et physique, chaque d\u00e9tail compte. Villi\u00e8re, c\u2019est du grattage, du volume, et surtout de la hargne. Il n\u2019a pas toujours \u00e9t\u00e9 \u00e0 100 % cette saison, mais sur un match comme \u00e7a, il reste une valeur s\u00fbre.<\/p>\n<p>Mayol pour pousser, Castres pour l\u2019\u00e9preuve de force<\/p>\n<p>Toulon comptera sur <strong>Mayol<\/strong> pour faire la diff\u00e9rence. Le stade sera plein, l\u2019ambiance \u00e9lectrique, et le groupe sait que la demie est \u00e0 port\u00e9e. En face, <strong>Castres<\/strong> ne viendra pas pour faire de la figuration. Ce genre de match, c\u2019est leur pain quotidien.<\/p>\n<p>Sans Villi\u00e8re, <strong>le RCT perd un morceau de son identit\u00e9<\/strong>, mais le match reste ouvert. \u00c0 condition de trouver d\u2019autres relais d\u2019intensit\u00e9. Parce qu\u2019en phase finale, l\u2019intensit\u00e9, c\u2019est tout.<\/p>\n<p>Source : Rugbyrama<\/p>\n<p><img loading=\"lazy\" src=\"data:image\/svg+xml,%3Csvg%20xmlns=\" http:=\"\" height=\"100\" width=\"100\" class=\" sp-no-webp\" alt=\"whatsapp image 2024 07 31 at 09.08.32\" decoding=\"async\" data-lazy-src=\"https:\/\/www.europesays.com\/fr\/wp-content\/uploads\/2025\/04\/whatsapp-image-2024-07-31-at-09.08.32-e1727245864215.jpeg\"\/> <\/p>\n<p>J\u2019ai grandi dans une famille o\u00f9 le rugby \u00e9tait de tous les moments. J\u2019\u00e9tais au bord du terrain quand Castres a battu Pau et a rejoint l\u2019\u00e9lite, j\u2019\u00e9tais dans le Stade Pierre Antoine face \u00e0 Gary Whetton quand il a fait son Haka pour c\u00e9l\u00e9brer le Brennus de 1993 et j\u2019ai toujours \u00e9t\u00e9 berc\u00e9 des l\u00e9gendes de ce sport. Maintenant, c\u2019est avec XV Ovalie que j\u2019entends prolonger l\u2019aventure. #TeamCO<\/p>\n","protected":false},"excerpt":{"rendered":"Coup dur pour le RCT : Gabin Villi\u00e8re ne jouera pas samedi soir contre Castres en barrage du&hellip;\n","protected":false},"author":2,"featured_media":167453,"comment_status":"","ping_status":"","sticky":false,"template":"","format":"standard","meta":{"footnotes":""},"categories":[9619],"tags":[1111,11,7336,1777,674,1011,27,30095,12,882,8177,25,478,2310],"class_list":{"0":"post-167452","1":"post","2":"type-post","3":"status-publish","4":"format-standard","5":"has-post-thumbnail","7":"category-toulon","8":"tag-actu","9":"tag-actualites","10":"tag-castres-olympique","11":"tag-eu","12":"tag-europe","13":"tag-fr","14":"tag-france","15":"tag-gabin-villiu00e8re","16":"tag-news","17":"tag-provence-alpes-cote-dazur","18":"tag-rc-toulon","19":"tag-republique-francaise","20":"tag-top-14","21":"tag-toulon"},"share_on_mastodon":{"url":"https:\/\/pubeurope.com\/@fr\/114663173914223870","error":""},"_links":{"self":[{"href":"https:\/\/www.europesays.com\/fr\/wp-json\/wp\/v2\/posts\/167452","targetHints":{"allow":["GET"]}}],"collection":[{"href":"https:\/\/www.europesays.com\/fr\/wp-json\/wp\/v2\/posts"}],"about":[{"href":"https:\/\/www.europesays.com\/fr\/wp-json\/wp\/v2\/types\/post"}],"author":[{"embeddable":true,"href":"https:\/\/www.europesays.com\/fr\/wp-json\/wp\/v2\/users\/2"}],"replies":[{"embeddable":true,"href":"https:\/\/www.europesays.com\/fr\/wp-json\/wp\/v2\/comments?post=167452"}],"version-history":[{"count":0,"href":"https:\/\/www.europesays.com\/fr\/wp-json\/wp\/v2\/posts\/167452\/revisions"}],"wp:featuredmedia":[{"embeddable":true,"href":"https:\/\/www.europesays.com\/fr\/wp-json\/wp\/v2\/media\/167453"}],"wp:attachment":[{"href":"https:\/\/www.europesays.com\/fr\/wp-json\/wp\/v2\/media?parent=167452"}],"wp:term":[{"taxonomy":"category","embeddable":true,"href":"https:\/\/www.europesays.com\/fr\/wp-json\/wp\/v2\/categories?post=167452"},{"taxonomy":"post_tag","embeddable":true,"href":"https:\/\/www.europesays.com\/fr\/wp-json\/wp\/v2\/tags?post=167452"}],"curies":[{"name":"wp","href":"https:\/\/api.w.org\/{rel}","templated":true}]}}